{"id":5405,"date":"2013-01-03T16:35:38","date_gmt":"2013-01-03T15:35:38","guid":{"rendered":"http:\/\/www.ulisseland.com\/journal\/?p=5405&#038;lang=it"},"modified":"2013-01-03T16:45:41","modified_gmt":"2013-01-03T15:45:41","slug":"priverno-piccole-stelle-cantano","status":"publish","type":"post","link":"https:\/\/www.ulisseland.com\/journal\/priverno-piccole-stelle-cantano\/","title":{"rendered":"PRIVERNO: PICCOLE STELLE CANTANO"},"content":{"rendered":"<p><a href=\"https:\/\/www.ulisseland.com\/journal\/wp-content\/uploads\/2013\/01\/piccole-stelle.jpg\"><img loading=\"lazy\" decoding=\"async\" class=\"aligncenter size-large wp-image-5407\" title=\"piccole stelle\" src=\"https:\/\/www.ulisseland.com\/journal\/wp-content\/uploads\/2013\/01\/piccole-stelle-724x1024.jpg\" alt=\"\" width=\"586\" height=\"828\" srcset=\"https:\/\/www.ulisseland.com\/journal\/wp-content\/uploads\/2013\/01\/piccole-stelle-724x1024.jpg 724w, https:\/\/www.ulisseland.com\/journal\/wp-content\/uploads\/2013\/01\/piccole-stelle-212x300.jpg 212w, https:\/\/www.ulisseland.com\/journal\/wp-content\/uploads\/2013\/01\/piccole-stelle-600x848.jpg 600w, https:\/\/www.ulisseland.com\/journal\/wp-content\/uploads\/2013\/01\/piccole-stelle.jpg 1754w\" sizes=\"auto, (max-width: 586px) 100vw, 586px\" \/><\/a><\/p>\n<p><em>\u2018Piccole stelle cantano\u2019<\/em>. Protagonisti, per una serata, i bambini con la passione del canto che potranno salire sul palco e vivere il loro \u2018momento di gloria\u2019.<\/p>\n<p>Con il patrocinio del Comune di Priverno, infatti, l\u2019associazione culturale Laziosat venerd\u00ec 4 gennaio organizza un concorso canoro dedicato ai bambini dai 5 ai 16 anni che si esibiranno sul palcoscenico del Teatro comunale come vere e proprie star.<\/p>\n<p>L\u2019evento curato per conto del Comune dall\u2019assessore agli affari istituzionali, Angelo Miccinilli, rientra nella campagna pro\u2013Unicef \u2018Vogliamo Zero\u2019 sostenendo le iniziative dell\u2019organizzazione mondiale.<\/p>\n<p>L\u2019appuntamento per il 4 gennaio \u00e8 alle ore 16 e l\u2019ingresso \u00e8 gratuito.<\/p>\n<p>Prima delle festivit\u00e0 natalizie, l\u2019assessore Miccinilli aveva provveduto ad inviare una lettera alle scuole della citt\u00e0 per coinvolgerle nell\u2019iniziativa.<\/p>\n<p>Oltre ad esibirsi, i bambini avranno la possibilit\u00e0 di assistere alle incredibili magie del Mago Tony e a sorpresa la Befana far\u00e0 loro visita un po\u2019 in anticipo\u2026quest\u2019anno.<\/p>\n<p>Ma non \u00e8 tutto o meglio, non \u00e8 esclusivamente dedicata ai bambini la serata del 4 che registrer\u00e0 numerosi ospiti.<\/p>\n<p>Oltre al sindaco di Priverno, Umberto Macci, e all\u2019assessore Miccinilli saranno presenti il presidente della Latina Film Commission, Rino Piccolo, il presidente provinciale dell\u2019Unicef, Angela Lusena, i campioni olimpionici Battisti e Sartori e altre personalit\u00e0 del mondo dello sport, dello spettacolo, della cultura, della musica.<\/p>\n<p>Si esibir\u00e0 in un concerto anche la pianista Larisa Sagitova.<\/p>\n<p>Comunicato dello staff del Sindaco<\/p>\n","protected":false},"excerpt":{"rendered":"<p>\u2018Piccole stelle cantano\u2019. Protagonisti, per una serata, i bambini con la passione del canto che potranno salire sul palco e vivere il loro \u2018momento di gloria\u2019. Con il patrocinio del Comune di Priverno, infatti, l\u2019associazione culturale Laziosat venerd\u00ec 4 gennaio organizza un concorso canoro dedicato ai bambini dai 5 ai 16 anni che si esibiranno<\/p>\n","protected":false},"author":1,"featured_media":0,"comment_status":"open","ping_status":"open","sticky":false,"template":"","format":"standard","meta":{"footnotes":""},"categories":[16,10,11],"tags":[],"class_list":["post-5405","post","type-post","status-publish","format-standard","hentry","category-comune-di-priverno","category-editoriale","category-enti"],"_links":{"self":[{"href":"https:\/\/www.ulisseland.com\/journal\/wp-json\/wp\/v2\/posts\/5405","targetHints":{"allow":["GET"]}}],"collection":[{"href":"https:\/\/www.ulisseland.com\/journal\/wp-json\/wp\/v2\/posts"}],"about":[{"href":"https:\/\/www.ulisseland.com\/journal\/wp-json\/wp\/v2\/types\/post"}],"author":[{"embeddable":true,"href":"https:\/\/www.ulisseland.com\/journal\/wp-json\/wp\/v2\/users\/1"}],"replies":[{"embeddable":true,"href":"https:\/\/www.ulisseland.com\/journal\/wp-json\/wp\/v2\/comments?post=5405"}],"version-history":[{"count":7,"href":"https:\/\/www.ulisseland.com\/journal\/wp-json\/wp\/v2\/posts\/5405\/revisions"}],"predecessor-version":[{"id":5410,"href":"https:\/\/www.ulisseland.com\/journal\/wp-json\/wp\/v2\/posts\/5405\/revisions\/5410"}],"wp:attachment":[{"href":"https:\/\/www.ulisseland.com\/journal\/wp-json\/wp\/v2\/media?parent=5405"}],"wp:term":[{"taxonomy":"category","embeddable":true,"href":"https:\/\/www.ulisseland.com\/journal\/wp-json\/wp\/v2\/categories?post=5405"},{"taxonomy":"post_tag","embeddable":true,"href":"https:\/\/www.ulisseland.com\/journal\/wp-json\/wp\/v2\/tags?post=5405"}],"curies":[{"name":"wp","href":"https:\/\/api.w.org\/{rel}","templated":true}]}}