{"id":5401,"date":"2012-12-19T10:14:18","date_gmt":"2012-12-19T09:14:18","guid":{"rendered":"http:\/\/www.ulisseland.com\/journal\/?p=5401&#038;lang=it"},"modified":"2012-12-19T10:14:18","modified_gmt":"2012-12-19T09:14:18","slug":"formia-sequestrato-il-deposito-rifiuti-ex-enaoli","status":"publish","type":"post","link":"https:\/\/www.ulisseland.com\/journal\/formia-sequestrato-il-deposito-rifiuti-ex-enaoli\/","title":{"rendered":"FORMIA: Sequestrato il deposito rifiuti ex Enaoli"},"content":{"rendered":"<p><strong><a href=\"https:\/\/www.ulisseland.com\/journal\/wp-content\/uploads\/2012\/12\/Depuratore.jpg\"><img loading=\"lazy\" decoding=\"async\" class=\"alignleft size-medium wp-image-5402\" title=\"Depuratore\" src=\"https:\/\/www.ulisseland.com\/journal\/wp-content\/uploads\/2012\/12\/Depuratore-300x225.jpg\" alt=\"\" width=\"300\" height=\"225\" srcset=\"https:\/\/www.ulisseland.com\/journal\/wp-content\/uploads\/2012\/12\/Depuratore-300x225.jpg 300w, https:\/\/www.ulisseland.com\/journal\/wp-content\/uploads\/2012\/12\/Depuratore-600x450.jpg 600w, https:\/\/www.ulisseland.com\/journal\/wp-content\/uploads\/2012\/12\/Depuratore.jpg 704w\" sizes=\"auto, (max-width: 300px) 100vw, 300px\" \/><\/a>La denuncia di Rifondazione comunista.<\/strong><\/p>\n<p>Sono oltre tre mesi che presso il centro comunale di raccolta rifiuti urbani, che si trova in localit\u00e0 ex Enaoli, \u00e8 stato effettuato da parte delle forze dell&#8217;ordine il sequestro della vasca in cemento nella quale venivano abitualmente scaricati i rifiuti raccolti dal personale, che successivamente venivano trasferiti nei tir per poi essere trasportati presso la discarica di cui si serve abitualmente il comune di Formia<\/p>\n<p>Ora ci risulta invece che i rifiuti che giungono nel centro vengano scaricati a mano dai lavoratori della Latina Ambiente nei compattatori o nei tir.<\/p>\n<p>Da quello che abbiamo potuto accertare con i nostri occhi, non avendo trovato traccia di documenti o di comunicati stampa, il problema \u00e8 probabilmente legato allo smaltimento del percolato, che \u00e8 un liquido inquinante originato dalla decomposizione dei rifiuti stessi, e che se assorbito dal terreno va ad inquinare le falde idriche, provocando danni all&#8217;ambiente, ma soprattutto alla salute pubblica.<\/p>\n<p>Per legge, il percolato deve essere captato e opportunamente trattato nel sito stesso della discarica o trasportato in impianti ad hoc debitamente autorizzati, cose che non sappiamo se siano mai avvenute nel sito in questione.<\/p>\n<p>Nello scorso agosto, allarmati dal nauseabondo odore che infestava il quartiere di Gianola, soprattutto nelle ore serali, chiedemmo conto all&#8217;amministrazione comunale del problema, ma ovviamente non ricevemmo alcuna risposta.<\/p>\n<p>Due le ipotesi che formulammo: una riguardava il depuratore gestito da Acqualatina, che aveva subito, agli inizi del 2011, due sversamenti di liquami lungo la strada nel quartiere avvenuto nel gennaio del 2011, con i relativi problemi igienico-sanitario.<\/p>\n<p>L&#8217;altra invece \u00e8 che tali miasmi provenissero proprio dal centro comunale di raccolta rifiuti urbani, il cui funzionamento \u00e8 stato consentito per tutto il 2011 da una doppia proroga a firma del sindaco Michele Forte.<\/p>\n<p>La storia del centro \u00e8 molto sofferta, infatti la prima proroga autorizzava la prosecuzione dell&#8217;operativit\u00e0 del centro comunale fino al 30 giugno 2011 (ordinanza urgente n.77 del 30 dicembre 2010) e la seconda invece fino al 30 dicembre 2011 (ordinanza urgente n.47 del 30 giugno 2011). E per il 2012 come si \u00e8 proceduto? E per il prossimo anno?<\/p>\n<p>Poi, spulciando il PROGRAMMA TRIENNALE DELLE OPERE PUBBLICHE 2012\/2014 DELL&#8217;AMMINISTRAZIONE approvato dal consiglio comunale con delibera n.5 del 13 febbraio 2012, abbiamo potuto verificare che sono stati stanziati 550mila per &#8220;AMPLIAMENTO E MESSA A NORMA DELL&#8217;ECOCENTRO EX ENAOLI&#8221;.<\/p>\n<p>Chiedemmo inoltre di valutare l&#8217;idoneit\u00e0 del centro comunale di raccolta rifiuti urbani e suggerimmo di procedere ad un&#8217;immediata verifica della situazione, e, ove fossero riscontrate irregolarit\u00e0, di procedere immediatamente ad una bonifica e ad una messa in sicurezza dell&#8217;intera area.<\/p>\n<p>Probabilmente, prima dell&#8217;intervento del comune, sono intervenute le forze dell&#8217;ordine, che hanno valutato necessario sequestrare la vasca, onde evitare pericolose infiltrazioni del percolato nel terreno.<\/p>\n<p>Rimane il mistero del perch\u00e9 ,da parte degli assessori e dei consiglieri comunali, sempre pronti a trasformarsi nel megafono del sindaco Forte, non si sia provveduto ad informare la popolazione di Gianola circa il problema, tranquillizzandola che il centro comunale di raccolta rifiuti urbani sarebbe stato stato prontamente bonificato.<\/p>\n<p>Non vorremo per\u00f2 che oltre il sequestro della vasca ci sia altro, che per\u00f2 al momento \u00e8 ignoto ai pi\u00f9.<\/p>\n<p>Ed allora, la questione diventerebbe molto pi\u00f9 seria, perch\u00e9, senza fare inutili allarmismi, con la salute delle persone non si scherza, per quanto riguarda sia il personale che in quel luogo presta la propria opera e che probabilmente \u00e8 inconsapevole dei rischi a cui va incontro (e i sindacati nulla hanno da dire?), sia i cittadini che intorno al deposito risiedono.<\/p>\n<p>Gli elementi ci sono tutti per chiedere conto al sindaco e alla sua amministrazione, che vorremmo pi\u00f9 attenta a spendere il proprio tempo occupandosi dei bisogni della popolazione, e non a impegnarsi alle solite odiose promesse elettorali.<\/p>\n<p>Ma soprattutto rimane una domanda: A chi giova questo silenzio?<\/p>\n<p>Il Direttore<\/p>\n<p>Dott. Sergio Monforte<\/p>\n","protected":false},"excerpt":{"rendered":"<p>La denuncia di Rifondazione comunista. Sono oltre tre mesi che presso il centro comunale di raccolta rifiuti urbani, che si trova in localit\u00e0 ex Enaoli, \u00e8 stato effettuato da parte delle forze dell&#8217;ordine il sequestro della vasca in cemento nella quale venivano abitualmente scaricati i rifiuti raccolti dal personale, che successivamente venivano trasferiti nei tir<\/p>\n","protected":false},"author":1,"featured_media":0,"comment_status":"open","ping_status":"open","sticky":false,"template":"","format":"standard","meta":{"footnotes":""},"categories":[14,11],"tags":[],"class_list":["post-5401","post","type-post","status-publish","format-standard","hentry","category-comune-di-formia","category-enti"],"_links":{"self":[{"href":"https:\/\/www.ulisseland.com\/journal\/wp-json\/wp\/v2\/posts\/5401","targetHints":{"allow":["GET"]}}],"collection":[{"href":"https:\/\/www.ulisseland.com\/journal\/wp-json\/wp\/v2\/posts"}],"about":[{"href":"https:\/\/www.ulisseland.com\/journal\/wp-json\/wp\/v2\/types\/post"}],"author":[{"embeddable":true,"href":"https:\/\/www.ulisseland.com\/journal\/wp-json\/wp\/v2\/users\/1"}],"replies":[{"embeddable":true,"href":"https:\/\/www.ulisseland.com\/journal\/wp-json\/wp\/v2\/comments?post=5401"}],"version-history":[{"count":2,"href":"https:\/\/www.ulisseland.com\/journal\/wp-json\/wp\/v2\/posts\/5401\/revisions"}],"predecessor-version":[{"id":5404,"href":"https:\/\/www.ulisseland.com\/journal\/wp-json\/wp\/v2\/posts\/5401\/revisions\/5404"}],"wp:attachment":[{"href":"https:\/\/www.ulisseland.com\/journal\/wp-json\/wp\/v2\/media?parent=5401"}],"wp:term":[{"taxonomy":"category","embeddable":true,"href":"https:\/\/www.ulisseland.com\/journal\/wp-json\/wp\/v2\/categories?post=5401"},{"taxonomy":"post_tag","embeddable":true,"href":"https:\/\/www.ulisseland.com\/journal\/wp-json\/wp\/v2\/tags?post=5401"}],"curies":[{"name":"wp","href":"https:\/\/api.w.org\/{rel}","templated":true}]}}