{"id":5398,"date":"2012-12-19T10:08:40","date_gmt":"2012-12-19T09:08:40","guid":{"rendered":"http:\/\/www.ulisseland.com\/journal\/?p=5398&#038;lang=it"},"modified":"2012-12-19T10:08:40","modified_gmt":"2012-12-19T09:08:40","slug":"ponza-ripartono-i-servizi-sociali-e-la-mensa-scolastica","status":"publish","type":"post","link":"https:\/\/www.ulisseland.com\/journal\/ponza-ripartono-i-servizi-sociali-e-la-mensa-scolastica\/","title":{"rendered":"PONZA:  ripartono i Servizi sociali e la mensa scolastica"},"content":{"rendered":"<figure id=\"attachment_5168\" aria-describedby=\"caption-attachment-5168\" style=\"width: 300px\" class=\"wp-caption alignleft\"><a href=\"https:\/\/www.ulisseland.com\/journal\/wp-content\/uploads\/2012\/11\/Sindaco-di-Ponza-Piero-Vigorelli.jpg\"><img loading=\"lazy\" decoding=\"async\" class=\"size-medium wp-image-5168\" title=\"Sindaco di Ponza Piero Vigorelli\" src=\"https:\/\/www.ulisseland.com\/journal\/wp-content\/uploads\/2012\/11\/Sindaco-di-Ponza-Piero-Vigorelli-300x246.jpg\" alt=\"\" width=\"300\" height=\"246\" srcset=\"https:\/\/www.ulisseland.com\/journal\/wp-content\/uploads\/2012\/11\/Sindaco-di-Ponza-Piero-Vigorelli-300x246.jpg 300w, https:\/\/www.ulisseland.com\/journal\/wp-content\/uploads\/2012\/11\/Sindaco-di-Ponza-Piero-Vigorelli.jpg 425w\" sizes=\"auto, (max-width: 300px) 100vw, 300px\" \/><\/a><figcaption id=\"caption-attachment-5168\" class=\"wp-caption-text\">Il Sindaco di Ponza Dott. Piero Vigorelli<\/figcaption><\/figure>\n<p>\u201cE anche questa \u00e8 fatta\u201d, dice con malcelato orgoglio il Sindaco di Ponza, Piero Vigorelli, che ha appena portato a casa due provvedimenti molto attesi dalla popolazione: il ritorno alla piena operativit\u00e0 dei Servizi Sociali e la mensa scolastica per i bambini della scuola materna e elementare.<\/p>\n<p>\u201cPer i servizi sociali abbiamo dovuto fare una scalata a ritroso perch\u00e9 dal 2005 il Comune era inadempiente.\u00a0 Per nostra fortuna abbiamo trovato dirigenti comprensivi dei nostri guai alla Regione Lazio con l\u2019assessore Forte e al CISSI di Formia. Insieme abbiamo ricostruito le malefatte del passato e sanato la posizione del Comune\u201d, spiega il Sindaco.<\/p>\n<p>\u201cCon tutte le carte in regola, abbiamo cos\u00ec indetto il dovuto bando di gara con una base d\u2019asta di circa 71.000 euro, che \u00e8 stata aggiudicata l\u2019altro giorno al Consorzio Intesa, una Cooperativa Sociale Consortile Onlus della provincia di Frosinone.<\/p>\n<p>\u201cPonza avr\u00e0 di nuovo un servizio di assistenza domiciliare a favore di anziani, disabili e nuclei familiari in difficolt\u00e0; avr\u00e0 piena operativit\u00e0 il Centro socio riabilitativo con annesso centro ricreativo per i minori \u2018Il Faro\u2019; e infine saranno assicurati i servizi di protezione sociale. Per assicurare questi servizi il Consorzio Intesa assumer\u00e0 una psicologa, un assistente sociale, un fisioterapista, una logopedista e tre assistenti familiari\u201d.<\/p>\n<p>La mensa scolastica invece era stata chiusa dal Commissario Prefettizio all\u2019inizio dell\u2019anno. Anche in questo caso il Comune ha bandito un regolare bando di gara, dopo aver assicurato grazie all\u2019impegno gratuito delle ditte edili ponzesi la tinteggiatura delle aule, ed ancora grazie alla Provincia di Latina la fornitura di tavoli per la mensa e la copertura degli impianti di riscaldamento.<\/p>\n<p>Si \u00e8 aggiudicata la gara l\u2019impresa Scardiristorazione con sede legale a Roma, che assicurer\u00e0 la refezioni scolastica alle due scuole materne e alla scuola elementare, con un importo a bilancio del Comune di oltre 85.000 euro per la durata dell\u2019anno scolastico.<\/p>\n<p>\u201cMi fa piacere sottolineare, afferma il Sindaco, che nel capitolato della gara sono espressamente vietati gli alimenti OGM e l\u2019uso di carni congelate o surgelate, mentre sono privilegiati i prodotti biologici e quelli a denominazione protetta, a tutela della salute dei bambini di Ponza. Sono anche contemplati men\u00f9 dietetici, diete speciali per i celiaci, diete etico-religiose e vegetariane\u201d.<\/p>\n<p>Il Direttore<\/p>\n<p>Dott. Sergio Monforte<\/p>\n","protected":false},"excerpt":{"rendered":"<p>\u201cE anche questa \u00e8 fatta\u201d, dice con malcelato orgoglio il Sindaco di Ponza, Piero Vigorelli, che ha appena portato a casa due provvedimenti molto attesi dalla popolazione: il ritorno alla piena operativit\u00e0 dei Servizi Sociali e la mensa scolastica per i bambini della scuola materna e elementare. \u201cPer i servizi sociali abbiamo dovuto fare una<\/p>\n","protected":false},"author":1,"featured_media":0,"comment_status":"open","ping_status":"open","sticky":false,"template":"","format":"standard","meta":{"footnotes":""},"categories":[18,11],"tags":[],"class_list":["post-5398","post","type-post","status-publish","format-standard","hentry","category-comune-di-ponza","category-enti"],"_links":{"self":[{"href":"https:\/\/www.ulisseland.com\/journal\/wp-json\/wp\/v2\/posts\/5398","targetHints":{"allow":["GET"]}}],"collection":[{"href":"https:\/\/www.ulisseland.com\/journal\/wp-json\/wp\/v2\/posts"}],"about":[{"href":"https:\/\/www.ulisseland.com\/journal\/wp-json\/wp\/v2\/types\/post"}],"author":[{"embeddable":true,"href":"https:\/\/www.ulisseland.com\/journal\/wp-json\/wp\/v2\/users\/1"}],"replies":[{"embeddable":true,"href":"https:\/\/www.ulisseland.com\/journal\/wp-json\/wp\/v2\/comments?post=5398"}],"version-history":[{"count":2,"href":"https:\/\/www.ulisseland.com\/journal\/wp-json\/wp\/v2\/posts\/5398\/revisions"}],"predecessor-version":[{"id":5400,"href":"https:\/\/www.ulisseland.com\/journal\/wp-json\/wp\/v2\/posts\/5398\/revisions\/5400"}],"wp:attachment":[{"href":"https:\/\/www.ulisseland.com\/journal\/wp-json\/wp\/v2\/media?parent=5398"}],"wp:term":[{"taxonomy":"category","embeddable":true,"href":"https:\/\/www.ulisseland.com\/journal\/wp-json\/wp\/v2\/categories?post=5398"},{"taxonomy":"post_tag","embeddable":true,"href":"https:\/\/www.ulisseland.com\/journal\/wp-json\/wp\/v2\/tags?post=5398"}],"curies":[{"name":"wp","href":"https:\/\/api.w.org\/{rel}","templated":true}]}}