{"id":5389,"date":"2012-12-19T09:57:39","date_gmt":"2012-12-19T08:57:39","guid":{"rendered":"http:\/\/www.ulisseland.com\/journal\/?p=5389&#038;lang=it"},"modified":"2012-12-19T09:57:39","modified_gmt":"2012-12-19T08:57:39","slug":"formia-drammatica-la-situazione-dellospedale-dono-svizzero","status":"publish","type":"post","link":"https:\/\/www.ulisseland.com\/journal\/formia-drammatica-la-situazione-dellospedale-dono-svizzero\/","title":{"rendered":"FORMIA: Drammatica la situazione dell\u2019ospedale  \u201cDono Svizzero\u201d"},"content":{"rendered":"<p><strong><a href=\"https:\/\/www.ulisseland.com\/journal\/wp-content\/uploads\/2012\/12\/Ospedale-Dono-Svizzero1.jpg\"><img loading=\"lazy\" decoding=\"async\" class=\"alignleft size-medium wp-image-5391\" title=\"Ospedale Dono Svizzero1\" src=\"https:\/\/www.ulisseland.com\/journal\/wp-content\/uploads\/2012\/12\/Ospedale-Dono-Svizzero1-300x225.jpg\" alt=\"\" width=\"300\" height=\"225\" srcset=\"https:\/\/www.ulisseland.com\/journal\/wp-content\/uploads\/2012\/12\/Ospedale-Dono-Svizzero1-300x225.jpg 300w, https:\/\/www.ulisseland.com\/journal\/wp-content\/uploads\/2012\/12\/Ospedale-Dono-Svizzero1-600x450.jpg 600w, https:\/\/www.ulisseland.com\/journal\/wp-content\/uploads\/2012\/12\/Ospedale-Dono-Svizzero1.jpg 1024w\" sizes=\"auto, (max-width: 300px) 100vw, 300px\" \/><\/a>La denuncia di Francesco Carta del PD<\/strong><\/p>\n<p>\u201cAd un certo momento\u201d il Sindaco di Formia\u00a0 Michele Forte ed il Direttore Aziendale Renato Sponsilli cominciano\u00a0 a frequentare quasi mensilmente l\u2019Ospedale di Formia annunciando tante importanti novit\u00e0. Intanto, in data 22 Novembre 2012, il TAR Lazio ha sospeso la delibera dell\u2019ASL con cui veniva \u201ctemporaneamente\u201d disattivatala Unit\u00e0 OperativaSemplice Dipartimentale di Odontostomatologia a Gaeta. Si tratta di una tipica piroetta tragicomica della pianificazione sanitaria di quest\u2019epoca. In assenza di un piano d\u2019indirizzo, infatti ogni provvedimento reca sempre in premessa la frase aulica \u201cnelle more dell\u2019approvazione del piano d\u2019indirizzo\u201d, si adottano provvedimenti che cambiano radicalmente il volto della sanit\u00e0 pubblica ovviamente in favore dei soggetti privati. In questo caso il segno del paradosso si raggiunge con questa decisione definita \u201ctemporanea\u201d. Se non stessimo parlando di persone e di carne viva di tanti pazienti la vicenda avrebbe del comico ma in realt\u00e0 rappresenta un fatto drammatico.<\/p>\n<p>Oggi non basta gridare contro i tagli lineari,\u00a0 bisogna affrontare nel vivo le questioni come quella predetta che\u00a0 ancora, in epoca di crisi, \u00e8 mossa\u00a0 da ragioni incomprensibili sotto l\u2019aspetto di una sana e razionale pianificazione sanitaria. Vorrei\u00a0 aggiungere un altro esempio che riguarda la condizione\u00a0 delle apparecchiature ospedaliere.<\/p>\n<p><a href=\"https:\/\/www.ulisseland.com\/journal\/wp-content\/uploads\/2012\/12\/Francesco-Carta.jpg\"><img loading=\"lazy\" decoding=\"async\" class=\"alignright size-medium wp-image-5390\" title=\"Francesco Carta\" src=\"https:\/\/www.ulisseland.com\/journal\/wp-content\/uploads\/2012\/12\/Francesco-Carta-198x300.jpg\" alt=\"\" width=\"198\" height=\"300\" srcset=\"https:\/\/www.ulisseland.com\/journal\/wp-content\/uploads\/2012\/12\/Francesco-Carta-198x300.jpg 198w, https:\/\/www.ulisseland.com\/journal\/wp-content\/uploads\/2012\/12\/Francesco-Carta.jpg 400w\" sizes=\"auto, (max-width: 198px) 100vw, 198px\" \/><\/a>Nell\u2019ospedale di Formia il 27 giugno 2012 si rompe l\u2019Elettroencefalografo. Non ce n\u2019\u00e8 uno nuovo per sostituirlo. S\u2019avvia la verifica per la riparabilit\u00e0 dell\u2019apparecchio. Indizione della gara, inoltro prezzi, sospensione della gara perch\u00e9 decidono che invece di uno ne comprano tre, nuova fornitura dei prezzi, esecuzione della gara, delibera d\u2019acquisto, pausa festivit\u00e0 natalizie, fornitura dell\u2019apparecchio, collaudo e supervisioni varie, addestramento del personale, se tutto procede senz\u2019altri intoppi\u00a0 ricominceranno a fare gli elettroencefalogrammi a Formia nel\u00a0 Febbraio 2013. Nel frattempo i pazienti dell\u2019Ospedale di Formia per sottoporsi ad\u00a0 un Elettroencefalogramma vanno in ambulanza\u00a0 a Latina e gli altri cittadini\u00a0 emigrano a Cassino o a Mondragone.<\/p>\n<p>Nella Radiologia di Formia \u00e8 utilizzata una TAC multistrato (8 strati) nelle 24 ore perch\u00e9 Formia \u00e8 Dipartimento d\u2019Emergenza. A Fondi ve n\u2019\u00e8 una a 64 strati, molto pi\u00f9 veloce e con maggior potere di definizione\u00a0 che funziona solo nelle ore diurne. La TAC di Formia non possiede un banale masterizzatore per trasferire gli esami su dischetti magnetici. Di conseguenza devono stampare un numero limitato di lastre dal costo di 20 euro l\u2019una. Ogni esame viene a costare circa 200 euro a fronte di un dischetto che conterrebbe tutti le scansioni e costerebbe pochi centesimi di euro. Inoltre l\u2019archiviazione dei dati non si farebbe pi\u00f9 su lastre con notevole risparmi di risorse e spazi. Nella Radiologia di Formia sviluppano ancora le lastre con gli acidi, i cui vapori malsani vengono continuamente inalati dal personale,\u00a0 e vecchie sviluppatrici (1996-2000)\u00a0 che periodicamente si scassano\u00a0 provocando continue e costose manutenzioni. La radiodiagnostica giornaliera si fa con apparecchi in continua riparazione,\u00a0 i cui pezzi di ricambio\u00a0 ormai non si trovano pi\u00f9. Il Sindaco di Formia con\u00a0 voce melliflua chiede ai dirigenti medici:\u201dditemi, di cosa avete bisogno?\u201d. Quelli gli rappresentano esattamente\u00a0\u00a0 la situazione suddetta ma lui annuncia, assieme al Direttore Aziendale, che arriver\u00e0 presto una Risonanza Magnetica Nucleare. La Risonanza Magnetica non sostituisce la TAC,\u00a0 non si sa dove metterla e n\u00e9 con quali soldi e personale gestirla. Nel frattempo nella quotidianit\u00e0 andremo avanti con gli apparecchi esistenti. Ecco dimostrato come in epoca di crisi \u00e8 ancora possibile andare dietro alle scelte opache della politica quella che il figlio Aldo dichiarava di voler tenere fuori dagli ospedali.<\/p>\n<p>Il Direttore<\/p>\n<p>Dott. Sergio Monforte<\/p>\n","protected":false},"excerpt":{"rendered":"<p>La denuncia di Francesco Carta del PD \u201cAd un certo momento\u201d il Sindaco di Formia\u00a0 Michele Forte ed il Direttore Aziendale Renato Sponsilli cominciano\u00a0 a frequentare quasi mensilmente l\u2019Ospedale di Formia annunciando tante importanti novit\u00e0. Intanto, in data 22 Novembre 2012, il TAR Lazio ha sospeso la delibera dell\u2019ASL con cui veniva \u201ctemporaneamente\u201d disattivatala Unit\u00e0<\/p>\n","protected":false},"author":1,"featured_media":0,"comment_status":"open","ping_status":"open","sticky":false,"template":"","format":"standard","meta":{"footnotes":""},"categories":[14,11],"tags":[],"class_list":["post-5389","post","type-post","status-publish","format-standard","hentry","category-comune-di-formia","category-enti"],"_links":{"self":[{"href":"https:\/\/www.ulisseland.com\/journal\/wp-json\/wp\/v2\/posts\/5389","targetHints":{"allow":["GET"]}}],"collection":[{"href":"https:\/\/www.ulisseland.com\/journal\/wp-json\/wp\/v2\/posts"}],"about":[{"href":"https:\/\/www.ulisseland.com\/journal\/wp-json\/wp\/v2\/types\/post"}],"author":[{"embeddable":true,"href":"https:\/\/www.ulisseland.com\/journal\/wp-json\/wp\/v2\/users\/1"}],"replies":[{"embeddable":true,"href":"https:\/\/www.ulisseland.com\/journal\/wp-json\/wp\/v2\/comments?post=5389"}],"version-history":[{"count":1,"href":"https:\/\/www.ulisseland.com\/journal\/wp-json\/wp\/v2\/posts\/5389\/revisions"}],"predecessor-version":[{"id":5392,"href":"https:\/\/www.ulisseland.com\/journal\/wp-json\/wp\/v2\/posts\/5389\/revisions\/5392"}],"wp:attachment":[{"href":"https:\/\/www.ulisseland.com\/journal\/wp-json\/wp\/v2\/media?parent=5389"}],"wp:term":[{"taxonomy":"category","embeddable":true,"href":"https:\/\/www.ulisseland.com\/journal\/wp-json\/wp\/v2\/categories?post=5389"},{"taxonomy":"post_tag","embeddable":true,"href":"https:\/\/www.ulisseland.com\/journal\/wp-json\/wp\/v2\/tags?post=5389"}],"curies":[{"name":"wp","href":"https:\/\/api.w.org\/{rel}","templated":true}]}}