{"id":5305,"date":"2012-12-05T18:04:54","date_gmt":"2012-12-05T17:04:54","guid":{"rendered":"http:\/\/www.ulisseland.com\/journal\/?p=5305&#038;lang=it"},"modified":"2012-12-06T13:11:38","modified_gmt":"2012-12-06T12:11:38","slug":"gaeta-la-marina-militare-ha-festeggiato-la-patrona-santa-barbara","status":"publish","type":"post","link":"https:\/\/www.ulisseland.com\/journal\/gaeta-la-marina-militare-ha-festeggiato-la-patrona-santa-barbara\/","title":{"rendered":"GAETA: La MARINA MILITARE ha festeggiato la Patrona SANTA BARBARA"},"content":{"rendered":"<figure id=\"attachment_5306\" aria-describedby=\"caption-attachment-5306\" style=\"width: 300px\" class=\"wp-caption alignleft\"><a href=\"https:\/\/www.ulisseland.com\/journal\/wp-content\/uploads\/2012\/12\/Il-Comandante-della-Capitaneria-di-porto-di-Gaeta-Francesco-Tomas-con-il-Presidente-dellA.N.M.I.-Carlo-Andrea-Di-Nitto-e-Piero-Evangelista.jpg\"><img loading=\"lazy\" decoding=\"async\" class=\" wp-image-5306   \" title=\"Il Comandante della Capitaneria di porto di Gaeta Francesco Tomas, con il Presidente dell'A.N.M.I. Carlo Andrea Di Nitto e Piero Evangelista\" src=\"https:\/\/www.ulisseland.com\/journal\/wp-content\/uploads\/2012\/12\/Il-Comandante-della-Capitaneria-di-porto-di-Gaeta-Francesco-Tomas-con-il-Presidente-dellA.N.M.I.-Carlo-Andrea-Di-Nitto-e-Piero-Evangelista-1024x768.jpg\" alt=\"\" width=\"300\" height=\"225\" srcset=\"https:\/\/www.ulisseland.com\/journal\/wp-content\/uploads\/2012\/12\/Il-Comandante-della-Capitaneria-di-porto-di-Gaeta-Francesco-Tomas-con-il-Presidente-dellA.N.M.I.-Carlo-Andrea-Di-Nitto-e-Piero-Evangelista-1024x768.jpg 1024w, https:\/\/www.ulisseland.com\/journal\/wp-content\/uploads\/2012\/12\/Il-Comandante-della-Capitaneria-di-porto-di-Gaeta-Francesco-Tomas-con-il-Presidente-dellA.N.M.I.-Carlo-Andrea-Di-Nitto-e-Piero-Evangelista-300x225.jpg 300w, https:\/\/www.ulisseland.com\/journal\/wp-content\/uploads\/2012\/12\/Il-Comandante-della-Capitaneria-di-porto-di-Gaeta-Francesco-Tomas-con-il-Presidente-dellA.N.M.I.-Carlo-Andrea-Di-Nitto-e-Piero-Evangelista-600x450.jpg 600w\" sizes=\"auto, (max-width: 300px) 100vw, 300px\" \/><\/a><figcaption id=\"caption-attachment-5306\" class=\"wp-caption-text\">Il Comandante della Capitaneria di porto di Gaeta Francesco Tomas, con il Presidente dell&#39;A.N.M.I. Carlo Andrea Di Nitto e Piero Evangelista<\/figcaption><\/figure>\n<p>Alla presenza del Contrammiraglio Francesco Maria de Biase, Comandante del Comando Militare Marittimo Autonomo della Capitale, \u00e8 stata celebrata, a Gaeta, nel Santuario della Santissima Annunziata, la festivit\u00e0 di Santa Barbara, Patrona della Marina Militare.<\/p>\n<figure id=\"attachment_5328\" aria-describedby=\"caption-attachment-5328\" style=\"width: 292px\" class=\"wp-caption alignright\"><a href=\"https:\/\/www.ulisseland.com\/journal\/wp-content\/uploads\/2012\/12\/Il-Contrammiraglio-Francesco-Maria-de-Biase-con-S.E.-Mons.-Fabio-Bernardo-DOnorio.jpg\"><img loading=\"lazy\" decoding=\"async\" class=\" wp-image-5328      \" title=\"Il Contrammiraglio Francesco Maria de Biase con S.E. Mons. Fabio Bernardo D'Onorio\" src=\"https:\/\/www.ulisseland.com\/journal\/wp-content\/uploads\/2012\/12\/Il-Contrammiraglio-Francesco-Maria-de-Biase-con-S.E.-Mons.-Fabio-Bernardo-DOnorio-1024x735.jpg\" alt=\"\" width=\"292\" height=\"209\" srcset=\"https:\/\/www.ulisseland.com\/journal\/wp-content\/uploads\/2012\/12\/Il-Contrammiraglio-Francesco-Maria-de-Biase-con-S.E.-Mons.-Fabio-Bernardo-DOnorio-1024x735.jpg 1024w, https:\/\/www.ulisseland.com\/journal\/wp-content\/uploads\/2012\/12\/Il-Contrammiraglio-Francesco-Maria-de-Biase-con-S.E.-Mons.-Fabio-Bernardo-DOnorio-300x215.jpg 300w, https:\/\/www.ulisseland.com\/journal\/wp-content\/uploads\/2012\/12\/Il-Contrammiraglio-Francesco-Maria-de-Biase-con-S.E.-Mons.-Fabio-Bernardo-DOnorio-600x431.jpg 600w\" sizes=\"auto, (max-width: 292px) 100vw, 292px\" \/><\/a><figcaption id=\"caption-attachment-5328\" class=\"wp-caption-text\">Il Contrammiraglio Francesco Maria de Biase con S.E. Mons. Fabio Bernardo D&#39;Onorio<\/figcaption><\/figure>\n<p>La ricorrenza \u00e8 stata festeggiata in maniera ufficiale, con una Messa solenne officiata dall\u2019Arcivescovo di Gaeta, Mons. Fabio Bernardo D\u2019Onorio ed alla quale hanno partecipato anche il Prefetto di Latina, Antonio D\u2019Acunto, il Questore Alberto Intini, i Sindaci del comprensorio e le altre massime autorit\u00e0, civili e militari, della provincia, tra cui, il Presidente dell\u2019Associazione Nazionale Marinai d\u2019Italia di Gaeta, Cap. Carlo Andrea Di Nitto.<\/p>\n<p>A fare gli onori di casa, il Comandante della Capitaneria di porto di Gaeta, Francesco Tomas ed il Sindaco Cosmo Mitrano, mentre lungo la navata centrale del Santuario dell\u2019Annunziata, gremita di pubblico e, soprattutto, dalla grande famiglia marinara, oltre ai marinai, con i gagliardetti della Marina militare, ha fatto ala il plotone d\u2019onore dell\u2019Istituto Nautico \u201cG. Caboto\u201d, guidato dal dirigente scolastico Salvatore Di Tucci e dal prof. Angelo Soprano.<\/p>\n<p>Al termine della cerimonia religiosa, il Contrammiraglio Francesco Maria de Biase, accompagnato da S.E. Rev.ma, Mons. D\u2019Onorio, ha visitato la stupenda \u201cCappella d\u2019oro\u201d, dove Pio IX concep\u00ec il Dogma dell\u2019Immacolata e, successivamente, si \u00e8 intrattenuto, dinanzi al Santuario della Santissima Annunziata con le autorit\u00e0 intervenute.<\/p>\n<p align=\"center\"><strong><a href=\"https:\/\/www.ulisseland.com\/journal\/wp-content\/uploads\/2012\/12\/DSCF3235.jpg\"><img loading=\"lazy\" decoding=\"async\" class=\"alignright  wp-image-5310\" title=\"DSCF3235\" src=\"https:\/\/www.ulisseland.com\/journal\/wp-content\/uploads\/2012\/12\/DSCF3235-1024x765.jpg\" alt=\"\" width=\"410\" height=\"306\" srcset=\"https:\/\/www.ulisseland.com\/journal\/wp-content\/uploads\/2012\/12\/DSCF3235-1024x765.jpg 1024w, https:\/\/www.ulisseland.com\/journal\/wp-content\/uploads\/2012\/12\/DSCF3235-300x224.jpg 300w, https:\/\/www.ulisseland.com\/journal\/wp-content\/uploads\/2012\/12\/DSCF3235-600x448.jpg 600w\" sizes=\"auto, (max-width: 410px) 100vw, 410px\" \/><\/a>La storia della Patrona della Marina Militare:<\/strong><strong>\u00a0<\/strong><\/p>\n<p>Santa Barbara nacque nel III secolo D.C. in Asia minore, in quella che \u00e8 l&#8217;attuale Izmit, porto della Turchia, a quei tempi Nicomedia, per poi trasferirsi a Scandriglia, in provincia di Rieti. La leggenda vuole che\u00a0 suo padre Dioscuro, di religione pagana, l&#8217;avesse rinchiusa in una torre, per proteggerla dai suoi pretendenti. Inoltre, per evitare che utilizzasse le terme pubbliche, gliene fece costruire di private. Barbara, vedendo che nel progetto vi erano solamente due finestre, ordin\u00f2 ai costruttori di aggiungerne una terza, con l&#8217;intenzione di richiamare il concetto di trinit\u00e0. Quando il padre vide la modifica alla costruzione intu\u00ec che la figlia poteva esser diventata cristiana e decise allora di denunciare sua figlia al magistrato romano che, in quei tempi di persecuzione, la condann\u00f2 alla decapitazione. Era il 4 dicembre dell&#8217;anno 306. Secondo la leggenda, Dioscuro procedette all&#8217;esecuzione dopo averla torturata col fuoco, ma subito dopo, venne colpito ed ucciso da un fulmine, interpretato come punizione divina per il suo gesto. \u00c8 invocata contro la morte improvvisa per fuoco, perci\u00f2, gli esplosivi ed i luoghi dove vengono di solito conservati, sono spesso chiamati &#8220;santabarbara&#8221; in suo onore.<\/p>\n<p>Il Direttore<\/p>\n<p>Dott. Sergio Monforte<\/p>\n<table border=\"0\">\n<tbody>\n<tr>\n<td><a href=\"https:\/\/www.ulisseland.com\/journal\/wp-content\/uploads\/2012\/12\/DSCF3227.jpg\"><img loading=\"lazy\" decoding=\"async\" class=\"aligncenter  wp-image-5312\" title=\"DSCF3227\" src=\"https:\/\/www.ulisseland.com\/journal\/wp-content\/uploads\/2012\/12\/DSCF3227-1024x768.jpg\" alt=\"\" width=\"390\" height=\"293\" srcset=\"https:\/\/www.ulisseland.com\/journal\/wp-content\/uploads\/2012\/12\/DSCF3227-1024x768.jpg 1024w, https:\/\/www.ulisseland.com\/journal\/wp-content\/uploads\/2012\/12\/DSCF3227-300x225.jpg 300w, https:\/\/www.ulisseland.com\/journal\/wp-content\/uploads\/2012\/12\/DSCF3227-600x450.jpg 600w\" sizes=\"auto, (max-width: 390px) 100vw, 390px\" \/><\/a><\/td>\n<td><a href=\"https:\/\/www.ulisseland.com\/journal\/wp-content\/uploads\/2012\/12\/DSCF3228.jpg\"><img loading=\"lazy\" decoding=\"async\" class=\"aligncenter\" title=\"DSCF3228\" src=\"https:\/\/www.ulisseland.com\/journal\/wp-content\/uploads\/2012\/12\/DSCF3228-1024x892.jpg\" alt=\"\" width=\"373\" height=\"323\" \/><\/a><a href=\"https:\/\/www.ulisseland.com\/journal\/wp-content\/uploads\/2012\/12\/DSCF3226.jpg\"><br \/>\n<\/a><\/td>\n<\/tr>\n<tr>\n<td><a href=\"https:\/\/www.ulisseland.com\/journal\/wp-content\/uploads\/2012\/12\/DSCF3234.jpg\"><br \/>\n<\/a><a href=\"https:\/\/www.ulisseland.com\/journal\/wp-content\/uploads\/2012\/12\/DSCF3226.jpg\"><img loading=\"lazy\" decoding=\"async\" class=\"aligncenter\" title=\"DSCF3226\" src=\"https:\/\/www.ulisseland.com\/journal\/wp-content\/uploads\/2012\/12\/DSCF3226-768x1024.jpg\" alt=\"\" width=\"298\" height=\"398\" \/><\/a><a href=\"https:\/\/www.ulisseland.com\/journal\/wp-content\/uploads\/2012\/12\/DSCF3234.jpg\"><br \/>\n<\/a><\/td>\n<td><a href=\"https:\/\/www.ulisseland.com\/journal\/wp-content\/uploads\/2012\/12\/DSCF3231.jpg\"><br \/>\n<\/a><a href=\"https:\/\/www.ulisseland.com\/journal\/wp-content\/uploads\/2012\/12\/DSCF3234.jpg\"><img loading=\"lazy\" decoding=\"async\" class=\"aligncenter\" title=\"DSCF3234\" src=\"https:\/\/www.ulisseland.com\/journal\/wp-content\/uploads\/2012\/12\/DSCF3234-768x1024.jpg\" alt=\"\" width=\"315\" height=\"421\" \/><\/a><a href=\"https:\/\/www.ulisseland.com\/journal\/wp-content\/uploads\/2012\/12\/DSCF3231.jpg\"><br \/>\n<\/a><\/td>\n<\/tr>\n<tr>\n<td><a href=\"https:\/\/www.ulisseland.com\/journal\/wp-content\/uploads\/2012\/12\/DSCF3228.jpg\"><br \/>\n<\/a><a href=\"https:\/\/www.ulisseland.com\/journal\/wp-content\/uploads\/2012\/12\/DSCF3231.jpg\"><img loading=\"lazy\" decoding=\"async\" class=\"aligncenter\" title=\"DSCF3231\" src=\"https:\/\/www.ulisseland.com\/journal\/wp-content\/uploads\/2012\/12\/DSCF3231-1024x732.jpg\" alt=\"\" width=\"378\" height=\"270\" \/><\/a><a href=\"https:\/\/www.ulisseland.com\/journal\/wp-content\/uploads\/2012\/12\/DSCF3228.jpg\"><br \/>\n<\/a><\/td>\n<td><a href=\"https:\/\/www.ulisseland.com\/journal\/wp-content\/uploads\/2012\/12\/DSCF3240.jpg\"><img loading=\"lazy\" decoding=\"async\" class=\"aligncenter  wp-image-5327\" title=\"DSCF3240\" src=\"https:\/\/www.ulisseland.com\/journal\/wp-content\/uploads\/2012\/12\/DSCF3240-1024x749.jpg\" alt=\"\" width=\"387\" height=\"283\" srcset=\"https:\/\/www.ulisseland.com\/journal\/wp-content\/uploads\/2012\/12\/DSCF3240-1024x749.jpg 1024w, https:\/\/www.ulisseland.com\/journal\/wp-content\/uploads\/2012\/12\/DSCF3240-300x219.jpg 300w, https:\/\/www.ulisseland.com\/journal\/wp-content\/uploads\/2012\/12\/DSCF3240-600x439.jpg 600w\" sizes=\"auto, (max-width: 387px) 100vw, 387px\" \/><\/a><\/td>\n<\/tr>\n<tr>\n<td><a href=\"https:\/\/www.ulisseland.com\/journal\/wp-content\/uploads\/2012\/12\/DSCF3237.jpg\"><img loading=\"lazy\" decoding=\"async\" class=\"aligncenter  wp-image-5326\" title=\"DSCF3237\" src=\"https:\/\/www.ulisseland.com\/journal\/wp-content\/uploads\/2012\/12\/DSCF3237-1024x766.jpg\" alt=\"\" width=\"397\" height=\"298\" srcset=\"https:\/\/www.ulisseland.com\/journal\/wp-content\/uploads\/2012\/12\/DSCF3237-1024x766.jpg 1024w, https:\/\/www.ulisseland.com\/journal\/wp-content\/uploads\/2012\/12\/DSCF3237-300x224.jpg 300w, https:\/\/www.ulisseland.com\/journal\/wp-content\/uploads\/2012\/12\/DSCF3237-600x449.jpg 600w\" sizes=\"auto, (max-width: 397px) 100vw, 397px\" \/><\/a><\/td>\n<td>\u00a0<a href=\"https:\/\/www.ulisseland.com\/journal\/wp-content\/uploads\/2012\/12\/DSCF3236.jpg\"><img loading=\"lazy\" decoding=\"async\" class=\"aligncenter  wp-image-5325\" title=\"DSCF3236\" src=\"https:\/\/www.ulisseland.com\/journal\/wp-content\/uploads\/2012\/12\/DSCF3236-1024x752.jpg\" alt=\"\" width=\"380\" height=\"279\" srcset=\"https:\/\/www.ulisseland.com\/journal\/wp-content\/uploads\/2012\/12\/DSCF3236-1024x752.jpg 1024w, https:\/\/www.ulisseland.com\/journal\/wp-content\/uploads\/2012\/12\/DSCF3236-300x220.jpg 300w, https:\/\/www.ulisseland.com\/journal\/wp-content\/uploads\/2012\/12\/DSCF3236-600x440.jpg 600w\" sizes=\"auto, (max-width: 380px) 100vw, 380px\" \/><\/a><\/td>\n<\/tr>\n<\/tbody>\n<\/table>\n<p>&nbsp;<\/p>\n<p>&nbsp;<\/p>\n<p>&nbsp;<\/p>\n","protected":false},"excerpt":{"rendered":"<p>Alla presenza del Contrammiraglio Francesco Maria de Biase, Comandante del Comando Militare Marittimo Autonomo della Capitale, \u00e8 stata celebrata, a Gaeta, nel Santuario della Santissima Annunziata, la festivit\u00e0 di Santa Barbara, Patrona della Marina Militare. La ricorrenza \u00e8 stata festeggiata in maniera ufficiale, con una Messa solenne officiata dall\u2019Arcivescovo di Gaeta, Mons. Fabio Bernardo D\u2019Onorio<\/p>\n","protected":false},"author":1,"featured_media":0,"comment_status":"open","ping_status":"open","sticky":false,"template":"","format":"standard","meta":{"footnotes":""},"categories":[14,20,27,18,24,38,10,11],"tags":[],"class_list":["post-5305","post","type-post","status-publish","format-standard","hentry","category-comune-di-formia","category-comune-di-gaeta","category-comune-di-minturno","category-comune-di-ponza","category-comunedisperlonga","category-comune-di-ventotene","category-editoriale","category-enti"],"_links":{"self":[{"href":"https:\/\/www.ulisseland.com\/journal\/wp-json\/wp\/v2\/posts\/5305","targetHints":{"allow":["GET"]}}],"collection":[{"href":"https:\/\/www.ulisseland.com\/journal\/wp-json\/wp\/v2\/posts"}],"about":[{"href":"https:\/\/www.ulisseland.com\/journal\/wp-json\/wp\/v2\/types\/post"}],"author":[{"embeddable":true,"href":"https:\/\/www.ulisseland.com\/journal\/wp-json\/wp\/v2\/users\/1"}],"replies":[{"embeddable":true,"href":"https:\/\/www.ulisseland.com\/journal\/wp-json\/wp\/v2\/comments?post=5305"}],"version-history":[{"count":15,"href":"https:\/\/www.ulisseland.com\/journal\/wp-json\/wp\/v2\/posts\/5305\/revisions"}],"predecessor-version":[{"id":5329,"href":"https:\/\/www.ulisseland.com\/journal\/wp-json\/wp\/v2\/posts\/5305\/revisions\/5329"}],"wp:attachment":[{"href":"https:\/\/www.ulisseland.com\/journal\/wp-json\/wp\/v2\/media?parent=5305"}],"wp:term":[{"taxonomy":"category","embeddable":true,"href":"https:\/\/www.ulisseland.com\/journal\/wp-json\/wp\/v2\/categories?post=5305"},{"taxonomy":"post_tag","embeddable":true,"href":"https:\/\/www.ulisseland.com\/journal\/wp-json\/wp\/v2\/tags?post=5305"}],"curies":[{"name":"wp","href":"https:\/\/api.w.org\/{rel}","templated":true}]}}