{"id":5263,"date":"2012-11-28T20:14:58","date_gmt":"2012-11-28T19:14:58","guid":{"rendered":"http:\/\/www.ulisseland.com\/journal\/?p=5263&#038;lang=it"},"modified":"2012-11-28T20:24:58","modified_gmt":"2012-11-28T19:24:58","slug":"rieletto-il-presidente-forte-al-cosind-di-gaeta-e-tutto-lex-consiglio-di-amministrazione","status":"publish","type":"post","link":"https:\/\/www.ulisseland.com\/journal\/rieletto-il-presidente-forte-al-cosind-di-gaeta-e-tutto-lex-consiglio-di-amministrazione\/","title":{"rendered":"RIELETTO IL PRESIDENTE FORTE AL COSIND di GAETA E TUTTO L\u2019EX CONSIGLIO DI AMMINISTRAZIONE"},"content":{"rendered":"<figure id=\"attachment_5266\" aria-describedby=\"caption-attachment-5266\" style=\"width: 270px\" class=\"wp-caption alignleft\"><a href=\"https:\/\/www.ulisseland.com\/journal\/wp-content\/uploads\/2012\/11\/DSCF3221.jpg\"><img loading=\"lazy\" decoding=\"async\" class=\"size-medium wp-image-5266 \" title=\"DSCF3221\" src=\"https:\/\/www.ulisseland.com\/journal\/wp-content\/uploads\/2012\/11\/DSCF3221-270x300.jpg\" alt=\"\" width=\"270\" height=\"300\" srcset=\"https:\/\/www.ulisseland.com\/journal\/wp-content\/uploads\/2012\/11\/DSCF3221-270x300.jpg 270w, https:\/\/www.ulisseland.com\/journal\/wp-content\/uploads\/2012\/11\/DSCF3221-924x1024.jpg 924w, https:\/\/www.ulisseland.com\/journal\/wp-content\/uploads\/2012\/11\/DSCF3221-600x664.jpg 600w\" sizes=\"auto, (max-width: 270px) 100vw, 270px\" \/><\/a><figcaption id=\"caption-attachment-5266\" class=\"wp-caption-text\">Il Presidente riconfermato Avv. Salvatore Forte<\/figcaption><\/figure>\n<p>&nbsp;<\/p>\n<p>L\u2019avvocato Salvatore Forte, capogruppo del Pdl al Comune di Formia, \u00e8 stato riconfermato, all\u2019unanimit\u00e0, nella carica di Presidente del Consorzio per lo Sviluppo Industriale del Sud-pontino. L\u2019assemblea dei sindaci dei 12 Comuni del comprensorio, dei rappresentanti della Provincia, della Camera di Commercio di Latina e della Federlazio, per il rinnovo del Consiglio di Amministrazione dell\u2019Ente, si \u00e8 svolta regolarmente e senza intoppi, luned\u00ec sera, presso la sede del Cosind in localit\u00e0 Bevano a Gaeta, dove si \u00e8 ampiamente registrato il numero legale, nonostante certi giochetti dell\u2019ultima ora, portati avanti da una ben determinata componente politica che pretendeva, non si comprende perch\u00e9, un rinvio dell\u2019assise.<\/p>\n<figure id=\"attachment_5267\" aria-describedby=\"caption-attachment-5267\" style=\"width: 300px\" class=\"wp-caption alignright\"><a href=\"https:\/\/www.ulisseland.com\/journal\/wp-content\/uploads\/2012\/11\/DSCF3223.jpg\"><img loading=\"lazy\" decoding=\"async\" class=\"size-medium wp-image-5267\" title=\"DSCF3223\" src=\"https:\/\/www.ulisseland.com\/journal\/wp-content\/uploads\/2012\/11\/DSCF3223-300x225.jpg\" alt=\"\" width=\"300\" height=\"225\" srcset=\"https:\/\/www.ulisseland.com\/journal\/wp-content\/uploads\/2012\/11\/DSCF3223-300x225.jpg 300w, https:\/\/www.ulisseland.com\/journal\/wp-content\/uploads\/2012\/11\/DSCF3223-1024x768.jpg 1024w, https:\/\/www.ulisseland.com\/journal\/wp-content\/uploads\/2012\/11\/DSCF3223-600x450.jpg 600w\" sizes=\"auto, (max-width: 300px) 100vw, 300px\" \/><\/a><figcaption id=\"caption-attachment-5267\" class=\"wp-caption-text\">Forte con i Consiglieri di Amministrazione, tutti riconfermati<\/figcaption><\/figure>\n<p>L\u2019Avv. Salvatore Forte \u00e8 stato rieletto all\u2019unanimit\u00e0, per il prossimo triennio e, in questa prima fase, ha riconfermato, in toto, tutti i membri del Consiglio direttivo uscente, composto, tra gli altri, dal vicepresidente Stefano Paone, da Antimo Merenna di Formia, da Federico Carnevale di Monte San Biagio e dall\u2019ex sindaco di San Cosma e Damiano, Franco Taddeo.<\/p>\n<figure id=\"attachment_5265\" aria-describedby=\"caption-attachment-5265\" style=\"width: 586px\" class=\"wp-caption alignright\"><a href=\"https:\/\/www.ulisseland.com\/journal\/wp-content\/uploads\/2012\/11\/DSCF3216.jpg\"><img loading=\"lazy\" decoding=\"async\" class=\"size-large wp-image-5265\" title=\"DSCF3216\" src=\"https:\/\/www.ulisseland.com\/journal\/wp-content\/uploads\/2012\/11\/DSCF3216-1024x768.jpg\" alt=\"\" width=\"586\" height=\"439\" srcset=\"https:\/\/www.ulisseland.com\/journal\/wp-content\/uploads\/2012\/11\/DSCF3216-1024x768.jpg 1024w, https:\/\/www.ulisseland.com\/journal\/wp-content\/uploads\/2012\/11\/DSCF3216-300x225.jpg 300w, https:\/\/www.ulisseland.com\/journal\/wp-content\/uploads\/2012\/11\/DSCF3216-600x450.jpg 600w\" sizes=\"auto, (max-width: 586px) 100vw, 586px\" \/><\/a><figcaption id=\"caption-attachment-5265\" class=\"wp-caption-text\">Il Presidente Forte in una presentazione dei progetti del Consorzio Industriale<\/figcaption><\/figure>\n<p>Nel suo applaudito intervento di fine ed inizio mandato, il presidente Forte ha annunciato il passaggio al patrimonio immobiliare del Consorzio, che gode di una buona salute finanziaria, di alcuni ex siti industriali, come l\u2019ex Blue Fish di Penitro, l\u2019ex cravattificio Gino Pompei di Formia e l\u2019ex Galpi di Minturno, nonch\u00e9 l\u2019imminente consegna da parte della Regione, probabilmente, gi\u00e0 per la fine dell\u2019anno, del tratto riattivato della Littorina Formia-Gaeta, sino in localit\u00e0 Bevano, per renderlo funzionale entro la prossima estate. Ma soprattutto, il presidente Salvatore Forte ha rilanciato, con forza, il progetto di dare vita ad un \u201cpatto per il lavoro\u201d con tutte le amministrazioni locali ed i sindacati, riscuotendo l\u2019unanimit\u00e0 dei consensi.<\/p>\n<p>&nbsp;<\/p>\n<p>Il Direttore Dott. Sergio Monforte<\/p>\n","protected":false},"excerpt":{"rendered":"<p>&nbsp; L\u2019avvocato Salvatore Forte, capogruppo del Pdl al Comune di Formia, \u00e8 stato riconfermato, all\u2019unanimit\u00e0, nella carica di Presidente del Consorzio per lo Sviluppo Industriale del Sud-pontino. L\u2019assemblea dei sindaci dei 12 Comuni del comprensorio, dei rappresentanti della Provincia, della Camera di Commercio di Latina e della Federlazio, per il rinnovo del Consiglio di Amministrazione<\/p>\n","protected":false},"author":1,"featured_media":0,"comment_status":"open","ping_status":"open","sticky":false,"template":"","format":"standard","meta":{"footnotes":""},"categories":[39,14,20,50,27,18,24,28,37,38,13,11],"tags":[],"class_list":["post-5263","post","type-post","status-publish","format-standard","hentry","category-comune-di-castelforte","category-comune-di-formia","category-comune-di-gaeta","category-comune-di-itri","category-comune-di-minturno","category-comune-di-ponza","category-comunedisperlonga","category-comune-di-spigno-saturnia","category-comune-di-ss-cosma-e-damiano","category-comune-di-ventotene","category-cronaca","category-enti"],"_links":{"self":[{"href":"https:\/\/www.ulisseland.com\/journal\/wp-json\/wp\/v2\/posts\/5263","targetHints":{"allow":["GET"]}}],"collection":[{"href":"https:\/\/www.ulisseland.com\/journal\/wp-json\/wp\/v2\/posts"}],"about":[{"href":"https:\/\/www.ulisseland.com\/journal\/wp-json\/wp\/v2\/types\/post"}],"author":[{"embeddable":true,"href":"https:\/\/www.ulisseland.com\/journal\/wp-json\/wp\/v2\/users\/1"}],"replies":[{"embeddable":true,"href":"https:\/\/www.ulisseland.com\/journal\/wp-json\/wp\/v2\/comments?post=5263"}],"version-history":[{"count":2,"href":"https:\/\/www.ulisseland.com\/journal\/wp-json\/wp\/v2\/posts\/5263\/revisions"}],"predecessor-version":[{"id":5269,"href":"https:\/\/www.ulisseland.com\/journal\/wp-json\/wp\/v2\/posts\/5263\/revisions\/5269"}],"wp:attachment":[{"href":"https:\/\/www.ulisseland.com\/journal\/wp-json\/wp\/v2\/media?parent=5263"}],"wp:term":[{"taxonomy":"category","embeddable":true,"href":"https:\/\/www.ulisseland.com\/journal\/wp-json\/wp\/v2\/categories?post=5263"},{"taxonomy":"post_tag","embeddable":true,"href":"https:\/\/www.ulisseland.com\/journal\/wp-json\/wp\/v2\/tags?post=5263"}],"curies":[{"name":"wp","href":"https:\/\/api.w.org\/{rel}","templated":true}]}}