{"id":5256,"date":"2012-11-28T19:56:42","date_gmt":"2012-11-28T18:56:42","guid":{"rendered":"http:\/\/www.ulisseland.com\/journal\/?p=5256&#038;lang=it"},"modified":"2012-11-28T20:06:21","modified_gmt":"2012-11-28T19:06:21","slug":"il-programma-degli-incontri-di-spiritualita-dei-diaconi-permanenti-dellarcidiocesi-di-gaeta","status":"publish","type":"post","link":"https:\/\/www.ulisseland.com\/journal\/il-programma-degli-incontri-di-spiritualita-dei-diaconi-permanenti-dellarcidiocesi-di-gaeta\/","title":{"rendered":"IL PROGRAMMA DEGLI INCONTRI DI SPIRITUALITA\u2019 DEI DIACONI PERMANENTI DELL\u2019ARCIDIOCESI DI GAETA"},"content":{"rendered":"<table style=\"width: 100%;\" border=\"1\" cellspacing=\"0\" cellpadding=\"0\">\n<tbody>\n<tr>\n<td><a href=\"https:\/\/www.ulisseland.com\/journal\/wp-content\/uploads\/2012\/11\/Monsignor-Fabio-Bernardo-DOnorio.jpg\"><img loading=\"lazy\" decoding=\"async\" class=\"alignleft size-full wp-image-5259\" title=\"Monsignor Fabio Bernardo D'Onorio\" src=\"https:\/\/www.ulisseland.com\/journal\/wp-content\/uploads\/2012\/11\/Monsignor-Fabio-Bernardo-DOnorio.jpg\" alt=\"\" width=\"280\" height=\"200\" \/><\/a>Il delegato arcivescovile per il diaconato permanente don Antonio Cairo ha intrattenuto i diaconi permanenti sul programma degli incontri di spiritualit\u00e0 organizzati per loro.<\/p>\n<p>Precisa: \u201cCarissimi fratelli diaconi, ho il piacere di comunicarvi il calendario degli incontri che scandiranno il nostro percorso di formazione permanente nel nuovo anno liturgico \u2013 pastorale. Sede delle nostre riunioni sar\u00e0 l\u2019Istituto delle Suore Salesiane \u201cFilippo Smaldone\u201d in Formia.<\/p>\n<p>Ringrazio fin da ora il nostro carissimo don Francesco Guglietta che animer\u00e0 gli incontri e guider\u00e0 gli esercizi spirituali, invocando per lui ogni benedizione dello Spirito perch\u00e9 sia fecondo il suo ministero nella nostra chiesa locale.<\/p>\n<p>Riporto le date dei nostri appuntamenti in modo da potervi organizzare per partecipare numerosi:<\/p>\n<p>domenica 9 dicembre dalle ore 9.00 alle ore 12.30<\/p>\n<p>gioved\u00ec 24 gennaio ore 18.00 \u2013 domenica 27 gennaio (conclusione pranzo) esercizi spirituali<\/p>\n<p>sabato 23 febbraio dalle ore 9.00 alle ore 12.30<\/p>\n<p>sabato 23 marzo dalle ore 9.00 alle ore 12.30<\/p>\n<p>sabato 18 maggio dalle ore 9.00 alle ore 12.30<\/p>\n<p>Al termine degli incontri ci si pu\u00f2 organizzare con le suore per il pranzo.<\/p>\n<p>Per quanto concerne la prenotazione degli esercizi la potrete fare a me entro e non oltre il 25 dicembre p.v. versando il 50% della quota di partecipazione; il resto sar\u00e0 a carico della Curia.<\/p>\n<p>Quanto prima vi comunicher\u00f2 il calendario annuale delle celebrazioni pontificali con l\u2019Arcivescovo in modo da potervi organizzare in tempo utile per le liturgie parrocchiali<\/p>\n<p>Conto sulla vostra partecipazione numerosa convinto che, liberi da ogni impegno pastorale e lavorativo, potremo vivere significativi momenti di riflessione e di condivisione per rafforzare la nostra amicizia e il senso di appartenenza alla Chiesa alla luce degli insegnamenti del Concilio Vaticano II.<\/p>\n<p>Vi auguro ogni dono dello spirito per trascorrere il tempo di Avvento &#8211; Natale crescendo in santit\u00e0 e sapienza per il bene della Santa Chiesa di Dio che \u00e8 in Gaeta. Fraterni saluti\u201d.<\/td>\n<\/tr>\n<\/tbody>\n<\/table>\n<p>A cura del Dott. Lorenzo Paliotta<\/p>\n","protected":false},"excerpt":{"rendered":"<p>Il delegato arcivescovile per il diaconato permanente don Antonio Cairo ha intrattenuto i diaconi permanenti sul programma degli incontri di spiritualit\u00e0 organizzati per loro. Precisa: \u201cCarissimi fratelli diaconi, ho il piacere di comunicarvi il calendario degli incontri che scandiranno il nostro percorso di formazione permanente nel nuovo anno liturgico \u2013 pastorale. Sede delle nostre riunioni<\/p>\n","protected":false},"author":1,"featured_media":0,"comment_status":"open","ping_status":"open","sticky":false,"template":"","format":"standard","meta":{"footnotes":""},"categories":[4,20],"tags":[],"class_list":["post-5256","post","type-post","status-publish","format-standard","hentry","category-babyvideo","category-comune-di-gaeta"],"_links":{"self":[{"href":"https:\/\/www.ulisseland.com\/journal\/wp-json\/wp\/v2\/posts\/5256","targetHints":{"allow":["GET"]}}],"collection":[{"href":"https:\/\/www.ulisseland.com\/journal\/wp-json\/wp\/v2\/posts"}],"about":[{"href":"https:\/\/www.ulisseland.com\/journal\/wp-json\/wp\/v2\/types\/post"}],"author":[{"embeddable":true,"href":"https:\/\/www.ulisseland.com\/journal\/wp-json\/wp\/v2\/users\/1"}],"replies":[{"embeddable":true,"href":"https:\/\/www.ulisseland.com\/journal\/wp-json\/wp\/v2\/comments?post=5256"}],"version-history":[{"count":3,"href":"https:\/\/www.ulisseland.com\/journal\/wp-json\/wp\/v2\/posts\/5256\/revisions"}],"predecessor-version":[{"id":5260,"href":"https:\/\/www.ulisseland.com\/journal\/wp-json\/wp\/v2\/posts\/5256\/revisions\/5260"}],"wp:attachment":[{"href":"https:\/\/www.ulisseland.com\/journal\/wp-json\/wp\/v2\/media?parent=5256"}],"wp:term":[{"taxonomy":"category","embeddable":true,"href":"https:\/\/www.ulisseland.com\/journal\/wp-json\/wp\/v2\/categories?post=5256"},{"taxonomy":"post_tag","embeddable":true,"href":"https:\/\/www.ulisseland.com\/journal\/wp-json\/wp\/v2\/tags?post=5256"}],"curies":[{"name":"wp","href":"https:\/\/api.w.org\/{rel}","templated":true}]}}