{"id":5251,"date":"2012-11-27T19:41:28","date_gmt":"2012-11-27T18:41:28","guid":{"rendered":"http:\/\/www.ulisseland.com\/journal\/?p=5251&#038;lang=it"},"modified":"2012-11-27T19:41:28","modified_gmt":"2012-11-27T18:41:28","slug":"formia-lettera-aperta-dei-dipendenti-della-freezing-fish","status":"publish","type":"post","link":"https:\/\/www.ulisseland.com\/journal\/formia-lettera-aperta-dei-dipendenti-della-freezing-fish\/","title":{"rendered":"FORMIA: LETTERA APERTA DEI DIPENDENTI DELLA FREEZING FISH"},"content":{"rendered":"<p align=\"center\"><strong>\u00a0<\/strong><\/p>\n<figure id=\"attachment_5253\" aria-describedby=\"caption-attachment-5253\" style=\"width: 530px\" class=\"wp-caption aligncenter\"><a href=\"https:\/\/www.ulisseland.com\/journal\/wp-content\/uploads\/2012\/11\/FREEZING-FISH-BAR-NAPOLI_VVV-04.jpg\"><img loading=\"lazy\" decoding=\"async\" class=\"size-full wp-image-5253\" title=\"FREEZING-FISH-BAR-NAPOLI_VVV-04\" src=\"https:\/\/www.ulisseland.com\/journal\/wp-content\/uploads\/2012\/11\/FREEZING-FISH-BAR-NAPOLI_VVV-04.jpg\" alt=\"\" width=\"530\" height=\"525\" srcset=\"https:\/\/www.ulisseland.com\/journal\/wp-content\/uploads\/2012\/11\/FREEZING-FISH-BAR-NAPOLI_VVV-04.jpg 530w, https:\/\/www.ulisseland.com\/journal\/wp-content\/uploads\/2012\/11\/FREEZING-FISH-BAR-NAPOLI_VVV-04-150x150.jpg 150w, https:\/\/www.ulisseland.com\/journal\/wp-content\/uploads\/2012\/11\/FREEZING-FISH-BAR-NAPOLI_VVV-04-300x297.jpg 300w, https:\/\/www.ulisseland.com\/journal\/wp-content\/uploads\/2012\/11\/FREEZING-FISH-BAR-NAPOLI_VVV-04-50x50.jpg 50w\" sizes=\"auto, (max-width: 530px) 100vw, 530px\" \/><\/a><figcaption id=\"caption-attachment-5253\" class=\"wp-caption-text\">Dipendenti della Freezing Fish<\/figcaption><\/figure>\n<p>Il 20 novembre scorso, erano da poco passate le nove e l\u2019attivit\u00e0 gi\u00e0 ferveva, quando la collega mi ha chiamato allarmata: \u201cVieni\u00a0 a vedere, c\u2019\u00e8 un\u2019invasione!\u201d<\/p>\n<p>Il capannone della Formia Freezing Fish non \u00e8 davvero piccolo ma tutte quelle persone non c\u2019entravano: alcuni\u00a0 in giacca e cravatta con le loro valigette (gli impiegati della Regione), altri in jeans e magliette (gli operai del comune che avrebbero dovuto praticare un buco in caso la ditta fosse stata chiusa), altri ancora in divisa: Capitaneria,Polizia e Vigili urbani. Un dispiegamento di forze neanche dovessero arrestare una banda di pericolosi latitanti. Invece dovevano solo ridurre alla fame 20 famiglie.<\/p>\n<p>Noi impiegati della FFF abbiamo domandato come mai tanto impiego di soldi pubblici per una semplice \u201cpresa di possesso\u201d di uno stabile e ci \u00e8 stato risposto che si aspettavano una reazione violenta. Saranno rimasti delusi i ns. amministratori o chi ha dato l\u2019ordine,ma noi dipendenti della FFF abbiamo reagito con dignit\u00e0 e correttezza: non abbiamo n\u00e9 ostacolato le operazioni, n\u00e9 inveito contro chi stava chiaramente solo eseguendo degli ordini,li abbiamo invece aiutati a portare a termine l\u2019ingrato compito nonostante lo smarrimento che ci ha colpiti. E solo dopo lo smarrimento ha lasciato il posto alla disperazione: finiva la vita come l\u2019avevamo vissuta per 27 anni.\u00a0 Scaduto il termine concesso \u2026tutti a casa senza prospettive e senza aiuti.<\/p>\n<p>Una cosa vogliamo sapere dalle Autorit\u00e0 che hanno dato quest\u2019ordine senza curarsi dei lavoratori: in questa indifferenza colpevole di amministratori che si riempiono la bocca \u201cdi operare per il bene pubblico\u201d noi siamo sgomenti che nessuno abbia pensato al bene pubblico delle famiglie dei lavoratori che tra poco non avranno pi\u00f9 uno stipendio su cui contare per VIVERE. Uno stipendio modesto, eppure si faceva bastare, certo con sacrifici, dicendo di no alle richieste dei figli, vestendosi al mercato, niente vacanze\u2026.. cose che conoscono bene tutti gli onesti lavoratori.<\/p>\n<figure id=\"attachment_5252\" aria-describedby=\"caption-attachment-5252\" style=\"width: 300px\" class=\"wp-caption alignright\"><a href=\"https:\/\/www.ulisseland.com\/journal\/wp-content\/uploads\/2012\/11\/Freezing_20Fish.jpg\"><img loading=\"lazy\" decoding=\"async\" class=\"size-medium wp-image-5252\" title=\"Freezing_20Fish\" src=\"https:\/\/www.ulisseland.com\/journal\/wp-content\/uploads\/2012\/11\/Freezing_20Fish-300x224.jpg\" alt=\"\" width=\"300\" height=\"224\" srcset=\"https:\/\/www.ulisseland.com\/journal\/wp-content\/uploads\/2012\/11\/Freezing_20Fish-300x224.jpg 300w, https:\/\/www.ulisseland.com\/journal\/wp-content\/uploads\/2012\/11\/Freezing_20Fish-600x448.jpg 600w, https:\/\/www.ulisseland.com\/journal\/wp-content\/uploads\/2012\/11\/Freezing_20Fish.jpg 875w\" sizes=\"auto, (max-width: 300px) 100vw, 300px\" \/><\/a><figcaption id=\"caption-attachment-5252\" class=\"wp-caption-text\">L&#39;Azienda<\/figcaption><\/figure>\n<p>Il periodo che stiamo vivendo non lo dobbiamo far presente noi: crisi, illiquidit\u00e0,licenziamenti eppure i ns. politici\u00a0 non hanno esitato un attimo a far chiudere un\u2019azienda che lavorava e dava lavoro. Non vogliamo entrare nel merito,hanno gi\u00e0 parlato gli avvocati,ma di sicuro una domanda ci sorge spontanea: era davvero necessario chiudere una ditta che lavorava per un problema amministrativo? Non era forse meglio trovare un\u2019altra soluzione (pi\u00f9 volte dalla FFF auspicata con proposte di rilascio di fidejussione) ? E\u2019 normale che se viene richiesto un affitto troppo elevato e che lievita annualmente di migliaia di euro, prima di pagare uno aspetta l\u2019esito dei processi (tra l\u2019altro l\u2019iter giudiziario non \u00e8 ancora concluso).<\/p>\n<p>E quindi a tutti noi sorge la II\u00b0 domanda: PERCHE\u2019 quest\u2019accanimento? A chi giover\u00e0 tutto questo?<\/p>\n<p>E per ultima la domanda pi\u00f9 spinosa che i ns. politici non si sono proprio posti: ma <span style=\"text-decoration: underline;\">noi dipendenti, ora , che faremo<\/span>? In parte ci \u00e8 stato gi\u00e0 risposto che non \u00e8 un problema del Comune, e comunque ci spetta la mobilit\u00e0 per 1 anno. Ma la mobilit\u00e0 non viene pagata con soldi pubblici ? E non era meglio che continuavamo a guadagnarci il ns. stipendio creando movimento di denaro (l\u2019auspicata\u00a0 ripresa dell\u2019Italia) invece di diventare altri parassiti dello stato ? E se per caso vivremo pi\u00f9 di 1 anno dopo la mobilit\u00e0 cosa ci aspetta in questo panorama di assoluto fermo lavorativo? Dovremo imparare a rubare?<\/p>\n<p>I nostri amministratori rispondano a questo\u2026\u2026. se possono e\u00a0 ricordino che sono stati eletti per risolvere i problemi\u00a0 per il bene della comunit\u00e0, non per crearne altri.<\/p>\n<p>Una riflessione vorremmo che facciano i mandanti di questa azione: alla fine della giornata in cui \u00e8 stata effettuata la presa di possesso dello stabile della F.F.F. con quale stato d\u2019animo sono tornati a casa? Cosa hanno raccontato a casa coloro che hanno dato l\u2019ordine?<\/p>\n<p>Invece mettetevi nei nostri panni: con quale stato d\u2019animo siamo rientrati a casa e cosa abbiamo dovuto raccontare ai nostri figli!<\/p>\n<p>Forse si sono dimenticati che noi non siamo dei numeri ma delle persone che hanno un\u2019anima, una dignit\u00e0 e una morale, che lavorano tutti i giorni con le proprie forze senza mai lamentarsi con l\u2019 unico scopo di avere una vita dignitosa.<\/p>\n<p>Per questo noi oggi chiediamo a Voi tutti quale futuro ci aspetta ed un semplice \u201cci dispiace\u201d non \u00e8 sufficiente!<\/p>\n<p>Avevamo un lavoro e desideriamo continuare ad avere la possibilit\u00e0 di guadagnarci onestamente da vivere.<\/p>\n<p>La Costituzione Italiana non dice forse che il lavoro \u00e8 un diritto?<\/p>\n<p><strong><em>\u00a0<\/em><\/strong><\/p>\n<p><strong><em>\u00a0\u00a0\u00a0\u00a0\u00a0\u00a0\u00a0\u00a0\u00a0\u00a0\u00a0\u00a0\u00a0\u00a0 \u00a0\u00a0\u00a0\u00a0\u00a0\u00a0\u00a0\u00a0\u00a0\u00a0\u00a0\u00a0\u00a0\u00a0\u00a0\u00a0\u00a0\u00a0\u00a0\u00a0\u00a0\u00a0\u00a0\u00a0\u00a0\u00a0\u00a0\u00a0\u00a0\u00a0\u00a0\u00a0\u00a0\u00a0\u00a0\u00a0\u00a0\u00a0\u00a0\u00a0\u00a0\u00a0\u00a0\u00a0\u00a0\u00a0\u00a0\u00a0\u00a0\u00a0\u00a0\u00a0\u00a0\u00a0\u00a0\u00a0\u00a0\u00a0\u00a0\u00a0\u00a0\u00a0\u00a0\u00a0\u00a0\u00a0\u00a0\u00a0\u00a0\u00a0I dipendenti della Formia Freezing Fish s.p.a.<\/em><\/strong><\/p>\n<p>A cura del Direttore Dott. Sergio Monforte<\/p>\n","protected":false},"excerpt":{"rendered":"<p>\u00a0 Il 20 novembre scorso, erano da poco passate le nove e l\u2019attivit\u00e0 gi\u00e0 ferveva, quando la collega mi ha chiamato allarmata: \u201cVieni\u00a0 a vedere, c\u2019\u00e8 un\u2019invasione!\u201d Il capannone della Formia Freezing Fish non \u00e8 davvero piccolo ma tutte quelle persone non c\u2019entravano: alcuni\u00a0 in giacca e cravatta con le loro valigette (gli impiegati della<\/p>\n","protected":false},"author":1,"featured_media":0,"comment_status":"open","ping_status":"open","sticky":false,"template":"","format":"standard","meta":{"footnotes":""},"categories":[14,13,11],"tags":[],"class_list":["post-5251","post","type-post","status-publish","format-standard","hentry","category-comune-di-formia","category-cronaca","category-enti"],"_links":{"self":[{"href":"https:\/\/www.ulisseland.com\/journal\/wp-json\/wp\/v2\/posts\/5251","targetHints":{"allow":["GET"]}}],"collection":[{"href":"https:\/\/www.ulisseland.com\/journal\/wp-json\/wp\/v2\/posts"}],"about":[{"href":"https:\/\/www.ulisseland.com\/journal\/wp-json\/wp\/v2\/types\/post"}],"author":[{"embeddable":true,"href":"https:\/\/www.ulisseland.com\/journal\/wp-json\/wp\/v2\/users\/1"}],"replies":[{"embeddable":true,"href":"https:\/\/www.ulisseland.com\/journal\/wp-json\/wp\/v2\/comments?post=5251"}],"version-history":[{"count":2,"href":"https:\/\/www.ulisseland.com\/journal\/wp-json\/wp\/v2\/posts\/5251\/revisions"}],"predecessor-version":[{"id":5255,"href":"https:\/\/www.ulisseland.com\/journal\/wp-json\/wp\/v2\/posts\/5251\/revisions\/5255"}],"wp:attachment":[{"href":"https:\/\/www.ulisseland.com\/journal\/wp-json\/wp\/v2\/media?parent=5251"}],"wp:term":[{"taxonomy":"category","embeddable":true,"href":"https:\/\/www.ulisseland.com\/journal\/wp-json\/wp\/v2\/categories?post=5251"},{"taxonomy":"post_tag","embeddable":true,"href":"https:\/\/www.ulisseland.com\/journal\/wp-json\/wp\/v2\/tags?post=5251"}],"curies":[{"name":"wp","href":"https:\/\/api.w.org\/{rel}","templated":true}]}}