{"id":5190,"date":"2012-11-21T08:41:35","date_gmt":"2012-11-21T07:41:35","guid":{"rendered":"http:\/\/www.ulisseland.com\/journal\/?p=5190&#038;lang=it"},"modified":"2012-11-21T08:49:30","modified_gmt":"2012-11-21T07:49:30","slug":"formia-potenziate-risorse-e-strutture-del-dono-svizzero","status":"publish","type":"post","link":"https:\/\/www.ulisseland.com\/journal\/formia-potenziate-risorse-e-strutture-del-dono-svizzero\/","title":{"rendered":"FORMIA : Potenziate risorse e strutture del Dono Svizzero"},"content":{"rendered":"<figure id=\"attachment_5192\" aria-describedby=\"caption-attachment-5192\" style=\"width: 300px\" class=\"wp-caption alignleft\"><a href=\"https:\/\/www.ulisseland.com\/journal\/wp-content\/uploads\/2012\/11\/Ospedale-Dono-Svizzero1.jpg\"><img loading=\"lazy\" decoding=\"async\" class=\"size-medium wp-image-5192\" title=\"Ospedale Dono Svizzero1\" src=\"https:\/\/www.ulisseland.com\/journal\/wp-content\/uploads\/2012\/11\/Ospedale-Dono-Svizzero1-300x225.jpg\" alt=\"\" width=\"300\" height=\"225\" srcset=\"https:\/\/www.ulisseland.com\/journal\/wp-content\/uploads\/2012\/11\/Ospedale-Dono-Svizzero1-300x225.jpg 300w, https:\/\/www.ulisseland.com\/journal\/wp-content\/uploads\/2012\/11\/Ospedale-Dono-Svizzero1-600x450.jpg 600w, https:\/\/www.ulisseland.com\/journal\/wp-content\/uploads\/2012\/11\/Ospedale-Dono-Svizzero1.jpg 1024w\" sizes=\"auto, (max-width: 300px) 100vw, 300px\" \/><\/a><figcaption id=\"caption-attachment-5192\" class=\"wp-caption-text\">Ospedale Dono Svizzero<\/figcaption><\/figure>\n<p>Il sindaco Forte ha tenuto in mattinata una importante riunione all\u2019Ospedale Dono Svizzero di Formia, insieme al direttore generale dell\u2019ASL di Latina Renato Sponzilli ed al direttore sanitario aziendale Ennio Cassetta.<\/p>\n<p>Un incontro allargato a tutti i direttori delle unit\u00e0 operative complesse ( U.O.C) degli ospedali di Formia, Gaeta e Minturno; ai direttori delle unit\u00e0 operative semplici dipartimentali ( U.O.S.D. ), al vice direttore sanitario ospedaliero dott. Ugo Rivera, al responsabile amministrativo ospedaliero Massimo Marciano ed all\u2019assessore alla sanit\u00e0 Amato La Mura.<\/p>\n<p>Molte le novit\u00e0 innovative che sono state comunicate dal direttore generale\u00a0 nel corso della riunione, a dimostrazione di un interesse finalizzato a potenziare e riqualificare sempre di pi\u00f9 la struttura sanitaria del Dono Svizzero.<\/p>\n<p>La prima notizia riguarda l\u2019acquisto di una nuova risonanza magnetica, il macchinario sar\u00e0 operativo a partire dai primi mesi del 2013. In momenti di rigore e di tagli nella sanit\u00e0 l\u2019acquisizione della risonanza magnetica risolve di fatto una serie di criticit\u00e0 all\u2019interno del nosocomio di Formia.<\/p>\n<figure id=\"attachment_5193\" aria-describedby=\"caption-attachment-5193\" style=\"width: 300px\" class=\"wp-caption alignright\"><a href=\"https:\/\/www.ulisseland.com\/journal\/wp-content\/uploads\/2012\/11\/ospedale.jpg\"><img loading=\"lazy\" decoding=\"async\" class=\"size-medium wp-image-5193\" title=\"ospedale\" src=\"https:\/\/www.ulisseland.com\/journal\/wp-content\/uploads\/2012\/11\/ospedale-300x224.jpg\" alt=\"\" width=\"300\" height=\"224\" srcset=\"https:\/\/www.ulisseland.com\/journal\/wp-content\/uploads\/2012\/11\/ospedale-300x224.jpg 300w, https:\/\/www.ulisseland.com\/journal\/wp-content\/uploads\/2012\/11\/ospedale-600x449.jpg 600w, https:\/\/www.ulisseland.com\/journal\/wp-content\/uploads\/2012\/11\/ospedale.jpg 709w\" sizes=\"auto, (max-width: 300px) 100vw, 300px\" \/><\/a><figcaption id=\"caption-attachment-5193\" class=\"wp-caption-text\">Ospedale Dono Svizzero<\/figcaption><\/figure>\n<p>Alla risonanza magnetica si aggiungeranno una serie di macchinari e strumenti diagnostici e specialistici innovativi per i reparti. La richiesta per potenziare le strutture ospedaliere \u00e8 stata concordata dal direttore Sponzilli con il commissario governativo ad acta\u00a0 Enrico Bondi.<\/p>\n<p>Anche a livello di personale precario \u00e8 stato deciso la proroga dei contratti fino al 31 dicembre 2013. Una soluzione ottimale per il futuro di questi\u00a0 lavoratori che oltre a porre fine ad una serie di polemiche e vertenze sindacali interne garantir\u00e0 la continuit\u00e0 delle prestazioni ospedaliere. Sulla pianta organica in generale il direttore generale Sponzilli si \u00e8 impegnato a potenziare con l\u2019assunzione di 38 figure professionali mediche le carenze registratesi in ambito provinciale sanitario a seguito di pensionamento o trasferimento e 12 figure amministrative. Dei 38 nuovi medici ben 12 dovrebbero essere assegnati al Dono Svizzero di Formia a copertura di reparti strategici come pediatria, medicina, medicina urgente, chirurgia, ortopedia.<\/p>\n<p>A proposito di reparti Sponzilli ha annunciato l\u2019imminente apertura a Gaeta del reparto di riabilitazione e fisioterapia. La inaugurazione dovrebbe essere prevista tra una settimana. Altre novit\u00e0 hanno riguardato il potenziamento del day-surgely ( ricoveri diurni ) interventi di\u00a0 micro chirurgia tra cui la chirurgia vascolare. Il nuovo direttore dott. Rashid Abi \u00e8 riuscito in meno di sei mesi ad effettuare ben 100 interventi di chirurgia vascolare\u00a0 ed abbattere le liste di attesa per esami di ecodoppler.<\/p>\n<p>\u201c Ho sempre ritenuto e confermo in questa sede \u2013 ha dichiarato il sindaco Forte &#8211;\u00a0 che l\u2019Ospedale Dono Svizzero di Formia deve rappresentare per la citt\u00e0 ed il territorio del sud-pontino una risorsa ed un\u2019eccellenza per l\u2019intero bacino di utenza.<\/p>\n<p>Nella sua lunga storia l\u2019Ospedale \u00e8 sempre stato un punto di riferimento e di qualit\u00e0\u00a0 nell\u2019offerta sanitaria e dei servizi ospedalieri.<\/p>\n<p>In questi mesi \u2013 conclude il sindaco \u2013 attraverso un\u2019azione sinergica con il direttore generale dell\u2019ASL di Latina e la Regione Lazio\u00a0 abbiamo recuperato e potenziato il livello competitivo per\u00a0 organizzare e gestire una sanit\u00e0\u00a0 di alta professionalit\u00e0, di efficacia e di\u00a0 efficienza in grado di dare risposte concrete ai bisogni dei cittadini\u201d.<\/p>\n<p>Il Direttore Dott. Sergio Monforte<\/p>\n","protected":false},"excerpt":{"rendered":"<p>Il sindaco Forte ha tenuto in mattinata una importante riunione all\u2019Ospedale Dono Svizzero di Formia, insieme al direttore generale dell\u2019ASL di Latina Renato Sponzilli ed al direttore sanitario aziendale Ennio Cassetta. Un incontro allargato a tutti i direttori delle unit\u00e0 operative complesse ( U.O.C) degli ospedali di Formia, Gaeta e Minturno; ai direttori delle unit\u00e0<\/p>\n","protected":false},"author":1,"featured_media":0,"comment_status":"open","ping_status":"open","sticky":false,"template":"","format":"standard","meta":{"footnotes":""},"categories":[14,13,11],"tags":[],"class_list":["post-5190","post","type-post","status-publish","format-standard","hentry","category-comune-di-formia","category-cronaca","category-enti"],"_links":{"self":[{"href":"https:\/\/www.ulisseland.com\/journal\/wp-json\/wp\/v2\/posts\/5190","targetHints":{"allow":["GET"]}}],"collection":[{"href":"https:\/\/www.ulisseland.com\/journal\/wp-json\/wp\/v2\/posts"}],"about":[{"href":"https:\/\/www.ulisseland.com\/journal\/wp-json\/wp\/v2\/types\/post"}],"author":[{"embeddable":true,"href":"https:\/\/www.ulisseland.com\/journal\/wp-json\/wp\/v2\/users\/1"}],"replies":[{"embeddable":true,"href":"https:\/\/www.ulisseland.com\/journal\/wp-json\/wp\/v2\/comments?post=5190"}],"version-history":[{"count":3,"href":"https:\/\/www.ulisseland.com\/journal\/wp-json\/wp\/v2\/posts\/5190\/revisions"}],"predecessor-version":[{"id":5194,"href":"https:\/\/www.ulisseland.com\/journal\/wp-json\/wp\/v2\/posts\/5190\/revisions\/5194"}],"wp:attachment":[{"href":"https:\/\/www.ulisseland.com\/journal\/wp-json\/wp\/v2\/media?parent=5190"}],"wp:term":[{"taxonomy":"category","embeddable":true,"href":"https:\/\/www.ulisseland.com\/journal\/wp-json\/wp\/v2\/categories?post=5190"},{"taxonomy":"post_tag","embeddable":true,"href":"https:\/\/www.ulisseland.com\/journal\/wp-json\/wp\/v2\/tags?post=5190"}],"curies":[{"name":"wp","href":"https:\/\/api.w.org\/{rel}","templated":true}]}}