{"id":5172,"date":"2012-11-21T07:37:59","date_gmt":"2012-11-21T06:37:59","guid":{"rendered":"http:\/\/www.ulisseland.com\/journal\/?p=5172&#038;lang=it"},"modified":"2016-05-09T07:39:08","modified_gmt":"2016-05-09T05:39:08","slug":"formia-per-lassessore-giuseppe-treglia-lamministrazione-ha-risolto-molte-criticita-occupazionali","status":"publish","type":"post","link":"https:\/\/www.ulisseland.com\/journal\/formia-per-lassessore-giuseppe-treglia-lamministrazione-ha-risolto-molte-criticita-occupazionali\/","title":{"rendered":"FORMIA : Per l\u2019Assessore Giuseppe Treglia, l\u2019Amministrazione ha risolto molte criticit\u00e0 occupazionali"},"content":{"rendered":"<p>\u201cL\u2019amministrazione comunale di Formia ha dato prova di saper\u00a0 fronteggiare e risolvere una serie di vertenze occupazionali che avevano messo sulla strada decine di lavoratori. Tutto il contrario di ci\u00f2 che asserisce il candidato alle primarie del PD, Ernesto Schiano\u201d.<\/p>\n<figure id=\"attachment_5173\" aria-describedby=\"caption-attachment-5173\" style=\"width: 199px\" class=\"wp-caption alignright\"><a href=\"https:\/\/www.ulisseland.com\/journal\/wp-content\/uploads\/2012\/11\/Giuseppe-Treglia.jpg\"><img loading=\"lazy\" decoding=\"async\" class=\"size-medium wp-image-5173\" title=\"Giuseppe Treglia\" src=\"https:\/\/www.ulisseland.com\/journal\/wp-content\/uploads\/2012\/11\/Giuseppe-Treglia-199x300.jpg\" alt=\"\" width=\"199\" height=\"300\" srcset=\"https:\/\/www.ulisseland.com\/journal\/wp-content\/uploads\/2012\/11\/Giuseppe-Treglia-199x300.jpg 199w, https:\/\/www.ulisseland.com\/journal\/wp-content\/uploads\/2012\/11\/Giuseppe-Treglia.jpg 558w\" sizes=\"auto, (max-width: 199px) 100vw, 199px\" \/><\/a><figcaption id=\"caption-attachment-5173\" class=\"wp-caption-text\">L&#39;Assessore Giuseppe TREGLIA<\/figcaption><\/figure>\n<p>Arriva puntuale la replica dell\u2019assessore al lavoro Giuseppe Treglia.<\/p>\n<p>\u201c Le prime criticit\u00e0 di cui ci siamo occupati hanno riguardato gli ex lavoratori del cravattificio Pompej. Attraverso la Provincia di Latina e la Regione Lazio abbiamo immesso nel circuito del lavoro attraverso corsi mirati di formazione denominati cantieri scuola 12 unit\u00e0 lavorative. Stessa cosa abbiamo fatto con gli ex lavoratori della Formia Servizi dopo il fallimento della societ\u00e0. Attraverso una lunga trattativa con sindacati e la societ\u00e0 SOES Spa, il sindaco \u00e8 riuscito alla fine a\u00a0 salvaguardare il posto di lavoro ai dipendenti. In precedenza &#8211; all\u2019atto di insediamento \u2013 siamo riusciti a sistemare personale comunale nella Gobal Service e nella societ\u00e0 AMA. Il fallimento di questa societ\u00e0 ha portato ad aprire una lunga trattativa con i sindacati e l\u2019azienda per il passaggio dei lavoratori alla Latina Ambiente. Anche sulla crisi della Pozzi Ginori il sindaco \u00e8 intervenuto per tutelare le maestranze locali impiegate nel sito di Gaeta. Mi chiedo alla luce di questi continui interventi di salvataggio cosa ha da dire Schiano ?\u00a0 Parlare a ruota libera, senza conoscere le dinamiche che hanno caratterizzato l\u2019attivit\u00e0 di un\u2019amministrazione in materia di emergenza occupazionale, significa stare e vivere fuori da ogni realt\u00e0. L\u2019ultimo consiglio comunale ha lungamente trattato l\u2019emergenza della clinica Casa Sorriso sul Mare. Su questa vertenza l\u2019istituzione Comune \u00e8 in prima fila nel ricercare una soluzione tra la propriet\u00e0, l\u2019ASL e la Regione Lazio. I lavoratori ed i sindacati hanno apertamente riconosciuto la vicinanza e l\u2019impegno del sindaco nel portare avanti un percorso condiviso a livello di istituzione regionale e ASL. L\u2019assise consiliare ha dato voce ai lavoratori ed ha votato un documento all\u2019unanimit\u00e0. In precedenza il sindaco aveva pubblicamente affrontato il tema nel corso di un\u2019assemblea con tutti i soggetti chiamati in causa: dirigenti regionali, avvocati dell\u2019Azienda, sindacati provinciali, assessore provinciale ed i responsabili dell\u2019ASL e lavoratori. Ma di cosa parla Schiano ? Cosa c\u2019entra il referendum e il cimitero degli Archi \u2013 argomenti trattati su una precisa richiesta delle opposizioni \u2013 con le questioni del lavoro regolarmente affrontati in aula ? A leggere le sue dichiarazioni sembrerebbe che l\u2019esponente del PD non\u00a0 fosse stato messo a conoscenza del punto discusso.<a href=\"https:\/\/www.east-inflatables.com\/Norway\/Buy-Daphne-Partiet-Slide-322.html\">Daphne Partiet Slide<\/a><\/p>\n<p>Come assessorato alle politiche del lavoro abbiamo inoltre organizzato in questi anni corsi e seminari sulla tutela e sicurezza dei lavoratori\u00a0 nei cantieri edili e in agricoltura. E unitamente all\u2019assessorato alle politiche sociali della Regione Lazio alla formazione di assistenti familiari per la tutela degli anziani e della disabilit\u00e0 che hanno conseguito l\u2019attestato di formazione di 300 ore riconosciuto dalla Regione Lazio. L\u2019attenzione al mondo del lavoro \u00e8 stata sempre in agenda di quest\u2019amministrazione.<\/p>\n<p>Schiano cita il presidente Barak Obama ignorando che tutto il sistema economico americano \u00e8 in recessione, disoccupazione in crescita, mancanza di competitivit\u00e0 sui mercati, crollo dei consumi. Di fronte ad una crisi mondiale dell\u2019economia e della finanza, che ha messo in ginocchio e alla fame Nazioni e Popoli europei, non ha senso parlare a ruota libera su temi\u00a0 a livello locale ampiamente affrontati e risolti da questo governo cittadino. Il sistema produttivo e della Aziende \u00e8 in crisi in tutta Italia. Le cause sono note: recessione, calo dei consumi e competitivit\u00e0, impossibilit\u00e0 ad accedere al credito bancario, calo di produzione e chiusura delle fabbriche, licenziamenti in massa, carichi fiscali non sostenibili per le imprese, mancanza di politiche per lo sviluppo e la crescita. Sono queste le vere ragioni di una crisi che si \u00e8 abbattuta sulle famiglie e sulle imprese.<\/p>\n<p>Consigliamo per il futuro all\u2019avvocato Schiano una maggiore cautela e conoscenza nel trattare la materia. La sua uscita \u00e8 un clamoroso autogol, uno scivolone grossolano alla vigilia delle primarie del suo partito\u201d.<\/p>\n<p>&nbsp;<\/p>\n<p>Il Direttore Dott. Sergio Monforte<\/p>\n","protected":false},"excerpt":{"rendered":"<p>\u201cL\u2019amministrazione comunale di Formia ha dato prova di saper\u00a0 fronteggiare e risolvere una serie di vertenze occupazionali che avevano messo sulla strada decine di lavoratori. Tutto il contrario di ci\u00f2 che asserisce il candidato alle primarie del PD, Ernesto Schiano\u201d. Arriva puntuale la replica dell\u2019assessore al lavoro Giuseppe Treglia. \u201c Le prime criticit\u00e0 di cui<\/p>\n","protected":false},"author":1,"featured_media":0,"comment_status":"open","ping_status":"open","sticky":false,"template":"","format":"standard","meta":{"footnotes":""},"categories":[14,13,11],"tags":[],"class_list":["post-5172","post","type-post","status-publish","format-standard","hentry","category-comune-di-formia","category-cronaca","category-enti"],"_links":{"self":[{"href":"https:\/\/www.ulisseland.com\/journal\/wp-json\/wp\/v2\/posts\/5172","targetHints":{"allow":["GET"]}}],"collection":[{"href":"https:\/\/www.ulisseland.com\/journal\/wp-json\/wp\/v2\/posts"}],"about":[{"href":"https:\/\/www.ulisseland.com\/journal\/wp-json\/wp\/v2\/types\/post"}],"author":[{"embeddable":true,"href":"https:\/\/www.ulisseland.com\/journal\/wp-json\/wp\/v2\/users\/1"}],"replies":[{"embeddable":true,"href":"https:\/\/www.ulisseland.com\/journal\/wp-json\/wp\/v2\/comments?post=5172"}],"version-history":[{"count":4,"href":"https:\/\/www.ulisseland.com\/journal\/wp-json\/wp\/v2\/posts\/5172\/revisions"}],"predecessor-version":[{"id":9059,"href":"https:\/\/www.ulisseland.com\/journal\/wp-json\/wp\/v2\/posts\/5172\/revisions\/9059"}],"wp:attachment":[{"href":"https:\/\/www.ulisseland.com\/journal\/wp-json\/wp\/v2\/media?parent=5172"}],"wp:term":[{"taxonomy":"category","embeddable":true,"href":"https:\/\/www.ulisseland.com\/journal\/wp-json\/wp\/v2\/categories?post=5172"},{"taxonomy":"post_tag","embeddable":true,"href":"https:\/\/www.ulisseland.com\/journal\/wp-json\/wp\/v2\/tags?post=5172"}],"curies":[{"name":"wp","href":"https:\/\/api.w.org\/{rel}","templated":true}]}}