{"id":5161,"date":"2012-11-19T19:43:50","date_gmt":"2012-11-19T18:43:50","guid":{"rendered":"http:\/\/www.ulisseland.com\/journal\/?p=5161&#038;lang=it"},"modified":"2012-11-30T12:25:13","modified_gmt":"2012-11-30T11:25:13","slug":"trasporti-isole-pontine-tre-milioni-di-euro-dalla-regione-alla-laziomar","status":"publish","type":"post","link":"https:\/\/www.ulisseland.com\/journal\/trasporti-isole-pontine-tre-milioni-di-euro-dalla-regione-alla-laziomar\/","title":{"rendered":"TRASPORTI  ISOLE PONTINE: TRE MILIONI DI EURO DALLA REGIONE ALLA LAZIOMAR"},"content":{"rendered":"<p><strong>L\u2019Assessore Regionale Luca Malcotti: \u201cAbbiamo salvaguardato i posti di lavoro ed il diritto degli isolani alla mobilit\u00e0\u201d.<\/strong><\/p>\n<p>&#8220;Nell&#8217;ultimo periodo i collegamenti con le isole pontine, Ponza e Ventotene, sono stati messi a rischio dalle difficolta&#8217; finanziarie in cui versa la societa&#8217; Laziomar che deve ricevere ancora oltre 4 milioni di euro di trasferimenti dal governo&#8221;.<\/p>\n<figure id=\"attachment_5162\" aria-describedby=\"caption-attachment-5162\" style=\"width: 300px\" class=\"wp-caption alignleft\"><a href=\"https:\/\/www.ulisseland.com\/journal\/wp-content\/uploads\/2012\/11\/Laziomar_20Quirino.jpg\"><img loading=\"lazy\" decoding=\"async\" class=\"size-medium wp-image-5162\" title=\"Laziomar_20Quirino\" src=\"https:\/\/www.ulisseland.com\/journal\/wp-content\/uploads\/2012\/11\/Laziomar_20Quirino-300x186.jpg\" alt=\"\" width=\"300\" height=\"186\" srcset=\"https:\/\/www.ulisseland.com\/journal\/wp-content\/uploads\/2012\/11\/Laziomar_20Quirino-300x186.jpg 300w, https:\/\/www.ulisseland.com\/journal\/wp-content\/uploads\/2012\/11\/Laziomar_20Quirino.jpg 515w\" sizes=\"auto, (max-width: 300px) 100vw, 300px\" \/><\/a><figcaption id=\"caption-attachment-5162\" class=\"wp-caption-text\">La Motonave &quot;QUIRINO&quot; della Laziomar<\/figcaption><\/figure>\n<p>E&#8217; quanto dichiara, in una nota, l&#8217;assessore regionale alle Infrastrutture, Lavori pubblici e Trasporti, Luca Malcotti, che aggiunge: &#8220;La Regione Lazio al fine di salvaguardare tanto i posti di lavoro quanto i diritti degli utenti e&#8217; riuscita oggi a disporre un&#8217;anticipazione di cassa per tre milioni di euro che consentira&#8217; a Laziomar di garantire il collegamento con le isole pontine&#8221;.<\/p>\n<figure id=\"attachment_5163\" aria-describedby=\"caption-attachment-5163\" style=\"width: 532px\" class=\"wp-caption alignright\"><a href=\"https:\/\/www.ulisseland.com\/journal\/wp-content\/uploads\/2012\/11\/Maria_20Terenzi.jpg\"><img loading=\"lazy\" decoding=\"async\" class=\"size-full wp-image-5163\" title=\"Maria_20Terenzi\" src=\"https:\/\/www.ulisseland.com\/journal\/wp-content\/uploads\/2012\/11\/Maria_20Terenzi.jpg\" alt=\"\" width=\"532\" height=\"799\" srcset=\"https:\/\/www.ulisseland.com\/journal\/wp-content\/uploads\/2012\/11\/Maria_20Terenzi.jpg 532w, https:\/\/www.ulisseland.com\/journal\/wp-content\/uploads\/2012\/11\/Maria_20Terenzi-199x300.jpg 199w\" sizes=\"auto, (max-width: 532px) 100vw, 532px\" \/><\/a><figcaption id=\"caption-attachment-5163\" class=\"wp-caption-text\">Maria Terenzi - LAZIOMAR<\/figcaption><\/figure>\n<p>\u201cL\u2019interesse attorno alle problematiche di Laziomar, ha dichiarato, a sua volta, il vicepresidente Maria Terenzi, \u00e8 stata fortemente apprezzata dalla Societ\u00e0, dal Consiglio di Amministrazione e dal personale tutto\u201d.<\/p>\n<p>L\u2019attenzione verso il territorio non \u00e8 mai venuto meno e ritengo che l\u2019interessamento di S.E. il Prefetto e l\u2019intervento degli Amministratori Regionali, l\u2019Ass. Regionale ai Trasporti\u00a0 Luca Malcotti e l\u2019Ass. ai Servizi Sociali\u00a0 Aldo Forte, per mantener fede agli impegni presi dalla Regione siano un esempio da seguire per tutti quelli che operano nella nostra zona.<\/p>\n<p>L\u2019impegno del CdA della Laziomar \u00e8 stato massimo per assicurare ogni forma di sicurezza ai passeggeri, tanto che le navi sono state dotate anche di defibrillatore.<\/p>\n<p>Certamente i tempi attuali ci obbligano a grandi sacrifici in campo economico-finanziario ma ci\u00f2 deve indurre tutti a partecipare alle scelte senza pregiudizi e senza prevaricazione.<\/p>\n<p>Le Isole hanno avuto tutto il rispetto da Laziomar e forse \u00e8 giunto il momento di operare scelte che vadano oltre la semplice continuit\u00e0 territoriale perch\u00e9 attraverso Laziomar potr\u00e0 essere possibile coniugare anche lo sviluppo per turismo, tema al quale la nostra societ\u00e0 non \u00e8 stata mai coinvolta.<\/p>\n<p>Spero che si possa aprire un dialogo nuovo con tutti gli attori interessati che consenta una programmazione degli interventi finanziari puntuale e sistematica e non effettuati sotto la spinta di tensioni di cittadini e personale tutto.<\/p>\n<p><a href=\"http:\/\/www.virtualcity3d.it\/dettaglioluogo.aspx?id=105&amp;dbdd=1&amp;comune=formia.db&amp;sferic=6330011_20090722_174551_578125_135487\"><img loading=\"lazy\" decoding=\"async\" class=\"alignleft size-full wp-image-718\" title=\"Formia Virtual City 3D\" src=\"https:\/\/www.ulisseland.com\/journal\/wp-content\/uploads\/2012\/03\/Formia_86x86.png\" alt=\"\" width=\"86\" height=\"86\" srcset=\"https:\/\/www.ulisseland.com\/journal\/wp-content\/uploads\/2012\/03\/Formia_86x86.png 86w, https:\/\/www.ulisseland.com\/journal\/wp-content\/uploads\/2012\/03\/Formia_86x86-50x50.png 50w\" sizes=\"auto, (max-width: 86px) 100vw, 86px\" \/><\/a><\/p>\n","protected":false},"excerpt":{"rendered":"<p>L\u2019Assessore Regionale Luca Malcotti: \u201cAbbiamo salvaguardato i posti di lavoro ed il diritto degli isolani alla mobilit\u00e0\u201d. &#8220;Nell&#8217;ultimo periodo i collegamenti con le isole pontine, Ponza e Ventotene, sono stati messi a rischio dalle difficolta&#8217; finanziarie in cui versa la societa&#8217; Laziomar che deve ricevere ancora oltre 4 milioni di euro di trasferimenti dal governo&#8221;.<\/p>\n","protected":false},"author":1,"featured_media":0,"comment_status":"open","ping_status":"open","sticky":false,"template":"","format":"standard","meta":{"footnotes":""},"categories":[14,18,38,13,11],"tags":[],"class_list":["post-5161","post","type-post","status-publish","format-standard","hentry","category-comune-di-formia","category-comune-di-ponza","category-comune-di-ventotene","category-cronaca","category-enti"],"_links":{"self":[{"href":"https:\/\/www.ulisseland.com\/journal\/wp-json\/wp\/v2\/posts\/5161","targetHints":{"allow":["GET"]}}],"collection":[{"href":"https:\/\/www.ulisseland.com\/journal\/wp-json\/wp\/v2\/posts"}],"about":[{"href":"https:\/\/www.ulisseland.com\/journal\/wp-json\/wp\/v2\/types\/post"}],"author":[{"embeddable":true,"href":"https:\/\/www.ulisseland.com\/journal\/wp-json\/wp\/v2\/users\/1"}],"replies":[{"embeddable":true,"href":"https:\/\/www.ulisseland.com\/journal\/wp-json\/wp\/v2\/comments?post=5161"}],"version-history":[{"count":3,"href":"https:\/\/www.ulisseland.com\/journal\/wp-json\/wp\/v2\/posts\/5161\/revisions"}],"predecessor-version":[{"id":5276,"href":"https:\/\/www.ulisseland.com\/journal\/wp-json\/wp\/v2\/posts\/5161\/revisions\/5276"}],"wp:attachment":[{"href":"https:\/\/www.ulisseland.com\/journal\/wp-json\/wp\/v2\/media?parent=5161"}],"wp:term":[{"taxonomy":"category","embeddable":true,"href":"https:\/\/www.ulisseland.com\/journal\/wp-json\/wp\/v2\/categories?post=5161"},{"taxonomy":"post_tag","embeddable":true,"href":"https:\/\/www.ulisseland.com\/journal\/wp-json\/wp\/v2\/tags?post=5161"}],"curies":[{"name":"wp","href":"https:\/\/api.w.org\/{rel}","templated":true}]}}