{"id":5158,"date":"2012-11-19T19:29:41","date_gmt":"2012-11-19T18:29:41","guid":{"rendered":"http:\/\/www.ulisseland.com\/journal\/?p=5158&#038;lang=it"},"modified":"2012-11-19T19:29:41","modified_gmt":"2012-11-19T18:29:41","slug":"formia-sandro-bartolomeo-che-fine-ha-fatto-larch-purini","status":"publish","type":"post","link":"https:\/\/www.ulisseland.com\/journal\/formia-sandro-bartolomeo-che-fine-ha-fatto-larch-purini\/","title":{"rendered":"FORMIA &#8211; Sandro Bartolomeo: \u201cCHE FINE HA FATTO L\u2019ARCH. PURINI ?\u201d"},"content":{"rendered":"<figure id=\"attachment_5159\" aria-describedby=\"caption-attachment-5159\" style=\"width: 240px\" class=\"wp-caption alignright\"><a href=\"https:\/\/www.ulisseland.com\/journal\/wp-content\/uploads\/2012\/11\/PURINI-FRANCO-01_CONSIGLIO-PURINI-300_ZZZ_006.jpg\"><img loading=\"lazy\" decoding=\"async\" class=\"size-full wp-image-5159\" title=\"PURINI-FRANCO-01_CONSIGLIO-PURINI-300_ZZZ_006\" src=\"https:\/\/www.ulisseland.com\/journal\/wp-content\/uploads\/2012\/11\/PURINI-FRANCO-01_CONSIGLIO-PURINI-300_ZZZ_006.jpg\" alt=\"\" width=\"240\" height=\"450\" srcset=\"https:\/\/www.ulisseland.com\/journal\/wp-content\/uploads\/2012\/11\/PURINI-FRANCO-01_CONSIGLIO-PURINI-300_ZZZ_006.jpg 240w, https:\/\/www.ulisseland.com\/journal\/wp-content\/uploads\/2012\/11\/PURINI-FRANCO-01_CONSIGLIO-PURINI-300_ZZZ_006-160x300.jpg 160w\" sizes=\"auto, (max-width: 240px) 100vw, 240px\" \/><\/a><figcaption id=\"caption-attachment-5159\" class=\"wp-caption-text\">L&#39;Arch. Franco Purini<\/figcaption><\/figure>\n<p>E\u2019 una domanda d\u2019obbligo : la rinuncia alla realizzazione del Nuovo Cimitero Monumentale da parte della maggioranza che governa Formia sottrae alla variante al PRG il suo elemento distintivo, \u201c qualificante \u201c come \u00e8 stato pi\u00f9 volte definito dall\u2019arch. Purini. Pensate : a monte di detto cimitero, doveva sorgere la citt\u00e0 della domenica,del divertimento e del tempo libero. Si, proprio in cima alla collina di Campese, in modo che i vivi guardassero i morti e fosse sempre viva la massima \u201c ricordati che devi morire \u201c. Adesso si dovr\u00e0 scegliere la nuova localizzazione del cimitero : auguriamoci in un luogo in cui i morti stiano tranquilli;per divertirsi e riposarsi ,in citt\u00e0 ci sono luoghi pi\u00f9 idonei. Ma la battaglia vinta sulla localizzazione del cimitero non deve farci dimenticare un\u2019altra, altrettanto importante questione in campo : la localizzazione in localit\u00e0 Mergataro del nuovo Policlinico del Golfo. Anche in questo caso ettari di terreno agricolo distrutti senza alcuna necessit\u00e0: sono gli stessi ulivi, della stessa qualit\u00e0 degli Archi. Sono tanti piccoli proprietari che da decenni e forse pi\u00f9 producono in quei luoghi olio pregiato e preservano lo straordinario ambiente fisico che separa ancora la costa edificata dalla collina. Con la nuova giunta regionale, ci batteremo per riportare il sito del Policlinico del Golfo in localit\u00e0 Enaoli, dove non dovremo espropriare un solo metro quadrato,dove esiste\u00a0 gi\u00e0 un progetto vincitore di un concorso di idee,dove pu\u00f2 nascere una struttura con tre strade attigue ( superstrada Appia e Sparanise ) e una ferrovia che aspetta solo una nuova stazione ferroviaria. Finisce cio\u00e8 con la rinuncia al Cimitero agli\u00a0 Archi una stagione di idee folli, nate da un desiderio di rivalsa e di sconfessione di atti e decisioni assunti in precedenza , anche a costo di mettere in campo delle autentiche sciocchezze. Forse Purini tace per pudicizia : come potrebbe difendere scelte che, ne sono convinto,nel suo intimo non ha mai condiviso ? Da gioved\u00ec sera in Consiglio si \u00e8 aperta un\u2019altra storia : da che parte vuole stare l\u2019arch. Purini ?<\/p>\n<p>A cura del Direttore Dott. Sergio Monforte<\/p>\n","protected":false},"excerpt":{"rendered":"<p>E\u2019 una domanda d\u2019obbligo : la rinuncia alla realizzazione del Nuovo Cimitero Monumentale da parte della maggioranza che governa Formia sottrae alla variante al PRG il suo elemento distintivo, \u201c qualificante \u201c come \u00e8 stato pi\u00f9 volte definito dall\u2019arch. Purini. Pensate : a monte di detto cimitero, doveva sorgere la citt\u00e0 della domenica,del divertimento e<\/p>\n","protected":false},"author":1,"featured_media":0,"comment_status":"open","ping_status":"open","sticky":false,"template":"","format":"standard","meta":{"footnotes":""},"categories":[14,13],"tags":[],"class_list":["post-5158","post","type-post","status-publish","format-standard","hentry","category-comune-di-formia","category-cronaca"],"_links":{"self":[{"href":"https:\/\/www.ulisseland.com\/journal\/wp-json\/wp\/v2\/posts\/5158","targetHints":{"allow":["GET"]}}],"collection":[{"href":"https:\/\/www.ulisseland.com\/journal\/wp-json\/wp\/v2\/posts"}],"about":[{"href":"https:\/\/www.ulisseland.com\/journal\/wp-json\/wp\/v2\/types\/post"}],"author":[{"embeddable":true,"href":"https:\/\/www.ulisseland.com\/journal\/wp-json\/wp\/v2\/users\/1"}],"replies":[{"embeddable":true,"href":"https:\/\/www.ulisseland.com\/journal\/wp-json\/wp\/v2\/comments?post=5158"}],"version-history":[{"count":1,"href":"https:\/\/www.ulisseland.com\/journal\/wp-json\/wp\/v2\/posts\/5158\/revisions"}],"predecessor-version":[{"id":5160,"href":"https:\/\/www.ulisseland.com\/journal\/wp-json\/wp\/v2\/posts\/5158\/revisions\/5160"}],"wp:attachment":[{"href":"https:\/\/www.ulisseland.com\/journal\/wp-json\/wp\/v2\/media?parent=5158"}],"wp:term":[{"taxonomy":"category","embeddable":true,"href":"https:\/\/www.ulisseland.com\/journal\/wp-json\/wp\/v2\/categories?post=5158"},{"taxonomy":"post_tag","embeddable":true,"href":"https:\/\/www.ulisseland.com\/journal\/wp-json\/wp\/v2\/tags?post=5158"}],"curies":[{"name":"wp","href":"https:\/\/api.w.org\/{rel}","templated":true}]}}