{"id":5155,"date":"2012-11-19T19:23:07","date_gmt":"2012-11-19T18:23:07","guid":{"rendered":"http:\/\/www.ulisseland.com\/journal\/?p=5155&#038;lang=it"},"modified":"2012-11-19T19:23:07","modified_gmt":"2012-11-19T18:23:07","slug":"minturno-marco-moccia-nuovo-delegato-alle-politiche-abitative","status":"publish","type":"post","link":"https:\/\/www.ulisseland.com\/journal\/minturno-marco-moccia-nuovo-delegato-alle-politiche-abitative\/","title":{"rendered":"MINTURNO : MARCO MOCCIA NUOVO DELEGATO ALLE POLITICHE ABITATIVE"},"content":{"rendered":"<figure id=\"attachment_5156\" aria-describedby=\"caption-attachment-5156\" style=\"width: 300px\" class=\"wp-caption alignleft\"><a href=\"https:\/\/www.ulisseland.com\/journal\/wp-content\/uploads\/2012\/11\/281432_1858069306148_1673346141_1271842_3318054_n.jpg\"><img loading=\"lazy\" decoding=\"async\" class=\"size-medium wp-image-5156\" title=\"281432_1858069306148_1673346141_1271842_3318054_n\" src=\"https:\/\/www.ulisseland.com\/journal\/wp-content\/uploads\/2012\/11\/281432_1858069306148_1673346141_1271842_3318054_n-300x225.jpg\" alt=\"\" width=\"300\" height=\"225\" srcset=\"https:\/\/www.ulisseland.com\/journal\/wp-content\/uploads\/2012\/11\/281432_1858069306148_1673346141_1271842_3318054_n-300x225.jpg 300w, https:\/\/www.ulisseland.com\/journal\/wp-content\/uploads\/2012\/11\/281432_1858069306148_1673346141_1271842_3318054_n-600x450.jpg 600w, https:\/\/www.ulisseland.com\/journal\/wp-content\/uploads\/2012\/11\/281432_1858069306148_1673346141_1271842_3318054_n.jpg 720w\" sizes=\"auto, (max-width: 300px) 100vw, 300px\" \/><\/a><figcaption id=\"caption-attachment-5156\" class=\"wp-caption-text\">Il neo-delegato Marco Moccia<\/figcaption><\/figure>\n<p align=\"center\">\n<p>Un nuovo delegato \u00e8 entrato a far parte della squadra del Sindaco di Minturno, Paolo Graziano. Si tratta di Marco Moccia, 24 anni, attivo in politica fin dagli anni del Liceo che abbandon\u00f2 per iscriversi alla Scuola Militare Teuli\u00e8 di Milano dopo la quale si \u00e8 iscritto alla Facolt\u00e0 di Giurisprudenza dell&#8217;Ateneo di Cassino dove fino allo scorso mese di maggio \u00e8 stato Consigliere degli studenti, carica elettiva che ha ricoperto per 3 anni; impegnato inoltre nell&#8217;ambito del volontariato e dell&#8217;associazionismo, \u00e8 stato infatti con il gruppo di Protezione civile &#8220;la Salamandra&#8221; in Abruzzo durante il terremoto del 2009 presso il campo di Poggio Picenze e recentemente in Emilia Romagna presso il campo di Scortichino; attualmente \u00e8 Segretario regionale del Sindacato BLU (blocco lavoratori unitario)<\/p>\n<p>&#8220;Ringrazio il Sindaco Graziano che mi ha affidato questo importante incarico, sono infatti il Delegato alle politiche abitative e mutuo sociale del Comune di Minturno, da subito mi impegner\u00f2 per visitare gli alloggi popolari presenti sul nostro territorio per ascoltare le istanze degli abitanti e per verificare lo stato delle palazzine, sar\u00f2 costantemente in contatto con il Presidente dell&#8217; Ater e con i consiglieri di zona dello stesso ente per far si che le istanze dei cittadini minturnesi arrivino nelle sedi opportune&#8221;.<\/p>\n<p>&#8220;Promuover\u00f2 inoltre diversi incontri con la cittadinanza per illustrare il Mutuo Sociale, proposta di legge rivoluzionaria, partorita dall&#8217; Associazione di promozione sociale CasaPound Italia, gi\u00e0 presente nel piano casa della Regione Lazio, il Mutuo Sociale intende creare un\u00a0ente regionale che costruisca case e quartieri a misura d&#8217;uomo con soldi pubblici e che venda a prezzo di costo queste case a famiglie non proprietarie: ovvero una rata di mutuo senza interesse, una rata che non superi 1\/5 delle entrate della famiglia, una rata che viene bloccata in caso di disoccupazione e che non passa attraverso le banche.&#8221;<\/p>\n<p>&nbsp;<\/p>\n<p>Il Direttore Dott. Sergio Monforte<\/p>\n","protected":false},"excerpt":{"rendered":"<p>Un nuovo delegato \u00e8 entrato a far parte della squadra del Sindaco di Minturno, Paolo Graziano. Si tratta di Marco Moccia, 24 anni, attivo in politica fin dagli anni del Liceo che abbandon\u00f2 per iscriversi alla Scuola Militare Teuli\u00e8 di Milano dopo la quale si \u00e8 iscritto alla Facolt\u00e0 di Giurisprudenza dell&#8217;Ateneo di Cassino dove<\/p>\n","protected":false},"author":1,"featured_media":0,"comment_status":"open","ping_status":"open","sticky":false,"template":"","format":"standard","meta":{"footnotes":""},"categories":[27,11],"tags":[],"class_list":["post-5155","post","type-post","status-publish","format-standard","hentry","category-comune-di-minturno","category-enti"],"_links":{"self":[{"href":"https:\/\/www.ulisseland.com\/journal\/wp-json\/wp\/v2\/posts\/5155","targetHints":{"allow":["GET"]}}],"collection":[{"href":"https:\/\/www.ulisseland.com\/journal\/wp-json\/wp\/v2\/posts"}],"about":[{"href":"https:\/\/www.ulisseland.com\/journal\/wp-json\/wp\/v2\/types\/post"}],"author":[{"embeddable":true,"href":"https:\/\/www.ulisseland.com\/journal\/wp-json\/wp\/v2\/users\/1"}],"replies":[{"embeddable":true,"href":"https:\/\/www.ulisseland.com\/journal\/wp-json\/wp\/v2\/comments?post=5155"}],"version-history":[{"count":1,"href":"https:\/\/www.ulisseland.com\/journal\/wp-json\/wp\/v2\/posts\/5155\/revisions"}],"predecessor-version":[{"id":5157,"href":"https:\/\/www.ulisseland.com\/journal\/wp-json\/wp\/v2\/posts\/5155\/revisions\/5157"}],"wp:attachment":[{"href":"https:\/\/www.ulisseland.com\/journal\/wp-json\/wp\/v2\/media?parent=5155"}],"wp:term":[{"taxonomy":"category","embeddable":true,"href":"https:\/\/www.ulisseland.com\/journal\/wp-json\/wp\/v2\/categories?post=5155"},{"taxonomy":"post_tag","embeddable":true,"href":"https:\/\/www.ulisseland.com\/journal\/wp-json\/wp\/v2\/tags?post=5155"}],"curies":[{"name":"wp","href":"https:\/\/api.w.org\/{rel}","templated":true}]}}