{"id":5148,"date":"2012-11-19T19:13:55","date_gmt":"2012-11-19T18:13:55","guid":{"rendered":"http:\/\/www.ulisseland.com\/journal\/?p=5148&#038;lang=it"},"modified":"2012-11-19T19:15:01","modified_gmt":"2012-11-19T18:15:01","slug":"formia-completati-i-lavori-in-piazza-iv-novembre-stazione-ff-ss","status":"publish","type":"post","link":"https:\/\/www.ulisseland.com\/journal\/formia-completati-i-lavori-in-piazza-iv-novembre-stazione-ff-ss\/","title":{"rendered":"FORMIA : Completati i lavori in piazza IV Novembre &#8211; Stazione FF.SS."},"content":{"rendered":"<figure id=\"attachment_5150\" aria-describedby=\"caption-attachment-5150\" style=\"width: 300px\" class=\"wp-caption alignleft\"><a href=\"https:\/\/www.ulisseland.com\/journal\/wp-content\/uploads\/2012\/11\/02.jpg\"><img loading=\"lazy\" decoding=\"async\" class=\"size-medium wp-image-5150\" title=\"02\" src=\"https:\/\/www.ulisseland.com\/journal\/wp-content\/uploads\/2012\/11\/02-300x199.jpg\" alt=\"\" width=\"300\" height=\"199\" srcset=\"https:\/\/www.ulisseland.com\/journal\/wp-content\/uploads\/2012\/11\/02-300x199.jpg 300w, https:\/\/www.ulisseland.com\/journal\/wp-content\/uploads\/2012\/11\/02-1024x680.jpg 1024w, https:\/\/www.ulisseland.com\/journal\/wp-content\/uploads\/2012\/11\/02-600x398.jpg 600w\" sizes=\"auto, (max-width: 300px) 100vw, 300px\" \/><\/a><figcaption id=\"caption-attachment-5150\" class=\"wp-caption-text\">Il Piazzale della Stazione FF.SS.<\/figcaption><\/figure>\n<p>L\u2019intervento di\u00a0 riqualificazione e di arredo della piazza antistante la stazione ferroviaria \u00e8 stato completato. Con le ultime operazioni di asfalto, segnaletica e riordino delle postazioni di sosta, il nuovo impianto sar\u00e0 a giorni funzionale per i servizi e fruibile per l\u2019utenza. Da segnalare a riguardo l\u2019esito positivo riscontrato dalla corsa prova del Cotral in ordine alle manovre sul nuovo tracciato.<\/p>\n<p>Gli stalli ridisegnati\u00a0 riguardano i bus linea Gaeta, i\u00a0 taxi, le auto private per la sosta breve e la Polfer, un punto sosta per i diversamente abili.<\/p>\n<figure id=\"attachment_5149\" aria-describedby=\"caption-attachment-5149\" style=\"width: 300px\" class=\"wp-caption alignright\"><a href=\"https:\/\/www.ulisseland.com\/journal\/wp-content\/uploads\/2012\/11\/06.jpg\"><img loading=\"lazy\" decoding=\"async\" class=\"size-medium wp-image-5149\" title=\"06\" src=\"https:\/\/www.ulisseland.com\/journal\/wp-content\/uploads\/2012\/11\/06-300x199.jpg\" alt=\"\" width=\"300\" height=\"199\" srcset=\"https:\/\/www.ulisseland.com\/journal\/wp-content\/uploads\/2012\/11\/06-300x199.jpg 300w, https:\/\/www.ulisseland.com\/journal\/wp-content\/uploads\/2012\/11\/06-1024x680.jpg 1024w, https:\/\/www.ulisseland.com\/journal\/wp-content\/uploads\/2012\/11\/06-600x398.jpg 600w\" sizes=\"auto, (max-width: 300px) 100vw, 300px\" \/><\/a><figcaption id=\"caption-attachment-5149\" class=\"wp-caption-text\">Il Piazzale della Stazione FF.SS.<\/figcaption><\/figure>\n<p>Nella mattinata di luned\u00ec \u00e8 in programma un incontro al Comune con il Cotral provinciale per la definizione dell\u2019organizzazione dei transiti dei bus allo scalo ferroviario, in coincidenza e concomitanza con i treni in arrivo e partenza da Formia.<\/p>\n<p>\u201c La piazza cos\u00ec come realizzata \u2013 dichiara il sindaco Forte &#8211; valorizza un ambiente al centro della citt\u00e0 e riordina una serie di flussi veicolari senza penalizzare il trasporto pubblico dei passeggeri. Ringrazio gli assessori alla viabilit\u00e0 e lavori pubblici, i dirigenti, i tecnici comunali, l\u2019impresa per aver portato a termine un\u2019opera di cui Formia aveva bisogno. Adesso i lavori continueranno per mettere in sicurezza e sistemare la parte di scarpata a ridosso della piazza. Un cantiere che non interferir\u00e0 con la fruibilit\u00e0 e la mobilit\u00e0 all\u2019interno dell\u2019area realizzata.<\/p>\n<figure id=\"attachment_5152\" aria-describedby=\"caption-attachment-5152\" style=\"width: 300px\" class=\"wp-caption alignleft\"><a href=\"https:\/\/www.ulisseland.com\/journal\/wp-content\/uploads\/2012\/11\/05.jpg\"><img loading=\"lazy\" decoding=\"async\" class=\"size-medium wp-image-5152\" title=\"05\" src=\"https:\/\/www.ulisseland.com\/journal\/wp-content\/uploads\/2012\/11\/05-300x199.jpg\" alt=\"\" width=\"300\" height=\"199\" srcset=\"https:\/\/www.ulisseland.com\/journal\/wp-content\/uploads\/2012\/11\/05-300x199.jpg 300w, https:\/\/www.ulisseland.com\/journal\/wp-content\/uploads\/2012\/11\/05-1024x680.jpg 1024w, https:\/\/www.ulisseland.com\/journal\/wp-content\/uploads\/2012\/11\/05-600x398.jpg 600w, https:\/\/www.ulisseland.com\/journal\/wp-content\/uploads\/2012\/11\/05.jpg 1715w\" sizes=\"auto, (max-width: 300px) 100vw, 300px\" \/><\/a><figcaption id=\"caption-attachment-5152\" class=\"wp-caption-text\">Il Piazzale della Stazione FF.SS.<\/figcaption><\/figure>\n<p>Su questo intervento sono state scritte e dette molte cose non rispondenti al vero. La realt\u00e0 \u00e8 che abbiamo costruito un\u2019opera eliminando il degrado, gli ingorghi, la sosta selvaggia di motorini, auto e bus che in passato mettevano a repentaglio la sicurezza dei pedoni nell\u2019attraversamento della piazza. Noi abbiamo realizzato un polo funzionale ai servizi di collegamento e di interscambio ferro-gomma. Una modernizzazione del sistema viabilit\u00e0 e scorrimento traffico che allinea Formia ad altre pi\u00f9 importanti piazze d\u2019Italia. Il riferimento a Siena, una citt\u00e0 leader in Italia sul piano della mobilit\u00e0, dovrebbe far riflettere a tutti coloro che in questi mesi hanno polemizzato e speculato sui lavori che stavamo realizzando. La Stazione \u00e8 un punto nevralgico, un biglietto da visita per una comunit\u00e0 ed un territorio. Su quell\u2019area si coniugano ed intersecano flussi veicolari e di persone che potranno fruire di un parcheggio multipiano, di una nuova organizzazione del trasporto pubblico di bus e di una serie di posti per la sosta breve delle auto private. L\u2019offerta dei servizi\u00a0 \u2013 bus e taxi \u2013 risponde alle necessit\u00e0 ed alle esigenze di garantire prestazioni in un\u2019ottica di mobilit\u00e0 pubblica. Con Trenitalia stiamo portando avanti un progetto di collegamento tra l\u2019area sosta di Via Cassio e la Stazione FS. Un sottopasso che consentir\u00e0 ai viaggiatori di collegarsi direttamente all\u2019impianto ferroviario evitando un lungo percorso a piedi per raggiungere lo scalo. Il Cotral ha predisposto anche un tabellone informativo per segnalare tutte le corse in arrivo e partenza. Questi segnali di innovazione contribuiranno ad ottimizzare e disciplinare l\u2019insieme dei servizi offerti. Certo \u2013 conclude il sindaco \u2013 per realizzare un\u2019opera pubblica c\u2019\u00e8 bisogno di tempo e nella fase dell\u2019intervento si creano disagi temporanei ai cittadini. Questa citt\u00e0 ha avuto la fortuna di utilizzare finanziamenti, aprire cantieri, progettare e realizzare nuove infrastrutture. Da ieri sono partiti i lavori per la nuova piazza Aldo Moro, a Via Nerva stiamo completando i marciapiedi, stessa cosa dicasi per il tratto di Via Emanale Filiberto in zona Piazza Risorgimento. Anche sul litorale di Vindicio stiamo ultimando la pavimentazione dei marciapiedi. Queste opere stanno cambiando il volto di una citt\u00e0 rendendola moderna, efficiente e funzionale sul piano dell\u2019accoglienza e della vivibilit\u00e0\u201d.<\/p>\n<figure id=\"attachment_5151\" aria-describedby=\"caption-attachment-5151\" style=\"width: 300px\" class=\"wp-caption alignright\"><a href=\"https:\/\/www.ulisseland.com\/journal\/wp-content\/uploads\/2012\/11\/04.jpg\"><img loading=\"lazy\" decoding=\"async\" class=\"size-medium wp-image-5151\" title=\"04\" src=\"https:\/\/www.ulisseland.com\/journal\/wp-content\/uploads\/2012\/11\/04-300x199.jpg\" alt=\"\" width=\"300\" height=\"199\" srcset=\"https:\/\/www.ulisseland.com\/journal\/wp-content\/uploads\/2012\/11\/04-300x199.jpg 300w, https:\/\/www.ulisseland.com\/journal\/wp-content\/uploads\/2012\/11\/04-1024x680.jpg 1024w, https:\/\/www.ulisseland.com\/journal\/wp-content\/uploads\/2012\/11\/04-600x398.jpg 600w\" sizes=\"auto, (max-width: 300px) 100vw, 300px\" \/><\/a><figcaption id=\"caption-attachment-5151\" class=\"wp-caption-text\">Il Piazzale della Stazione FF.SS.<\/figcaption><\/figure>\n<p>Il Direttore Dott. Sergio Monforte<\/p>\n","protected":false},"excerpt":{"rendered":"<p>L\u2019intervento di\u00a0 riqualificazione e di arredo della piazza antistante la stazione ferroviaria \u00e8 stato completato. Con le ultime operazioni di asfalto, segnaletica e riordino delle postazioni di sosta, il nuovo impianto sar\u00e0 a giorni funzionale per i servizi e fruibile per l\u2019utenza. Da segnalare a riguardo l\u2019esito positivo riscontrato dalla corsa prova del Cotral in<\/p>\n","protected":false},"author":1,"featured_media":0,"comment_status":"open","ping_status":"open","sticky":false,"template":"","format":"standard","meta":{"footnotes":""},"categories":[14],"tags":[],"class_list":["post-5148","post","type-post","status-publish","format-standard","hentry","category-comune-di-formia"],"_links":{"self":[{"href":"https:\/\/www.ulisseland.com\/journal\/wp-json\/wp\/v2\/posts\/5148","targetHints":{"allow":["GET"]}}],"collection":[{"href":"https:\/\/www.ulisseland.com\/journal\/wp-json\/wp\/v2\/posts"}],"about":[{"href":"https:\/\/www.ulisseland.com\/journal\/wp-json\/wp\/v2\/types\/post"}],"author":[{"embeddable":true,"href":"https:\/\/www.ulisseland.com\/journal\/wp-json\/wp\/v2\/users\/1"}],"replies":[{"embeddable":true,"href":"https:\/\/www.ulisseland.com\/journal\/wp-json\/wp\/v2\/comments?post=5148"}],"version-history":[{"count":2,"href":"https:\/\/www.ulisseland.com\/journal\/wp-json\/wp\/v2\/posts\/5148\/revisions"}],"predecessor-version":[{"id":5154,"href":"https:\/\/www.ulisseland.com\/journal\/wp-json\/wp\/v2\/posts\/5148\/revisions\/5154"}],"wp:attachment":[{"href":"https:\/\/www.ulisseland.com\/journal\/wp-json\/wp\/v2\/media?parent=5148"}],"wp:term":[{"taxonomy":"category","embeddable":true,"href":"https:\/\/www.ulisseland.com\/journal\/wp-json\/wp\/v2\/categories?post=5148"},{"taxonomy":"post_tag","embeddable":true,"href":"https:\/\/www.ulisseland.com\/journal\/wp-json\/wp\/v2\/tags?post=5148"}],"curies":[{"name":"wp","href":"https:\/\/api.w.org\/{rel}","templated":true}]}}