{"id":5141,"date":"2012-11-19T18:53:55","date_gmt":"2012-11-19T17:53:55","guid":{"rendered":"http:\/\/www.ulisseland.com\/journal\/?p=5141&#038;lang=it"},"modified":"2012-11-19T18:53:55","modified_gmt":"2012-11-19T17:53:55","slug":"formia-cimitero-degli-archi-il-sindaco-invita-le-forze-consiliari-ad-indicare-unarea-alternativa","status":"publish","type":"post","link":"https:\/\/www.ulisseland.com\/journal\/formia-cimitero-degli-archi-il-sindaco-invita-le-forze-consiliari-ad-indicare-unarea-alternativa\/","title":{"rendered":"FORMIA : Cimitero degli Archi, il sindaco invita le forze consiliari ad indicare un\u2019area alternativa"},"content":{"rendered":"<figure id=\"attachment_5142\" aria-describedby=\"caption-attachment-5142\" style=\"width: 586px\" class=\"wp-caption aligncenter\"><a href=\"https:\/\/www.ulisseland.com\/journal\/wp-content\/uploads\/2012\/11\/cimitero-Formia.jpg\"><img loading=\"lazy\" decoding=\"async\" class=\"size-large wp-image-5142\" title=\"cimitero Formia\" src=\"https:\/\/www.ulisseland.com\/journal\/wp-content\/uploads\/2012\/11\/cimitero-Formia-1024x768.jpg\" alt=\"\" width=\"586\" height=\"439\" srcset=\"https:\/\/www.ulisseland.com\/journal\/wp-content\/uploads\/2012\/11\/cimitero-Formia-1024x768.jpg 1024w, https:\/\/www.ulisseland.com\/journal\/wp-content\/uploads\/2012\/11\/cimitero-Formia-300x225.jpg 300w, https:\/\/www.ulisseland.com\/journal\/wp-content\/uploads\/2012\/11\/cimitero-Formia-600x450.jpg 600w\" sizes=\"auto, (max-width: 586px) 100vw, 586px\" \/><\/a><figcaption id=\"caption-attachment-5142\" class=\"wp-caption-text\">L&#39;ingresso dell&#39;attuale Cimitero di Formia Centro<\/figcaption><\/figure>\n<p>L\u2019obiettivo di questa Amministrazione, ha sottolineato il Sindaco Michele Forte, \u00e8 dotarsi di una programmazione dello sviluppo del territorio per i prossimi 40 anni. Una proiezione sul medio termine finalizzata a realizzare una serie di opere strategiche sul piano della pianificazione dei servizi, opere pubbliche,\u00a0 infrastrutture, viabilit\u00e0, ricettivit\u00e0, insediamenti produttivi, recupero dei centri storici, tutela dell\u2019ambiente. Quest\u2019idea di cambiamento e rinnovamento del territorio e della citt\u00e0 la stiamo realizzando, basta osservare i tanti cantieri aperti sul territorio.<\/p>\n<p>Il nuovo documento urbanistico del Piano Regolatore contempla tutta una serie di proposte innovative mirate a ridisegnare il volto di una citt\u00e0 moderna, attrezzata, vivibile. In questo contesto urbanistico era stato inserito anche il nuovo cimitero monumentale della citt\u00e0. Un\u2019opera necessaria ed indispensabile per garantire all\u2019intera comunit\u00e0 l\u2019offerta e la fruizione di loculi cimiteriali.<\/p>\n<p>Il problema a livello di emergenza esiste e su questo tutti concordano. La polemica che ha tenuto banco in questi mesi si \u00e8 incentrata sulla localizzazione. La maggioranza di governo aveva indicato l\u2019area degli Archi, in localit\u00e0 Campese, sostenendo attraverso un progetto\u00a0 la fattibilit\u00e0 di quell\u2019opera. Del resto, non a caso, l\u2019area in questione era stata inserita nel precedente strumento urbanistico elaborato dall\u2019arch. Vezio De Lucia.<\/p>\n<p>L\u2019ipotesi progettuale &#8211; ha dichiarato il sindaco Forte &#8211; rispettava quindi una scelta che era stata in precedenza indicata dall\u2019amministrazione di sinistra. Da questo punto di vista non c\u2019\u00e8 stata alcun accanimento o persecuzione nei confronti della propriet\u00e0 degli Archi.<\/p>\n<p>Sulla vicenda degli Archi \u00e8 stata montata una campagna politica tendente a contrapporre interessi privati ad un interesse generale e pubblico. Il voto unanime &#8211; espresso dal Consiglio &#8211; su un documento che riconosce la necessit\u00e0 di realizzare il nuovo cimitero &#8211; \u00e8 una vittoria di tutta la citt\u00e0. Le opposizioni hanno finalmente preso atto dell\u2019importanza di costruire una nuova opera. Io non faccio la guerra a nessuno, voglio andare oltre e guardare lontano. Ringrazio tutte le forze politiche per aver approvato un ordine del giorno nel quale si evidenzia la urgenza di costruire un nuovo cimitero al servizio di tutti. Con la maggioranza ho avuto modo di discutere e approfondire l\u2019argomento e sono giunto alla conclusione di verificare nuove soluzioni di aree. Un passo avanti e non indietro, un\u2019apertura ad allargare il confronto valutando eventuali proposte alternative e condivise.<\/p>\n<p>\u201cProprio per venire incontro e raccogliere proposte,\u00a0 suggerimenti ed\u00a0 istanze, ho ritenuto proporre alle forze politiche di individuare ed indicare un\u2019area alternativa agli Archi, in grado di soddisfare i bisogni e le esigenze di una grande struttura cimiteriale, poich\u00e9 il nuovo cimitero \u00e8 un imperativo categorico e strategico per gli interessi ed il futuro della citt\u00e0. In uno spirito di condivisione del progetto, evitando strappi e forzature, sono disposto anche ad indire un referendum popolare.<\/p>\n<p>Il Direttore Dott. Sergio Monforte<\/p>\n","protected":false},"excerpt":{"rendered":"<p>L\u2019obiettivo di questa Amministrazione, ha sottolineato il Sindaco Michele Forte, \u00e8 dotarsi di una programmazione dello sviluppo del territorio per i prossimi 40 anni. Una proiezione sul medio termine finalizzata a realizzare una serie di opere strategiche sul piano della pianificazione dei servizi, opere pubbliche,\u00a0 infrastrutture, viabilit\u00e0, ricettivit\u00e0, insediamenti produttivi, recupero dei centri storici, tutela<\/p>\n","protected":false},"author":1,"featured_media":0,"comment_status":"open","ping_status":"open","sticky":false,"template":"","format":"standard","meta":{"footnotes":""},"categories":[14,13,11],"tags":[],"class_list":["post-5141","post","type-post","status-publish","format-standard","hentry","category-comune-di-formia","category-cronaca","category-enti"],"_links":{"self":[{"href":"https:\/\/www.ulisseland.com\/journal\/wp-json\/wp\/v2\/posts\/5141","targetHints":{"allow":["GET"]}}],"collection":[{"href":"https:\/\/www.ulisseland.com\/journal\/wp-json\/wp\/v2\/posts"}],"about":[{"href":"https:\/\/www.ulisseland.com\/journal\/wp-json\/wp\/v2\/types\/post"}],"author":[{"embeddable":true,"href":"https:\/\/www.ulisseland.com\/journal\/wp-json\/wp\/v2\/users\/1"}],"replies":[{"embeddable":true,"href":"https:\/\/www.ulisseland.com\/journal\/wp-json\/wp\/v2\/comments?post=5141"}],"version-history":[{"count":2,"href":"https:\/\/www.ulisseland.com\/journal\/wp-json\/wp\/v2\/posts\/5141\/revisions"}],"predecessor-version":[{"id":5144,"href":"https:\/\/www.ulisseland.com\/journal\/wp-json\/wp\/v2\/posts\/5141\/revisions\/5144"}],"wp:attachment":[{"href":"https:\/\/www.ulisseland.com\/journal\/wp-json\/wp\/v2\/media?parent=5141"}],"wp:term":[{"taxonomy":"category","embeddable":true,"href":"https:\/\/www.ulisseland.com\/journal\/wp-json\/wp\/v2\/categories?post=5141"},{"taxonomy":"post_tag","embeddable":true,"href":"https:\/\/www.ulisseland.com\/journal\/wp-json\/wp\/v2\/tags?post=5141"}],"curies":[{"name":"wp","href":"https:\/\/api.w.org\/{rel}","templated":true}]}}