{"id":5137,"date":"2012-11-19T18:46:02","date_gmt":"2012-11-19T17:46:02","guid":{"rendered":"http:\/\/www.ulisseland.com\/journal\/?p=5137&#038;lang=it"},"modified":"2012-11-19T18:46:02","modified_gmt":"2012-11-19T17:46:02","slug":"formia-il-v-e-r-festeggia-il-trentennale-della-fondazione","status":"publish","type":"post","link":"https:\/\/www.ulisseland.com\/journal\/formia-il-v-e-r-festeggia-il-trentennale-della-fondazione\/","title":{"rendered":"FORMIA : IL V.E.R. FESTEGGIA IL TRENTENNALE DELLA FONDAZIONE"},"content":{"rendered":"<figure id=\"attachment_5139\" aria-describedby=\"caption-attachment-5139\" style=\"width: 300px\" class=\"wp-caption alignleft\"><a href=\"https:\/\/www.ulisseland.com\/journal\/wp-content\/uploads\/2012\/11\/OLI4535.jpg\"><img loading=\"lazy\" decoding=\"async\" class=\"size-medium wp-image-5139\" title=\"_OLI4535\" src=\"https:\/\/www.ulisseland.com\/journal\/wp-content\/uploads\/2012\/11\/OLI4535-300x199.jpg\" alt=\"\" width=\"300\" height=\"199\" srcset=\"https:\/\/www.ulisseland.com\/journal\/wp-content\/uploads\/2012\/11\/OLI4535-300x199.jpg 300w, https:\/\/www.ulisseland.com\/journal\/wp-content\/uploads\/2012\/11\/OLI4535-1024x680.jpg 1024w, https:\/\/www.ulisseland.com\/journal\/wp-content\/uploads\/2012\/11\/OLI4535-600x398.jpg 600w\" sizes=\"auto, (max-width: 300px) 100vw, 300px\" \/><\/a><figcaption id=\"caption-attachment-5139\" class=\"wp-caption-text\">L&#39;intervento del Sindaco Michele Forte<\/figcaption><\/figure>\n<p>L\u2019Associazione Volontari Emergenza Radio (V.E.R. SUD PONTINO) ha festeggiato il trentennale della sua nascita. L\u2019associazione \u00e8 sorta, infatrti, nel 1982 grazie all\u2019iniziativa di otto cittadini animati unicamente dalla volont\u00e0 di mettersi al servizio della comunit\u00e0. La cerimonia si \u00e8 svolta presso la sala \u201cRibaud\u201d del Comune di Formia alla presenza del sindaco Michele Forte, del suo vice Benedetto Assaiante, degli assessori Gianni Carpinelli (Protezione Civile) e Vittorio Pecorino (Turismo) e dei tanti volontari del V.E.R.<\/p>\n<p>\u201c<em>Vi ringrazio di cuore per la vostra presenza, per il vostro impegno quotidiano e costante e per il sacrificio che contraddistingue la vostra opera &#8211; <\/em>ha dichiarato il Sindaco Michele Forte &#8211; <em>l\u2019associazione VER costituisce una risorsa importantissima della citt\u00e0 e dell\u2019intero comprensorio anche perch\u00e9 l\u2019attivit\u00e0 svolta supera i confini della provincia, l\u2019amministrazione comunale far\u00e0 sempre tutto il possibile per assicurare la presenza al vostro fianco<\/em>\u201d.<\/p>\n<p>Parole di elogio e di sentito ringraziamento sono state espresse anche dall\u2019assessore alla Protezione Civile Gianni Carpinelli, il quale ha, in particolare, sottolineato l\u2019impegno di coloro che sono scomparsi.<\/p>\n<p>Nel corso del suo intervento il presidente dell\u2019Associazione Volontari Emergenza Radio, Antonio Tomao, ha ricordato il lungo cammino trentennale del V.E.R., contrassegnato dalla presenza attiva nella gestione delle tante emergenze sia locali che nazionali: campagne antincendio boschivo, emergenza neve, missione arcobaleno in Albania, terremoti dell\u2019Aquila ed Emilia, e quelle pi\u00f9 recenti, come\u00a0 l\u2019esplosione di parte della palazzina in via Madonna di Ponza e l\u2019esondazione del torrente Pontone.<\/p>\n<figure id=\"attachment_5138\" aria-describedby=\"caption-attachment-5138\" style=\"width: 586px\" class=\"wp-caption aligncenter\"><a href=\"https:\/\/www.ulisseland.com\/journal\/wp-content\/uploads\/2012\/11\/OLI4521.jpg\"><img loading=\"lazy\" decoding=\"async\" class=\"size-large wp-image-5138\" title=\"_OLI4521\" src=\"https:\/\/www.ulisseland.com\/journal\/wp-content\/uploads\/2012\/11\/OLI4521-1024x680.jpg\" alt=\"\" width=\"586\" height=\"389\" srcset=\"https:\/\/www.ulisseland.com\/journal\/wp-content\/uploads\/2012\/11\/OLI4521-1024x680.jpg 1024w, https:\/\/www.ulisseland.com\/journal\/wp-content\/uploads\/2012\/11\/OLI4521-300x199.jpg 300w, https:\/\/www.ulisseland.com\/journal\/wp-content\/uploads\/2012\/11\/OLI4521-600x398.jpg 600w\" sizes=\"auto, (max-width: 586px) 100vw, 586px\" \/><\/a><figcaption id=\"caption-attachment-5138\" class=\"wp-caption-text\">Il pubblico presente all&#39;incontro<\/figcaption><\/figure>\n<p>Nel corso della cerimonia alcuni volontari hanno testimoniato il loro impegno attraverso il racconto commosso delle esperienze vissute sul fronte delle emergenze.<\/p>\n<p>Al termine vi \u00e8 stato un reciproco scambio di targhe e di attestati di riconoscimento tra il Sindaco Michele Forte ed il Presidente ed i volontari del V.E.R.<\/p>\n<p>&nbsp;<\/p>\n<p>Il Direttore Dott. Sergio Monforte<\/p>\n","protected":false},"excerpt":{"rendered":"<p>L\u2019Associazione Volontari Emergenza Radio (V.E.R. SUD PONTINO) ha festeggiato il trentennale della sua nascita. L\u2019associazione \u00e8 sorta, infatrti, nel 1982 grazie all\u2019iniziativa di otto cittadini animati unicamente dalla volont\u00e0 di mettersi al servizio della comunit\u00e0. La cerimonia si \u00e8 svolta presso la sala \u201cRibaud\u201d del Comune di Formia alla presenza del sindaco Michele Forte, del<\/p>\n","protected":false},"author":1,"featured_media":0,"comment_status":"open","ping_status":"open","sticky":false,"template":"","format":"standard","meta":{"footnotes":""},"categories":[14,13,11],"tags":[],"class_list":["post-5137","post","type-post","status-publish","format-standard","hentry","category-comune-di-formia","category-cronaca","category-enti"],"_links":{"self":[{"href":"https:\/\/www.ulisseland.com\/journal\/wp-json\/wp\/v2\/posts\/5137","targetHints":{"allow":["GET"]}}],"collection":[{"href":"https:\/\/www.ulisseland.com\/journal\/wp-json\/wp\/v2\/posts"}],"about":[{"href":"https:\/\/www.ulisseland.com\/journal\/wp-json\/wp\/v2\/types\/post"}],"author":[{"embeddable":true,"href":"https:\/\/www.ulisseland.com\/journal\/wp-json\/wp\/v2\/users\/1"}],"replies":[{"embeddable":true,"href":"https:\/\/www.ulisseland.com\/journal\/wp-json\/wp\/v2\/comments?post=5137"}],"version-history":[{"count":1,"href":"https:\/\/www.ulisseland.com\/journal\/wp-json\/wp\/v2\/posts\/5137\/revisions"}],"predecessor-version":[{"id":5140,"href":"https:\/\/www.ulisseland.com\/journal\/wp-json\/wp\/v2\/posts\/5137\/revisions\/5140"}],"wp:attachment":[{"href":"https:\/\/www.ulisseland.com\/journal\/wp-json\/wp\/v2\/media?parent=5137"}],"wp:term":[{"taxonomy":"category","embeddable":true,"href":"https:\/\/www.ulisseland.com\/journal\/wp-json\/wp\/v2\/categories?post=5137"},{"taxonomy":"post_tag","embeddable":true,"href":"https:\/\/www.ulisseland.com\/journal\/wp-json\/wp\/v2\/tags?post=5137"}],"curies":[{"name":"wp","href":"https:\/\/api.w.org\/{rel}","templated":true}]}}