{"id":5109,"date":"2012-10-22T09:53:43","date_gmt":"2012-10-22T07:53:43","guid":{"rendered":"http:\/\/www.ulisseland.com\/journal\/?p=5109&#038;lang=it"},"modified":"2012-11-30T12:26:38","modified_gmt":"2012-11-30T11:26:38","slug":"ponza-polemiche-strumentali-sulla-centrale-elettrica","status":"publish","type":"post","link":"https:\/\/www.ulisseland.com\/journal\/ponza-polemiche-strumentali-sulla-centrale-elettrica\/","title":{"rendered":"PONZA: POLEMICHE STRUMENTALI SULLA CENTRALE ELETTRICA"},"content":{"rendered":"<p><strong>Un intervento del Sindaco Piero Vigorelli.<\/strong><\/p>\n<figure id=\"attachment_4704\" aria-describedby=\"caption-attachment-4704\" style=\"width: 188px\" class=\"wp-caption alignright\"><a href=\"https:\/\/www.ulisseland.com\/journal\/wp-content\/uploads\/2012\/09\/Piero-Vigorelli-Sindaco-di-Ponza.jpg\"><img loading=\"lazy\" decoding=\"async\" class=\"size-full wp-image-4704\" title=\"Dott. Piero Vigorelli Sindaco di Ponza\" src=\"https:\/\/www.ulisseland.com\/journal\/wp-content\/uploads\/2012\/09\/Piero-Vigorelli-Sindaco-di-Ponza.jpg\" alt=\"\" width=\"188\" height=\"268\" \/><\/a><figcaption id=\"caption-attachment-4704\" class=\"wp-caption-text\">Dot. Piero Vigorelli Sindaco di Ponza<\/figcaption><\/figure>\n<p>\u201cLa questione della Centrale Elettrica mi \u00e8 arrivata tra capo e collo venti giorni dopo la mia elezione a Sindaco nel maggio scorso, quando un gruppo elettrogeno della centrale prioritaria a Le Forna \u00e8 andato in pezzi e l\u2019isola \u00e8 piombata nel buio. Ho scritto a mano su un foglio di carta l\u2019autorizzazione all\u2019accensione della centrale di emergenza di Giancos, basandomi sull\u2019ordinanza del Commissario Prefettizio.<\/p>\n<p>\u201c<span style=\"text-decoration: underline;\">Dovevo lasciare Ponza senza corrente elettrica?<\/span> L\u2019idea, da un punto di vista romantico, poteva anche piacere. Ma chiunque pu\u00f2 capire che non sarebbe stata la strada giusta. Giocoforza ho riaperto la centrale che era stata chiusa per motivi sacrosanti, con autorizzazioni settimanali, con rapporti tecnici della SEP sull\u2019andamento della riparazione, in attesa dei pezzi di ricambio arrivati direttamente dagli Stati Uniti dalla sede della Caterpillar.<\/p>\n<p>\u201cPoi, con l\u2019arrivo dell\u2019estate e delle migliaia di turisti che per fortuna sono arrivati a Ponza, nuove autorizzazioni settimanali per sopperire ai picchi di energia che i due generatori di Le Forna non riuscivano a garantire. Questo sempre sulla base dell\u2019ordinanza del Commissario Prefettizio e con due occhi sul consumo elettrico del 2011. L\u2019emergenza picchi \u00e8 terminata a fine settembre, anche perch\u00e9 ho preteso che la SEP anticipasse la manutenzione ordinaria periodica del gruppo a Le Forna che non era andato in avaria. A via Cesarano a Giancos sono quindi ritornati i lucchetti.<\/p>\n<p>\u201cPurtroppo la settimana scorsa i due gruppi a Le Forna sono andati in tilt nella parte elettronica. Un guasto \u00e8 stato riparato in due giorni, l\u2019altro \u00e8 imminente. Essendo bassa stagione, per dare elettricit\u00e0 a tutta l\u2019isola \u00e8 stato sufficiente riaprire Giancos 2-3 ore verso sera. Spero che domani (marted\u00ec 23 settembre) ritornino i lucchetti a Giancos.<\/p>\n<p><span style=\"text-decoration: underline;\">\u201cDi tutti questi passi compiuti dal Comune sono stati sempre messi al corrente sia la Procura della Repubblica di Latina che la Procura Generale di Roma, nonch\u00e9 la Prefettura, tutti gli Enti regionali e provinciali, gli organismi a tutela della pubblica salute. <\/span><\/p>\n<p>\u201cNel frattempo ho cercato di capire\u00a0 l\u2019annosa vicenda del trasferimento della centrale in localit\u00e0 Monte Pagliaro, con la costruzione di una nuova centrale e la definitiva chiusura di quelle a Le Forna e a Giancos. E\u2019 una vicenda che fa inorridire, un esempio (fra i molti) del malcostume amministrativo del passato di Ponza. Con il Comune che nel 2001 aveva appaltato i lavori per la costruzione di una nuova centrale e poi aveva rotto il contratto con la ditta appaltatrice, che ora ha chiesto ingenti danni al Comune avendo vinto la causa.<\/p>\n<p>\u201cAnche il Commissario Prefettizio ha avuto le sue gatte da pelare, perch\u00e9 durante la sua gestione la Provincia ha disposto la chiusura della centrale di Giancos. Il Commissario ha aperto il dossier e compiuto atti per rendere realizzabile la costruzione della nuova centrale sul Monte Pagliaro, anche accollando al Comune spese per mancati espropri fatti nel passato.<\/p>\n<p><span style=\"text-decoration: underline;\">\u201cLa costruzione della nuova centrale parte dall\u2019acquisizione del terreno dove sorger\u00e0. Essendo di propriet\u00e0 comunale, il Comune ha un doppio interesse:<\/span>\u00a0 realizzare\u00a0 la nuova centrale per tutelare la salute dei cittadini e incassare circa un milione di euro che farebbero molto bene alle casse comunali. Per il Comune \u00e8 una priorit\u00e0, sarebbe masochismo rinviare la vendita del terreno sul Monte Pagliaro!<\/p>\n<p>\u201c<span style=\"text-decoration: underline;\">Ma come vendere quel terreno? Con quale procedura di legge?<\/span> L\u2019attuale Sindaco si \u00e8 trovato di fronte a soluzioni discordanti, che neppure il Commissario Prefettizio aveva risolto. Per questo motivo la Giunta Comunale la settimana scorsa ha deciso di rivolgersi al massimo organismo competente, \u00e8 cio\u00e8 all\u2019<span style=\"text-decoration: underline;\">Autorit\u00e0 di Vigilanza sui Contratti Pubblici (AVCP)<\/span>. Quello che l\u2019Autorit\u00e0 ci dir\u00e0 che \u00e8 corretto fare, il Comune di Ponza lo far\u00e0 immediatamente.<\/p>\n<p>\u201c<span style=\"text-decoration: underline;\">Quanto alla Conferenza di Servizi del 25 settembre<\/span> scorso, relativa a un progetto della SEP per ridurre le emissioni inquinanti a Giancos secondo le prescrizioni della Regione Lazio, non c\u2019\u00e8 nessuna marcia indietro n\u00e9 della Provincia di Latina n\u00e9 del Comune di Ponza, che in quella sede hanno ribadito alla SEP che questa procedura non potr\u00e0 in ogni caso portare alla revoca della chiusura di Giancos.<\/p>\n<p>\u201c<span style=\"text-decoration: underline;\">La cosa \u00e8 molto semplice: visto che la nuova centrale entrer\u00e0 in funzione non prima di\u00a0 4-5 anni, \u00e8 buona cosa che a Giancos (ma anche a Le Forna) le emissioni inquinanti siano ridotte al minimo.<\/span> Punto e basta. Tutto il resto sono chiacchiere, disinformazione e bassa speculazione di chi non si rassegna di aver perso le elezioni comunali. E che magari avrebbe voluto che il Sindaco avesse lasciato Ponza al buio, per attaccarlo con un argomento degno di polemica\u201d.<\/p>\n<p>A cura del Direttore Dott. Sergio Monforte<\/p>\n<p><a href=\"http:\/\/www.virtualcity3d.it\/dettaglioluogo.aspx?id=54&amp;ddvalue=6&amp;comune=Ponza.db&amp;str=&amp;sferic=6330011_20090715_153207_843750_33668\"><img loading=\"lazy\" decoding=\"async\" class=\"alignleft  wp-image-280\" title=\"Ponza Virtual City 3D\" src=\"https:\/\/www.ulisseland.com\/journal\/wp-content\/uploads\/2012\/02\/Ponza-Virtual-City-3D-e1329904126496.jpg\" alt=\"\" width=\"150\" height=\"144\" \/><\/a><\/p>\n","protected":false},"excerpt":{"rendered":"<p>Un intervento del Sindaco Piero Vigorelli. \u201cLa questione della Centrale Elettrica mi \u00e8 arrivata tra capo e collo venti giorni dopo la mia elezione a Sindaco nel maggio scorso, quando un gruppo elettrogeno della centrale prioritaria a Le Forna \u00e8 andato in pezzi e l\u2019isola \u00e8 piombata nel buio. Ho scritto a mano su un<\/p>\n","protected":false},"author":1,"featured_media":0,"comment_status":"open","ping_status":"open","sticky":false,"template":"","format":"standard","meta":{"footnotes":""},"categories":[18,13,11],"tags":[],"class_list":["post-5109","post","type-post","status-publish","format-standard","hentry","category-comune-di-ponza","category-cronaca","category-enti"],"_links":{"self":[{"href":"https:\/\/www.ulisseland.com\/journal\/wp-json\/wp\/v2\/posts\/5109","targetHints":{"allow":["GET"]}}],"collection":[{"href":"https:\/\/www.ulisseland.com\/journal\/wp-json\/wp\/v2\/posts"}],"about":[{"href":"https:\/\/www.ulisseland.com\/journal\/wp-json\/wp\/v2\/types\/post"}],"author":[{"embeddable":true,"href":"https:\/\/www.ulisseland.com\/journal\/wp-json\/wp\/v2\/users\/1"}],"replies":[{"embeddable":true,"href":"https:\/\/www.ulisseland.com\/journal\/wp-json\/wp\/v2\/comments?post=5109"}],"version-history":[{"count":2,"href":"https:\/\/www.ulisseland.com\/journal\/wp-json\/wp\/v2\/posts\/5109\/revisions"}],"predecessor-version":[{"id":5278,"href":"https:\/\/www.ulisseland.com\/journal\/wp-json\/wp\/v2\/posts\/5109\/revisions\/5278"}],"wp:attachment":[{"href":"https:\/\/www.ulisseland.com\/journal\/wp-json\/wp\/v2\/media?parent=5109"}],"wp:term":[{"taxonomy":"category","embeddable":true,"href":"https:\/\/www.ulisseland.com\/journal\/wp-json\/wp\/v2\/categories?post=5109"},{"taxonomy":"post_tag","embeddable":true,"href":"https:\/\/www.ulisseland.com\/journal\/wp-json\/wp\/v2\/tags?post=5109"}],"curies":[{"name":"wp","href":"https:\/\/api.w.org\/{rel}","templated":true}]}}