{"id":5080,"date":"2012-10-15T20:53:44","date_gmt":"2012-10-15T18:53:44","guid":{"rendered":"http:\/\/www.ulisseland.com\/journal\/?p=5080&#038;lang=it"},"modified":"2012-10-15T20:54:20","modified_gmt":"2012-10-15T18:54:20","slug":"formia-inizia-la-nuova-stagione-teatrale-al-remigio-paone","status":"publish","type":"post","link":"https:\/\/www.ulisseland.com\/journal\/formia-inizia-la-nuova-stagione-teatrale-al-remigio-paone\/","title":{"rendered":"FORMIA: INIZIA LA NUOVA STAGIONE TEATRALE  AL \u201cREMIGIO PAONE\u201d"},"content":{"rendered":"<figure id=\"attachment_5082\" aria-describedby=\"caption-attachment-5082\" style=\"width: 300px\" class=\"wp-caption alignleft\"><a href=\"https:\/\/www.ulisseland.com\/journal\/wp-content\/uploads\/2012\/10\/Teatro-Remigio-Paone.jpg\"><img loading=\"lazy\" decoding=\"async\" class=\"size-medium wp-image-5082\" title=\"Teatro Remigio Paone\" src=\"https:\/\/www.ulisseland.com\/journal\/wp-content\/uploads\/2012\/10\/Teatro-Remigio-Paone-300x196.jpg\" alt=\"\" width=\"300\" height=\"196\" srcset=\"https:\/\/www.ulisseland.com\/journal\/wp-content\/uploads\/2012\/10\/Teatro-Remigio-Paone-300x196.jpg 300w, https:\/\/www.ulisseland.com\/journal\/wp-content\/uploads\/2012\/10\/Teatro-Remigio-Paone-600x392.jpg 600w, https:\/\/www.ulisseland.com\/journal\/wp-content\/uploads\/2012\/10\/Teatro-Remigio-Paone.jpg 648w\" sizes=\"auto, (max-width: 300px) 100vw, 300px\" \/><\/a><figcaption id=\"caption-attachment-5082\" class=\"wp-caption-text\">Formia - Teatro Remigio Paone<\/figcaption><\/figure>\n<p>In un\u2019Italia dove i teatri chiudono per mancanza di fondi, le stagioni dei concerti si annullano e gli spettacoli di danza si riducono, a Formia riparte una straordinaria stagione teatrale al Teatro Remigio Paone caratterizzata da oltre 60 eventi. Da due anni per merito del contributo dell\u2019Assessorato alle politiche sociali e alla famiglia della Regione Lazio, della gestione dell\u2019Ipab SS. Annunziata, dell\u2019attenzione del Comune di Formia e dell\u2019impegno di tantissime Associazioni, il Teatro ha ripreso vita favorendo lo sviluppo di una serie di iniziative culturali. Il Sindaco Michele Forte, che non ha potuto partecipare alla presentazione a causa della celebrazione di un matrimonio, ha comunque voluto esprimere soddisfazione per il nuovo calendario: \u201cSono felice che si siano coinvolte tantissime associazioni in un cartellone cos\u00ec ricco. Il teatro Remigio Paone \u00e8 un importante spazio culturale a disposizione della citt\u00e0\u201d. Un fenomeno di grande partecipazione popolare, generato da un profondo desiderio di \u201cfare teatro\u201d per anni sopito, che costituisce la linfa progettuale del <em>Teatro Sociale<\/em>a Formia. Un teatro partecipato in cui ognuno contribuisce a valorizzare lo spazio con le proprie idee e con le proprie capacit\u00e0. Ecco allora che un\u2019antica e dimenticata villa romana diventa la nuova \u201cagor\u00e0\u201d della citt\u00e0: nuovo modello di aggregazione sociale e teatrale, importante punto di riferimento per lo sviluppo di linguaggi originali del fare teatro contemporaneo.<\/p>\n<figure id=\"attachment_5081\" aria-describedby=\"caption-attachment-5081\" style=\"width: 943px\" class=\"wp-caption alignright\"><a href=\"https:\/\/www.ulisseland.com\/journal\/wp-content\/uploads\/2012\/10\/Formia-agli-inizi-del-900.jpg\"><img loading=\"lazy\" decoding=\"async\" class=\"size-full wp-image-5081\" title=\"Formia agli inizi del 900\" src=\"https:\/\/www.ulisseland.com\/journal\/wp-content\/uploads\/2012\/10\/Formia-agli-inizi-del-900.jpg\" alt=\"\" width=\"943\" height=\"641\" srcset=\"https:\/\/www.ulisseland.com\/journal\/wp-content\/uploads\/2012\/10\/Formia-agli-inizi-del-900.jpg 943w, https:\/\/www.ulisseland.com\/journal\/wp-content\/uploads\/2012\/10\/Formia-agli-inizi-del-900-300x203.jpg 300w, https:\/\/www.ulisseland.com\/journal\/wp-content\/uploads\/2012\/10\/Formia-agli-inizi-del-900-600x407.jpg 600w\" sizes=\"auto, (max-width: 943px) 100vw, 943px\" \/><\/a><figcaption id=\"caption-attachment-5081\" class=\"wp-caption-text\">Formia agli inizi del 900<\/figcaption><\/figure>\n<p>Tanti i protagonisti della stagione alle porte con oltre 80 giornate di spettacoli, pi\u00f9 di 20 operatori culturali tra associazioni e compagnie coinvolti, circa 30 eventi teatrali, 10 musicali e altri 20 tra letteratura, conferenze, danza e cinema. Il coinvolgimento delle compagnie e delle associazioni attive sul territorio, vera anima del \u201cteatro partecipato\u201d, consente di avere un cartellone speciale, unico, eterogeneo ma rivolto a tutti. Ad arricchire questa offerta culturale diverse rassegne speciali tra cui quelle consolidate del Collettivo Bertolt Brecht e dell\u2019Associazione Jazzflirt.<\/p>\n<p>Con la nuova stagione del Teatro Remigio Paone anche il cinema torner\u00e0 al centro di Formia con un ciclo di 8 proiezioni da ottobre a Marzo.<\/p>\n<p>Accanto al teatro e al cinema non possono mancare serate di musica dalla popolare alla classica, dal jazz al blues, saggi di scuole di canto, di danza e teatro del territorio corredati da alcune occasioni speciali come i due Festival a sfondo sociale promossi direttamente dall\u2019Ipab SS. Annunziata in collaborazione con le Associazioni del comprensorio. Una variet\u00e0 di sfumature artistiche, di arti, di volti, Associazioni e compagnie coinvolte, di un\u2019offerta culturale che esprime una profonda ricerca di identit\u00e0 di una comunit\u00e0, ritrovandosi in una straordinaria e rinnovata stagione teatrale.<\/p>\n<p>Il Direttore Dott. Sergio Monforte<\/p>\n","protected":false},"excerpt":{"rendered":"<p>In un\u2019Italia dove i teatri chiudono per mancanza di fondi, le stagioni dei concerti si annullano e gli spettacoli di danza si riducono, a Formia riparte una straordinaria stagione teatrale al Teatro Remigio Paone caratterizzata da oltre 60 eventi. Da due anni per merito del contributo dell\u2019Assessorato alle politiche sociali e alla famiglia della Regione<\/p>\n","protected":false},"author":1,"featured_media":0,"comment_status":"open","ping_status":"open","sticky":false,"template":"","format":"standard","meta":{"footnotes":""},"categories":[14,13,11,1],"tags":[],"class_list":["post-5080","post","type-post","status-publish","format-standard","hentry","category-comune-di-formia","category-cronaca","category-enti","category-senza-categoria"],"_links":{"self":[{"href":"https:\/\/www.ulisseland.com\/journal\/wp-json\/wp\/v2\/posts\/5080","targetHints":{"allow":["GET"]}}],"collection":[{"href":"https:\/\/www.ulisseland.com\/journal\/wp-json\/wp\/v2\/posts"}],"about":[{"href":"https:\/\/www.ulisseland.com\/journal\/wp-json\/wp\/v2\/types\/post"}],"author":[{"embeddable":true,"href":"https:\/\/www.ulisseland.com\/journal\/wp-json\/wp\/v2\/users\/1"}],"replies":[{"embeddable":true,"href":"https:\/\/www.ulisseland.com\/journal\/wp-json\/wp\/v2\/comments?post=5080"}],"version-history":[{"count":2,"href":"https:\/\/www.ulisseland.com\/journal\/wp-json\/wp\/v2\/posts\/5080\/revisions"}],"predecessor-version":[{"id":5084,"href":"https:\/\/www.ulisseland.com\/journal\/wp-json\/wp\/v2\/posts\/5080\/revisions\/5084"}],"wp:attachment":[{"href":"https:\/\/www.ulisseland.com\/journal\/wp-json\/wp\/v2\/media?parent=5080"}],"wp:term":[{"taxonomy":"category","embeddable":true,"href":"https:\/\/www.ulisseland.com\/journal\/wp-json\/wp\/v2\/categories?post=5080"},{"taxonomy":"post_tag","embeddable":true,"href":"https:\/\/www.ulisseland.com\/journal\/wp-json\/wp\/v2\/tags?post=5080"}],"curies":[{"name":"wp","href":"https:\/\/api.w.org\/{rel}","templated":true}]}}