{"id":5028,"date":"2012-10-05T21:35:20","date_gmt":"2012-10-05T19:35:20","guid":{"rendered":"http:\/\/www.ulisseland.com\/journal\/?p=5028&#038;lang=it"},"modified":"2012-10-05T21:35:20","modified_gmt":"2012-10-05T19:35:20","slug":"ventotene-silvia-verde-ha-festeggiato-103-anni","status":"publish","type":"post","link":"https:\/\/www.ulisseland.com\/journal\/ventotene-silvia-verde-ha-festeggiato-103-anni\/","title":{"rendered":"VENTOTENE:  Silvia Verde ha festeggiato 103 anni"},"content":{"rendered":"<p><figure id=\"attachment_5029\" aria-describedby=\"caption-attachment-5029\" style=\"width: 911px\" class=\"wp-caption aligncenter\"><a href=\"https:\/\/www.ulisseland.com\/journal\/wp-content\/uploads\/2012\/10\/Silvia-Verde-festeggia-i-103-anni-circondata-da-parenti-ed-amici.jpg\"><img loading=\"lazy\" decoding=\"async\" src=\"https:\/\/www.ulisseland.com\/journal\/wp-content\/uploads\/2012\/10\/Silvia-Verde-festeggia-i-103-anni-circondata-da-parenti-ed-amici.jpg\" alt=\"\" title=\"Silvia Verde festeggia i 103 anni circondata da parenti ed amici\" width=\"911\" height=\"608\" class=\"size-full wp-image-5029\" srcset=\"https:\/\/www.ulisseland.com\/journal\/wp-content\/uploads\/2012\/10\/Silvia-Verde-festeggia-i-103-anni-circondata-da-parenti-ed-amici.jpg 911w, https:\/\/www.ulisseland.com\/journal\/wp-content\/uploads\/2012\/10\/Silvia-Verde-festeggia-i-103-anni-circondata-da-parenti-ed-amici-300x200.jpg 300w, https:\/\/www.ulisseland.com\/journal\/wp-content\/uploads\/2012\/10\/Silvia-Verde-festeggia-i-103-anni-circondata-da-parenti-ed-amici-600x400.jpg 600w\" sizes=\"auto, (max-width: 911px) 100vw, 911px\" \/><\/a><figcaption id=\"caption-attachment-5029\" class=\"wp-caption-text\">Silvia Verde festeggia i 103 anni circondata da parenti ed amici<\/figcaption><\/figure><br \/>\nTutta Ventotene, Sindaco in testa, ha festeggiato  il 103\u00b0 compleanno della \u201csignorina\u201d Silvia VERDE, la prima ultracentenaria dell&#8217;isola. La festeggiata, nata sull&#8217;isola il 4 ottobre del 1909, \u00e8 stata tra le prime isolane ad aver conseguito il diploma di scuola superiore (magistrale), svolgendo, durante la sua vita, il lavoro di insegnante, in diverse localit\u00e0 del Lazio. Segretaria delle &#8220;Giovani Italiane&#8221;, durante il periodo fascista, \u00e8 stata anche rappresentante  nell&#8217;isola della &#8220;Milizia dell&#8217;Immacolata&#8221;  (tutt&#8217;ora operante). Nonostante la ragguardevole et\u00e0, Silvia Verde mantiene vivo il ricordo delle vicende storiche dell&#8217;isola, legate agli anni della guerra e  del confino politico, con i relativi importanti personaggi che hanno soggiornato sull&#8217;isola in quel periodo. Ventotene, infatti, \u00e8 stato luogo di confino nel periodo fascista e pu\u00f2 essere considerata, a buon diritto, la culla del federalismo europeo, poich\u00e9 qui \u00e8 nata e germogliata l&#8217;idea dell&#8217;Europa Unita, con il famoso &#8220;Manifesto di Ventotene&#8221; redatto da Altiero Spinelli (le cui ceneri sono conservate nel cimitero dell&#8217;isola) Ernesto Rossi ed Eugenio Colorni. La ultracentenaria vive nella sua casa sita in Piazza Castello, nel centro storico dell&#8217;isola, quella stessa Piazza che ha ospitato il Presidente della Repubblica Giorgio Napolitano, nella sua prima visita ufficiale dopo la nomina a Capo dello Stato (21 maggio 2006).<br \/>\nUna piccola festa si \u00e8 svolta alla presenza  dei parenti e degli amici oltre che del Sindaco Giuseppe Assenso e dei rappresentati dell\u2019Amministrazione Comunale che hanno voluto omaggiare personalmente la cara signorina Silvia.<br \/>\nIl Direttore Dott. Sergio Monforte<\/p>\n","protected":false},"excerpt":{"rendered":"<p>Tutta Ventotene, Sindaco in testa, ha festeggiato il 103\u00b0 compleanno della \u201csignorina\u201d Silvia VERDE, la prima ultracentenaria dell&#8217;isola. La festeggiata, nata sull&#8217;isola il 4 ottobre del 1909, \u00e8 stata tra le prime isolane ad aver conseguito il diploma di scuola superiore (magistrale), svolgendo, durante la sua vita, il lavoro di insegnante, in diverse localit\u00e0 del<\/p>\n","protected":false},"author":1,"featured_media":0,"comment_status":"open","ping_status":"open","sticky":false,"template":"","format":"standard","meta":{"footnotes":""},"categories":[1],"tags":[],"class_list":["post-5028","post","type-post","status-publish","format-standard","hentry","category-senza-categoria"],"_links":{"self":[{"href":"https:\/\/www.ulisseland.com\/journal\/wp-json\/wp\/v2\/posts\/5028","targetHints":{"allow":["GET"]}}],"collection":[{"href":"https:\/\/www.ulisseland.com\/journal\/wp-json\/wp\/v2\/posts"}],"about":[{"href":"https:\/\/www.ulisseland.com\/journal\/wp-json\/wp\/v2\/types\/post"}],"author":[{"embeddable":true,"href":"https:\/\/www.ulisseland.com\/journal\/wp-json\/wp\/v2\/users\/1"}],"replies":[{"embeddable":true,"href":"https:\/\/www.ulisseland.com\/journal\/wp-json\/wp\/v2\/comments?post=5028"}],"version-history":[{"count":1,"href":"https:\/\/www.ulisseland.com\/journal\/wp-json\/wp\/v2\/posts\/5028\/revisions"}],"predecessor-version":[{"id":5030,"href":"https:\/\/www.ulisseland.com\/journal\/wp-json\/wp\/v2\/posts\/5028\/revisions\/5030"}],"wp:attachment":[{"href":"https:\/\/www.ulisseland.com\/journal\/wp-json\/wp\/v2\/media?parent=5028"}],"wp:term":[{"taxonomy":"category","embeddable":true,"href":"https:\/\/www.ulisseland.com\/journal\/wp-json\/wp\/v2\/categories?post=5028"},{"taxonomy":"post_tag","embeddable":true,"href":"https:\/\/www.ulisseland.com\/journal\/wp-json\/wp\/v2\/tags?post=5028"}],"curies":[{"name":"wp","href":"https:\/\/api.w.org\/{rel}","templated":true}]}}