{"id":5019,"date":"2012-10-05T21:22:45","date_gmt":"2012-10-05T19:22:45","guid":{"rendered":"http:\/\/www.ulisseland.com\/journal\/?p=5019&#038;lang=it"},"modified":"2012-10-05T21:22:45","modified_gmt":"2012-10-05T19:22:45","slug":"formia-lamministrazione-comunale-riconosce-gli-sforzi-del-centro-commerciale-naturale","status":"publish","type":"post","link":"https:\/\/www.ulisseland.com\/journal\/formia-lamministrazione-comunale-riconosce-gli-sforzi-del-centro-commerciale-naturale\/","title":{"rendered":"FORMIA: L\u2019Amministrazione Comunale riconosce gli sforzi del Centro Commerciale Naturale"},"content":{"rendered":"<p><figure id=\"attachment_5022\" aria-describedby=\"caption-attachment-5022\" style=\"width: 300px\" class=\"wp-caption alignleft\"><a href=\"https:\/\/www.ulisseland.com\/journal\/wp-content\/uploads\/2012\/10\/Formia_20via_20Vitruvio1.jpg\"><img loading=\"lazy\" decoding=\"async\" src=\"https:\/\/www.ulisseland.com\/journal\/wp-content\/uploads\/2012\/10\/Formia_20via_20Vitruvio1-300x282.jpg\" alt=\"\" title=\"Formia_20via_20Vitruvio1\" width=\"300\" height=\"282\" class=\"size-medium wp-image-5022\" srcset=\"https:\/\/www.ulisseland.com\/journal\/wp-content\/uploads\/2012\/10\/Formia_20via_20Vitruvio1-300x282.jpg 300w, https:\/\/www.ulisseland.com\/journal\/wp-content\/uploads\/2012\/10\/Formia_20via_20Vitruvio1-600x565.jpg 600w, https:\/\/www.ulisseland.com\/journal\/wp-content\/uploads\/2012\/10\/Formia_20via_20Vitruvio1.jpg 986w\" sizes=\"auto, (max-width: 300px) 100vw, 300px\" \/><\/a><figcaption id=\"caption-attachment-5022\" class=\"wp-caption-text\">Via Vitruvio  piazza della Vittoria<\/figcaption><\/figure>\u201cPiena sintonia e sinergia tra il Centro Commerciale Naturale di Formia e l\u2019Amministrazione Comunale\u201d . Questa la dichiarazione d\u2019impegno del Sindaco durante l\u2019incontro avuto nei giorni scorsi con il Consiglio Direttivo del Centro Commerciale Naturale di Formia presso la sala Ribaud del Comune. Il primo cittadino \u2013 sottolinea Erasmo Marciano, presidente dell\u2019Associazione \u201cLe Due Torri\u201d \u2013 ha assicurato la propria vicinanza e disponibilit\u00e0 nei confronti degli operatori commerciali e produttivi della citt\u00e0. L\u2019amministrazione comunale riconosce che il CCN \u00e8 una risorsa imprescindibile per l\u2019economia formiana. La lettera d\u2019indirizzo trasmessa qualche giorno fa al sindaco \u2013 prosegue Marciano &#8211; va interpretata in senso costruttivo e di collaborazione per ricercare soluzioni condivise, apportando adeguate modifiche e correzioni in corso d\u2019opera ove necessario. Ancora molta strada bisogna fare per portare a termine la riqualificazione del centro cittadino, ma la politica del confronto e della concertazione tra il Centro Commerciale Naturale e il governo cittadino \u00e8 una necessit\u00e0 che non va disattesa.<br \/>\nIl CCN Formia d\u00e0 atto che l\u2019Amministrazione sta tentando di risolvere alcuni problemi della citt\u00e0; La riapertura parziale del parcheggio delle Poste,anche contro le indicazioni della curatela fallimentare, pu\u00f2 rappresentare sul piano dell\u2019offerta della sosta una opportunit\u00e0 di sviluppo per tutti gli esercizi del settore. La riqualificazione della piazza Largo Paone, come luogo di accoglienza valorizzato, potrebbe ridare impulso agli esercizi dell\u2019intero quartiere di Mola. L\u2019acuirsi della crisi commerciale e la riduzione dei consumi rendono per\u00f2 necessario un ulteriore e continuo sforzo congiunto.Nonostante le difficolt\u00e0 economiche, le iniziative culturali e di spettacolo dell\u2019estate Formiana,organizzate dal CCN Formia a costo zero per l\u2019amministrazione comunale, hanno indubbiamente fatto da volano e da traino anche per le<br \/>\naltre iniziative organizzate dal Comune. \u201cLo Shopping Sotto Le Stelle\u201d, Il grande concorso \u201cTi Invitiamo a Cena\u201d(ripreso anche da altre associazioni campane) la seconda edizione di \u201cKeBanda\u201d,Il Teatro in Villa, il prolungamento degli orari di chiusura dei negozi, le aperture dei negozi nelle giornate festive, l\u2019isola pedonale nelle serate del sabato, hanno contribuito<br \/>\nad elevare l\u2019interesse ed il livello culturale del nostro territorio richiamando turisti e visitatori. Nella speranza che oltre al Sindaco anche tutti gli assessori competenti ci dimostrino la loro collaborazione, il CCN Formia sta gi\u00e0 lavorando per le prossime festivit\u00e0 natalizie e presenter\u00e0 a breve all\u2019amministrazione comunale il suo nutrito programma di iniziative.<\/p>\n<p>Il Direttore Dott. Sergio Monforte<\/p>\n","protected":false},"excerpt":{"rendered":"<p>\u201cPiena sintonia e sinergia tra il Centro Commerciale Naturale di Formia e l\u2019Amministrazione Comunale\u201d . Questa la dichiarazione d\u2019impegno del Sindaco durante l\u2019incontro avuto nei giorni scorsi con il Consiglio Direttivo del Centro Commerciale Naturale di Formia presso la sala Ribaud del Comune. Il primo cittadino \u2013 sottolinea Erasmo Marciano, presidente dell\u2019Associazione \u201cLe Due Torri\u201d<\/p>\n","protected":false},"author":1,"featured_media":0,"comment_status":"open","ping_status":"open","sticky":false,"template":"","format":"standard","meta":{"footnotes":""},"categories":[14,11],"tags":[],"class_list":["post-5019","post","type-post","status-publish","format-standard","hentry","category-comune-di-formia","category-enti"],"_links":{"self":[{"href":"https:\/\/www.ulisseland.com\/journal\/wp-json\/wp\/v2\/posts\/5019","targetHints":{"allow":["GET"]}}],"collection":[{"href":"https:\/\/www.ulisseland.com\/journal\/wp-json\/wp\/v2\/posts"}],"about":[{"href":"https:\/\/www.ulisseland.com\/journal\/wp-json\/wp\/v2\/types\/post"}],"author":[{"embeddable":true,"href":"https:\/\/www.ulisseland.com\/journal\/wp-json\/wp\/v2\/users\/1"}],"replies":[{"embeddable":true,"href":"https:\/\/www.ulisseland.com\/journal\/wp-json\/wp\/v2\/comments?post=5019"}],"version-history":[{"count":1,"href":"https:\/\/www.ulisseland.com\/journal\/wp-json\/wp\/v2\/posts\/5019\/revisions"}],"predecessor-version":[{"id":5023,"href":"https:\/\/www.ulisseland.com\/journal\/wp-json\/wp\/v2\/posts\/5019\/revisions\/5023"}],"wp:attachment":[{"href":"https:\/\/www.ulisseland.com\/journal\/wp-json\/wp\/v2\/media?parent=5019"}],"wp:term":[{"taxonomy":"category","embeddable":true,"href":"https:\/\/www.ulisseland.com\/journal\/wp-json\/wp\/v2\/categories?post=5019"},{"taxonomy":"post_tag","embeddable":true,"href":"https:\/\/www.ulisseland.com\/journal\/wp-json\/wp\/v2\/tags?post=5019"}],"curies":[{"name":"wp","href":"https:\/\/api.w.org\/{rel}","templated":true}]}}