{"id":4973,"date":"2012-09-27T13:41:53","date_gmt":"2012-09-27T11:41:53","guid":{"rendered":"http:\/\/www.ulisseland.com\/journal\/?p=4973&#038;lang=it"},"modified":"2015-05-26T09:19:02","modified_gmt":"2015-05-26T07:19:02","slug":"formia-il-bilancio-discusso-in-consiglio-comunale","status":"publish","type":"post","link":"https:\/\/www.ulisseland.com\/journal\/formia-il-bilancio-discusso-in-consiglio-comunale\/","title":{"rendered":"FORMIA: IL BILANCIO DISCUSSO IN CONSIGLIO COMUNALE"},"content":{"rendered":"<p><span style=\"font-size: large;\">La Relazione dell\u2019assessore Manna.<\/span><\/p>\n<p>&nbsp;<\/p>\n<figure id=\"attachment_4974\" aria-describedby=\"caption-attachment-4974\" style=\"width: 352px\" class=\"wp-caption alignright\"><a href=\"https:\/\/www.ulisseland.com\/journal\/wp-content\/uploads\/2012\/09\/Michele-Forte1.jpg\"><img loading=\"lazy\" decoding=\"async\" class=\"size-full wp-image-4974\" title=\"Michele Forte\" src=\"https:\/\/www.ulisseland.com\/journal\/wp-content\/uploads\/2012\/09\/Michele-Forte1.jpg\" alt=\"\" width=\"352\" height=\"296\" srcset=\"https:\/\/www.ulisseland.com\/journal\/wp-content\/uploads\/2012\/09\/Michele-Forte1.jpg 352w, https:\/\/www.ulisseland.com\/journal\/wp-content\/uploads\/2012\/09\/Michele-Forte1-300x252.jpg 300w\" sizes=\"auto, (max-width: 352px) 100vw, 352px\" \/><\/a><figcaption id=\"caption-attachment-4974\" class=\"wp-caption-text\">Michele Forte<\/figcaption><\/figure>\n<p>L\u2019art. 193 del D.Lgs. 18 agosto 2000 n. 267 dispone che almeno una volta, entro il 30 settembre di ogni anno, il Consiglio provvede ad effettuare la ricognizione sullo stato di attuazione dei programmi ed in tale sede adotta contestualmente con delibera i provvedimenti necessari<a href=\"http:\/\/www.east-inflatables.co.uk\/p\/015005.html\">transom wheels for inflatable boats<\/a>:<\/p>\n<p>a) \u00a0 per il ripiano di eventuali debiti di cui all\u2019art.194;<\/p>\n<p>b) \u00a0 per il ripiano dell\u2019eventuale disavanzo di amministrazione derivante dal rendiconto approvato;<\/p>\n<p>e adotta tutte le misure necessarie a ripristinare il pareggio qualora i dati della gestione finanziaria in corso facciano prevedere che la stessa possa concludersi con un disavanzo di amministrazione o di gestione, per squilibrio della gestione di competenza ovvero della gestione dei residui.<\/p>\n<p>I dati di bilancio sono quindi significativi sotto un duplice profilo, sia perch\u00e9 consentono di\u00a0 misurare il grado di raggiungimento degli obiettivi, cos\u00ec come finanziariamente definiti in sede di approvazione del bilancio di previsione, sia perch\u00e9 sulla base degli stessi \u00e8 possibile individuare eventuali cause di squilibrio e porvi rimedio ovvero dare atto del permanere degli equilibri alla data corrente ed anche in proiezione al 31\/12\/2012.<\/p>\n<p>&nbsp;<\/p>\n<p>Sotto il primo profilo i dati attestano che le entrate correnti sono state accertate in misura pari a circa l\u201977% e le spese correnti in misura pari all\u201982%. Tale scostamento \u00e8 comunque fisiologico e legato alla diversa modalit\u00e0 con cui vengono effettuati gli accertamenti e gli impegni. Alcuni dei primi vengono effettuati all\u2019atto del materiale introito delle somme (es. proventi dei servizi a domanda individuale quali mense, trasporto scolastico, asilo nido) mentre i secondi vengono effettuati ad inizio anno per le spese dell\u2019intera gestione annua (es. stipendi, mutui, contratti in essere).<\/p>\n<p>&nbsp;<\/p>\n<figure id=\"attachment_4975\" aria-describedby=\"caption-attachment-4975\" style=\"width: 400px\" class=\"wp-caption alignleft\"><a href=\"https:\/\/www.ulisseland.com\/journal\/wp-content\/uploads\/2012\/09\/Assessore-al-Bilancio-Raffaele-Manna.jpg\"><img loading=\"lazy\" decoding=\"async\" class=\"size-full wp-image-4975\" title=\"Assessore al Bilancio Raffaele Manna\" src=\"https:\/\/www.ulisseland.com\/journal\/wp-content\/uploads\/2012\/09\/Assessore-al-Bilancio-Raffaele-Manna.jpg\" alt=\"\" width=\"400\" height=\"429\" srcset=\"https:\/\/www.ulisseland.com\/journal\/wp-content\/uploads\/2012\/09\/Assessore-al-Bilancio-Raffaele-Manna.jpg 400w, https:\/\/www.ulisseland.com\/journal\/wp-content\/uploads\/2012\/09\/Assessore-al-Bilancio-Raffaele-Manna-279x300.jpg 279w\" sizes=\"auto, (max-width: 400px) 100vw, 400px\" \/><\/a><figcaption id=\"caption-attachment-4975\" class=\"wp-caption-text\">Assessore al Bilancio Raffaele Manna<\/figcaption><\/figure>\n<p>Sotto il profilo della permanenza degli equilibri si sottolinea\u00a0 che il Comune si \u00e8 trovato a fronteggiare, ad esercizio in corso, l\u2019ennesimo taglio dei trasferimenti operato con il D.L. n. 95 del 06\/07\/2012. Tale taglio ammonta a circa \u20ac 310.000,00 e unito a quelli previsti dal D.L. 78\/2010 (\u20ac 663.080,00+546.382,46) e D.L. 201\/2011 (\u20ac 951.156,00) e al fatto che nel 2012 \u00e8 sta soppressa l\u2019addizionale comunale sui consumi di energia elettrica solo parzialmente compensata dal reintegro dei trasferimenti (l\u2019incasso 2011 dell\u2019addizionale \u00e8 stato pari a \u20ac 436.306,00 mentre il reintegro solo di \u20ac 270.044,00), porta ad oltre \u20ac 2.600.000,00 la riduzione delle risorse che lo Stato trasferisce al Comune. Tra l\u2019altro anche le entrate dei proventi degli impianti autovelox \u00e8 stata ulteriormente rivista al ribasso per cui pure per questa specifica entrata si \u00e8 passati dagli oltre \u20ac 5.000.000,00 di qualche anno fa ai 300.000,00 euro di oggi.<\/p>\n<p>&nbsp;<\/p>\n<p>Come gi\u00e0 fatto per le riduzioni di risorse precedenti anche per queste ultime si \u00e8 sopperito principalmente attraverso una ulteriore riduzione di spesa lasciando in bilancio esclusivamente le disponibilit\u00e0 necessarie per assicurare i servizi essenziali o di rilevante interesse per la collettivit\u00e0. E\u2019 stato destinato al riequilibrio anche il maggior gettito accertato grazie all\u2019attivit\u00e0 di contrasto all\u2019evasione egregiamente portata avanti dall\u2019Ufficio tributi e dai maggiori introiti dei proventi delle infrazioni al Codice della Strada rilevate dagli agenti di P.L., che, nonostante siano in numero non sufficiente per una cittadina come Formia, svolgono comunque un servizio apprezzabile. Non si \u00e8 invece intervenuti con un ritocco delle aliquote IMU, facolt\u00e0 che comunque era concessa dal D.L. 16\/03\/2012 n. 16 e che poteva essere esercitata\u00a0 entro il 30 settembre, per cui il Comune di Formia rimane uno dei comuni con le aliquote IMU pi\u00f9 basse della Provincia di Latina e verosimilmente anche dell\u2019intero insieme dei comuni italiani, basta confrontare le aliquote adottate dal Comune di Formia con i dati riportati dal Sole 24 ore di qualche giorno fa (10\/09\/2012) per rendersi conto che tale\u00a0 affermazione \u00e8 decisamente veritiera.<\/p>\n<p>&nbsp;<\/p>\n<p>&nbsp;<\/p>\n<p>In relazione alla gestione dei residui si segnala che sono gi\u00e0 stati eliminati per insussistenza oltre \u20ac 1.000.000,00 di residui attivi e ed altrettanti passivi in aggiunta ai circa \u20ac 5.000.000,00 cancellati in sede di rendiconto 2010 e 2011 sia tra i residui attivi che tra i passivi.<\/p>\n<p>L\u2019avanzo destinato a spese per investimento accertato con l\u2019approvazione del rendiconto 2011 viene applicato per \u20ac 31.154,26 per la reiscrizione di residui passivi in conto capitale cos\u00ec come rideterminati in seguito all\u2019attuazione del progetto \u201c<em>Accertamento residui su mutui concessi dalla Cassa DD.PP.<\/em>\u201d che ha consentito di recuperare somme per oltre \u20ac 1.000.000,00 che giacevano inutilizzate presso la Cassa DD.PP.. L\u2019avanzo disponibile \u00e8 stato invece gi\u00e0 in buona parte applicato per finanziare i debiti fuori bilancio riconosciuti nel corso dell\u2019esercizio.<\/p>\n<p>&nbsp;<\/p>\n<p>Per quanto riguarda gli equilibri complessivi si mette in evidenza che, al di fuori delle situazioni che illustrate in precedenza e che con la deliberazione in esame vengono definite, dai dati di bilancio, suffragati dalle relazioni dei dirigenti, non si rilevano possibili cause di squilibrio.<\/p>\n<p>Tra le spese le principali esigenze manifestatesi nel corso dell\u2019anno attengono soprattutto ai costi di raccolta dei rifiuti (per gli adeguamenti contrattuali e il potenziamento del servizio estivo), per le utenze energetiche (atteso anche il costante incremento dei costi del petrolio), per i sinistri (rimborso ai danneggiati e franchigie assicurative).<\/p>\n<p>&nbsp;<\/p>\n<p>Nella deliberazione di riequilibrio si tiene conto anche di un\u2019altra novit\u00e0 introdotta dal D.L. 95\/2012 ovvero la necessit\u00e0 di appostare obbligatoriamente in bilancio un fondo svalutazione crediti pari al 25% dei residui attivi riferiti alle entrate tributarie ed extratributarie con anzianit\u00e0 superiore a 5 anni. Considerato che in sede di approvazione del rendiconto era stato comunque gi\u00e0 prudentemente vincolata una quota dell\u2019avanzo di amministrazione per tali finalit\u00e0 adesso una parte di tale avanzo vincolato viene applicata al bilancio per finanziare l\u2019istituzione del fondo svalutazione crediti atteso che le finalit\u00e0 sono le medesime.<\/p>\n<p>&nbsp;<\/p>\n<p>In relazione al rispetto del patto di stabilit\u00e0 si rappresenta che \u00e8 stato gi\u00e0 definito il \u201cpatto regionale verticale incentivato\u201d che ha ridotto l\u2019obiettivo iniziale di \u20ac 2.310.000,00 fissandolo ad \u20ac 1.935.000,00; tale obiettivo \u00e8 ancora comunque elevato, anche in considerazione dei pagamenti per investimenti che matureranno entro la fine dell\u2019esercizio, per cui verr\u00e0 chiesta alla Regione una ulteriore consistente quota per il \u201cpatto regionale verticale\u201d, che, unitamente all\u2019erogazione dei crediti vantati nei confronti della stessa per i vari stati di avanzamento trasmessi &#8211; il pagamento di qualcuno dei quali anticipati alle imprese da parte del Comune &#8211;\u00a0 dovrebbe consentire il raggiungimento dell\u2019obiettivo anche per il 2012 e di fronteggiare i pagamenti dando una boccata d\u2019ossigeno alle imprese ancora pi\u00f9 in difficolt\u00e0 nel particolare momento di congiuntura economica. Inoltre confidando che la Regione, come del resto fatto nell\u2019anno precedente, possa assegnare una consistente riduzione dell\u2019obiettivo, si \u00e8 ritenuto di non aderire al \u201cpatto nazionale orizzontale\u201d in quanto l\u2019eventuale miglioramento del saldo nel 2012 avrebbe comportato un pari peggioramento dello stesso nel 2013 e 2014.<\/p>\n<p>Il Direttore Dott. Sergio Monforte<\/p>\n","protected":false},"excerpt":{"rendered":"<p>La Relazione dell\u2019assessore Manna. &nbsp; L\u2019art. 193 del D.Lgs. 18 agosto 2000 n. 267 dispone che almeno una volta, entro il 30 settembre di ogni anno, il Consiglio provvede ad effettuare la ricognizione sullo stato di attuazione dei programmi ed in tale sede adotta contestualmente con delibera i provvedimenti necessaritransom wheels for inflatable boats: a)<\/p>\n","protected":false},"author":1,"featured_media":0,"comment_status":"open","ping_status":"open","sticky":false,"template":"","format":"standard","meta":{"footnotes":""},"categories":[14,11],"tags":[],"class_list":["post-4973","post","type-post","status-publish","format-standard","hentry","category-comune-di-formia","category-enti"],"_links":{"self":[{"href":"https:\/\/www.ulisseland.com\/journal\/wp-json\/wp\/v2\/posts\/4973","targetHints":{"allow":["GET"]}}],"collection":[{"href":"https:\/\/www.ulisseland.com\/journal\/wp-json\/wp\/v2\/posts"}],"about":[{"href":"https:\/\/www.ulisseland.com\/journal\/wp-json\/wp\/v2\/types\/post"}],"author":[{"embeddable":true,"href":"https:\/\/www.ulisseland.com\/journal\/wp-json\/wp\/v2\/users\/1"}],"replies":[{"embeddable":true,"href":"https:\/\/www.ulisseland.com\/journal\/wp-json\/wp\/v2\/comments?post=4973"}],"version-history":[{"count":2,"href":"https:\/\/www.ulisseland.com\/journal\/wp-json\/wp\/v2\/posts\/4973\/revisions"}],"predecessor-version":[{"id":8051,"href":"https:\/\/www.ulisseland.com\/journal\/wp-json\/wp\/v2\/posts\/4973\/revisions\/8051"}],"wp:attachment":[{"href":"https:\/\/www.ulisseland.com\/journal\/wp-json\/wp\/v2\/media?parent=4973"}],"wp:term":[{"taxonomy":"category","embeddable":true,"href":"https:\/\/www.ulisseland.com\/journal\/wp-json\/wp\/v2\/categories?post=4973"},{"taxonomy":"post_tag","embeddable":true,"href":"https:\/\/www.ulisseland.com\/journal\/wp-json\/wp\/v2\/tags?post=4973"}],"curies":[{"name":"wp","href":"https:\/\/api.w.org\/{rel}","templated":true}]}}