{"id":492,"date":"2012-03-09T10:47:19","date_gmt":"2012-03-09T10:47:19","guid":{"rendered":"http:\/\/www.ulisseland.com\/journal\/?p=492&#038;lang=it"},"modified":"2012-03-20T12:08:40","modified_gmt":"2012-03-20T12:08:40","slug":"formia-le-celebrazioni-del-150-anniversario-della-nascita-del-comune-di-formia","status":"publish","type":"post","link":"https:\/\/www.ulisseland.com\/journal\/formia-le-celebrazioni-del-150-anniversario-della-nascita-del-comune-di-formia\/","title":{"rendered":"FORMIA: LE CELEBRAZIONI DEL 150\u00b0 ANNIVERSARIO DELLA NASCITA DEL COMUNE DI FORMIA"},"content":{"rendered":"<p>FORMIA: LE CELEBRAZIONI DEL 150\u00b0 ANNIVERSARIO DELLA NASCITA DEL COMUNE DI FORMIA<\/p>\n<p>&nbsp;<\/p>\n<p>Il 13 marzo prossimo ricorrono i 150 anni della riunificazione dei borghi di Mola e Castellone sotto l\u2019antico nome di Formia e quindi, la nascita ufficiale del Comune di Formia.<br \/>\nIl 13 marzo del 1862, infatti, Re Vittorio Emanuele II rendeva esecutiva, con regio decreto, la delibera del Consiglio municipale del 12 dicembre 1861 che ripristinava il nome di Formia. Il primo sindaco della citt\u00e0, dal 1862 al 1865, fu Gaetano Rubino. Un evento che si colloca appena un anno dopo la costituzione dello Stato unitario nazionale ed un motivo in pi\u00f9, per rendere omaggio all\u2019atto ufficiale di nascita della nostra citt\u00e0. L\u2019unificazione definitiva dei due borghi del 1862, la crescita e l\u2019espansione della citt\u00e0, la rinascita dopo la tragedia della seconda guerra mondiale sono le tappe significative del processo storico del territorio negli ultimi 150 anni. La citt\u00e0 di Formia rappresenta oggi un territorio in continua evoluzione, che poggia le sue basi su uno straordinario patrimonio culturale, paesaggistico ed ambientale. L\u2019Amministrazione comunale intende, pertanto, istituzionalizzare la ricorrenza del 13 marzo, nella consapevolezza di avviare un percorso comune di conoscenza delle proprie origini con l\u2019obiettivo di coinvolgere, in particolare, le nuove generazioni. La ricorrenza dell\u2019unificazione definitiva della citt\u00e0 verr\u00e0 celebrata attraverso l\u2019allestimento di un ricco programma di eventi e manifestazioni, che investiranno la comunit\u00e0 formiana nell\u2019arco di un intero anno, sino al 13 marzo del 2013, nelle sue varie articolazioni culturali, scolastiche, sociali, economiche ed imprenditoriali. Dalla narrativa alla poesia, dalla pittura alla musica, dall\u2019arte fotografica, digitale e multimediale alla danza classica e moderna. Tante saranno le iniziative che si terranno nel corso dell\u2019anno. Ci sar\u00e0 spazio anche per manifestazioni sportive, mostre, convegni ed eventi monotematici riguardanti momenti e date storiche della citt\u00e0.<br \/>\nLa prima tappa di questo percorso rievocativo inizier\u00e0 la prossima settimana: nella mattinata di marted\u00ec 13 marzo ci sar\u00e0 la cerimonia ufficiale inaugurale dei festeggiamenti in Piazza della Vittoria, con deposizione della corona d\u2019alloro al monumento ai caduti di tutte le guerre. Nel pomeriggio, alle ore 17:00 si terr\u00e0 una seduta solenne e straordinaria del Consiglio comunale. Gioved\u00ec 15 marzo ci sar\u00e0 l\u2019acquisizione ufficiale al patrimonio comunale della Torre di Mola con l\u2019inaugurazione della mostra storico-documentale. Un convegno storico che si terr\u00e0, alle ore 16:30, presso il Teatro \u201cRemigio Paone\u201d, dal titolo \u201cViaggio nella storia di Formia\u201d, caratterizzer\u00e0 il pomeriggio di venerd\u00ec 16 marzo. Infine sabato 17 e domenica 18 marzo spazio alle iniziative musicali, culturali e ludiche che coinvolgeranno l\u2019intera comunit\u00e0 di Formia.<\/p>\n<p>Programma delle Manifestazioni:<\/p>\n<p>Marted\u00ec 13 Marzo 2012:<br \/>\nPiazza della Vittoria: ore 10,00 \u2013 Apertura della stand e, per l\u2019intera giornata, annullo postale speciale commemorativo del 150\u00b0 Anniversario della nascita del Comune di Formia;<br \/>\nPiazza Risorgimento: ore 10,00 \u2013 incontro con gli studenti rappresentanti degli istituti delle scuole primarie di Formia, che sfileranno insieme al gruppo folkloristico \u201c Sbandieratori dei Casali di Tufo\u201d di Minturno lungo le vie della citt\u00e0, accompagnati dalla banda musicale \u201c U.Scipione\u201d della citt\u00e0 di Formia;<br \/>\nPiazza della Vittoria: ore 11,15 \u2013 Cerimonia ufficiale inaugurale, lettura degli studenti delle scuole di Formia del Regio Decreto del 13 marzo 1862. Sulla facciata del Palazzo Comunale esposizione dei vessilli istituzionali, insegna del Regio Decreto e logo ufficiale delle manifestazioni celebrative.<br \/>\nDeposizione della corona di alloro al Monumento del Milite Ignoto portata da due Granatieri di Sardegna, con picchetto d\u2019Onore della Scuola Nautica della Guardia di Finanza di Gaeta, alla presenza delle massime Autorit\u00e0 istituzionali, religiose, civili e militari. Intervento del sindaco sen. Michele Forte;<br \/>\nSala Consiliare \u201c Ernesto Ribaud\u201d del Palazzo Comunale: ore 17,00 \u2013 Seduta straordinaria e delle massime Autorit\u00e0 istituzionali, religiose,civili e militari.<\/p>\n<p>Gioved\u00ec 15 Marzo 2012 :<\/p>\n<p>Torre di Mola \u2013 ore 16,30 \u2013 Acquisizione ufficiale del patrimonio comunale della Torre di Mola. Apertura della Torre di Mola e inaugurazione della Mostra Storico-documentale, alla presenza del sindaco e delle massime autorit\u00e0 istituzionali, civili e militari. La mostra con esposizione di stampe, dipinti, acquerelli, documenti dell\u2019archivio storico comunale e filatelia, rester\u00e0 aperta dal 15 al 24 marzo 2012, dalle ore 9,00 alle 13,00 e dalle 16,00 alle 19,00.<\/p>\n<p>Venerd\u00ec 16 Marzo 2012:<\/p>\n<p>Teatro Remigio Paone &#8211; ore 16,30 \u2013 Convegno storico \u201c Un viaggio nella storia di Formia\u201d<\/p>\n<p>Sabato 17 Marzo 2012:<\/p>\n<p>Piazza della Vittoria: &#8211; ore 17,30 \u2013 Sbandiearatori dei Casali di Minturno con corteo storico.<br \/>\nPiazza della Vittoria: &#8211; ore 21,00 \u2013 \u201c Partire Partir\u00f2\u201d. I canti popolari tra gli Aurunci e il Mare. Concerto di Ambrogio Sparagna &amp; Orchestra Popolare Italiana e Coro Popolare.<\/p>\n<p>Domenica 18 Marzo 2012:<br \/>\nVilla Comunale: &#8211; ore 10,30 &#8211; Spettacolo e attivit\u00e0 ludiche per bambini<br \/>\nTeatro Remigio Paone: &#8211; ore 10,45 \u2013 Concerto della Banda Musicale della citt\u00e0 di Formia \u201c Umberto Scipione\u201d diretto del M\u00b0 Filippo Di Maio.<br \/>\nTeatro Remigio Paone \u2013 ore 18,00 \u2013 Simone Sala Trio in concerto con \u201c L\u2019Italia nel mondo\u2026dalla classica al jazz\u201d<\/p>\n<p>&nbsp;<\/p>\n<p>Il Direttore<\/p>\n<p>Dott. Sergio Monforte<\/p>\n<p>&nbsp;<\/p>\n<p><img decoding=\"async\" src=\"https:\/\/www.ulisseland.com\/journal\/wp-content\/uploads\/2012\/03\/programma.jpg\" alt=\"\" \/><\/p>\n<p>&nbsp;<\/p>\n","protected":false},"excerpt":{"rendered":"<p>FORMIA: LE CELEBRAZIONI DEL 150\u00b0 ANNIVERSARIO DELLA NASCITA DEL COMUNE DI FORMIA &nbsp; Il 13 marzo prossimo ricorrono i 150 anni della riunificazione dei borghi di Mola e Castellone sotto l\u2019antico nome di Formia e quindi, la nascita ufficiale del Comune di Formia. Il 13 marzo del 1862, infatti, Re Vittorio Emanuele II rendeva esecutiva,<\/p>\n","protected":false},"author":1,"featured_media":0,"comment_status":"open","ping_status":"open","sticky":false,"template":"","format":"standard","meta":{"footnotes":""},"categories":[14,12,10,11],"tags":[],"class_list":["post-492","post","type-post","status-publish","format-standard","hentry","category-comune-di-formia","category-cultura","category-editoriale","category-enti"],"_links":{"self":[{"href":"https:\/\/www.ulisseland.com\/journal\/wp-json\/wp\/v2\/posts\/492","targetHints":{"allow":["GET"]}}],"collection":[{"href":"https:\/\/www.ulisseland.com\/journal\/wp-json\/wp\/v2\/posts"}],"about":[{"href":"https:\/\/www.ulisseland.com\/journal\/wp-json\/wp\/v2\/types\/post"}],"author":[{"embeddable":true,"href":"https:\/\/www.ulisseland.com\/journal\/wp-json\/wp\/v2\/users\/1"}],"replies":[{"embeddable":true,"href":"https:\/\/www.ulisseland.com\/journal\/wp-json\/wp\/v2\/comments?post=492"}],"version-history":[{"count":7,"href":"https:\/\/www.ulisseland.com\/journal\/wp-json\/wp\/v2\/posts\/492\/revisions"}],"predecessor-version":[{"id":502,"href":"https:\/\/www.ulisseland.com\/journal\/wp-json\/wp\/v2\/posts\/492\/revisions\/502"}],"wp:attachment":[{"href":"https:\/\/www.ulisseland.com\/journal\/wp-json\/wp\/v2\/media?parent=492"}],"wp:term":[{"taxonomy":"category","embeddable":true,"href":"https:\/\/www.ulisseland.com\/journal\/wp-json\/wp\/v2\/categories?post=492"},{"taxonomy":"post_tag","embeddable":true,"href":"https:\/\/www.ulisseland.com\/journal\/wp-json\/wp\/v2\/tags?post=492"}],"curies":[{"name":"wp","href":"https:\/\/api.w.org\/{rel}","templated":true}]}}