{"id":4912,"date":"2012-09-20T16:44:05","date_gmt":"2012-09-20T14:44:05","guid":{"rendered":"http:\/\/www.ulisseland.com\/journal\/?p=4912&#038;lang=it"},"modified":"2012-09-20T16:44:05","modified_gmt":"2012-09-20T14:44:05","slug":"cisterna-vii-edizione-della-kermesse-tutti-in-vigna","status":"publish","type":"post","link":"https:\/\/www.ulisseland.com\/journal\/cisterna-vii-edizione-della-kermesse-tutti-in-vigna\/","title":{"rendered":"CISTERNA: VII Edizione della kermesse &#8220;Tutti in Vigna\u201d"},"content":{"rendered":"<p><span style=\"font-size: large;\"><strong>L\u2019evento si \u00e8 svolto nei terreni confiscati alla camorra e riconvertiti per scopi sociali dalla cooperativa &#8220;Il Gabbiano&#8221;.<\/strong>\u00a0<\/span><\/p>\n<p>&nbsp;<\/p>\n<p style=\"text-align: justify;\"><a href=\"https:\/\/www.ulisseland.com\/journal\/wp-content\/uploads\/2012\/09\/trattore-02.jpg\"><img loading=\"lazy\" decoding=\"async\" class=\"aligncenter  wp-image-4916\" title=\"trattore 02\" src=\"https:\/\/www.ulisseland.com\/journal\/wp-content\/uploads\/2012\/09\/trattore-02.jpg\" alt=\"\" width=\"640\" height=\"200\" srcset=\"https:\/\/www.ulisseland.com\/journal\/wp-content\/uploads\/2012\/09\/trattore-02.jpg 800w, https:\/\/www.ulisseland.com\/journal\/wp-content\/uploads\/2012\/09\/trattore-02-300x93.jpg 300w, https:\/\/www.ulisseland.com\/journal\/wp-content\/uploads\/2012\/09\/trattore-02-600x187.jpg 600w\" sizes=\"auto, (max-width: 640px) 100vw, 640px\" \/><\/a><\/p>\n<figure id=\"attachment_4913\" aria-describedby=\"caption-attachment-4913\" style=\"width: 240px\" class=\"wp-caption alignleft\"><a href=\"https:\/\/www.ulisseland.com\/journal\/wp-content\/uploads\/2012\/09\/Elvio-Vulcano-e-Maria-Antonietta-Vicaro-R.jpg\"><img loading=\"lazy\" decoding=\"async\" class=\" wp-image-4913 \" title=\"Elvio Vulcano e Maria Antonietta Vicaro R\" src=\"https:\/\/www.ulisseland.com\/journal\/wp-content\/uploads\/2012\/09\/Elvio-Vulcano-e-Maria-Antonietta-Vicaro-R-300x215.jpg\" alt=\"\" width=\"240\" height=\"172\" srcset=\"https:\/\/www.ulisseland.com\/journal\/wp-content\/uploads\/2012\/09\/Elvio-Vulcano-e-Maria-Antonietta-Vicaro-R-300x215.jpg 300w, https:\/\/www.ulisseland.com\/journal\/wp-content\/uploads\/2012\/09\/Elvio-Vulcano-e-Maria-Antonietta-Vicaro-R-600x431.jpg 600w, https:\/\/www.ulisseland.com\/journal\/wp-content\/uploads\/2012\/09\/Elvio-Vulcano-e-Maria-Antonietta-Vicaro-R.jpg 640w\" sizes=\"auto, (max-width: 240px) 100vw, 240px\" \/><\/a><figcaption id=\"caption-attachment-4913\" class=\"wp-caption-text\">Elvio Vulcano e Maria Antonietta Vicaro<\/figcaption><\/figure>\n<p style=\"text-align: justify;\">Il segretario provinciale dell\u2019UGL Polizia di Stato,\u00a0 Elvio Vulcano, dichiara \u201ccome poliziotto provo una certa soddisfazione nel vedere i frutti del nostro lavoro apprezzato e condiviso da tutti coloro che hanno il senso civico. Un bene confiscato alla mafia, \u00e8 la restituzione alla societ\u00e0 di dignit\u00e0 sociale, mortificata da chi \u00e8 abituato a delinquere ed a loschi affari, ma soprattutto l\u2019auspicio di una societ\u00e0 diversa e differente\u201d.<\/p>\n<p><a href=\"https:\/\/www.ulisseland.com\/journal\/wp-content\/uploads\/2012\/09\/trattore-01.jpg\"><img loading=\"lazy\" decoding=\"async\" class=\"alignright  wp-image-4915\" title=\"trattore 01\" src=\"https:\/\/www.ulisseland.com\/journal\/wp-content\/uploads\/2012\/09\/trattore-01-300x225.jpg\" alt=\"\" width=\"210\" height=\"158\" srcset=\"https:\/\/www.ulisseland.com\/journal\/wp-content\/uploads\/2012\/09\/trattore-01-300x225.jpg 300w, https:\/\/www.ulisseland.com\/journal\/wp-content\/uploads\/2012\/09\/trattore-01-600x450.jpg 600w, https:\/\/www.ulisseland.com\/journal\/wp-content\/uploads\/2012\/09\/trattore-01.jpg 640w\" sizes=\"auto, (max-width: 210px) 100vw, 210px\" \/><\/a>La partecipazione del Segretario provinciale UGL di Latina,Maria Antonietta Vicaro, del segretario provinciale della Polizia di Stato e le numerose famiglie alla vendemmia nelle vigne confiscate, ha rappresentato il momento di sintesi dei pi\u00f9 alti e nobili valori sociali.<\/p>\n<p>Proprio in questo momento di crisi economica, l\u2019UGL ha voluto dimostrare, in modo tangibile, la vicinanza al mondo del lavoro, esaltando l\u2019impegno del Presidente della cooperativa &#8220;Il Gabbiano&#8221; Dario Campagna e il responsabile del podere e della fattoria didattica Giorgio Ciacciarelli che hanno contribuito ad alleviare la situazione occupazionale del territorio pontino.<\/p>\n<p>Il segretario provinciale dell\u2019UGL di Latina,Maria Antonietta Vicaro,\u00a0 al termine ha dichiarato \u201cla fiaccolata contro le mafie, svoltasi sere fa, con oggi\u00a0 avvalora la volont\u00e0 dei cittadini di questa provincia nel chiedere legalit\u00e0, giustizia e maggior sicurezza\u201d.<\/p>\n<p>La giornata si \u00e8 conclusa all\u2019insegna dell\u2019amicizia e della solidariet\u00e0.<\/p>\n<p>&nbsp;<\/p>\n<p>Il Direttore<\/p>\n<p>Dott. Sergio Monforte<\/p>\n","protected":false},"excerpt":{"rendered":"<p>L\u2019evento si \u00e8 svolto nei terreni confiscati alla camorra e riconvertiti per scopi sociali dalla cooperativa &#8220;Il Gabbiano&#8221;.\u00a0 &nbsp; Il segretario provinciale dell\u2019UGL Polizia di Stato,\u00a0 Elvio Vulcano, dichiara \u201ccome poliziotto provo una certa soddisfazione nel vedere i frutti del nostro lavoro apprezzato e condiviso da tutti coloro che hanno il senso civico. Un bene<\/p>\n","protected":false},"author":1,"featured_media":0,"comment_status":"open","ping_status":"open","sticky":false,"template":"","format":"standard","meta":{"footnotes":""},"categories":[55,11],"tags":[],"class_list":["post-4912","post","type-post","status-publish","format-standard","hentry","category-comune-di-cisterna-di-latina","category-enti"],"_links":{"self":[{"href":"https:\/\/www.ulisseland.com\/journal\/wp-json\/wp\/v2\/posts\/4912","targetHints":{"allow":["GET"]}}],"collection":[{"href":"https:\/\/www.ulisseland.com\/journal\/wp-json\/wp\/v2\/posts"}],"about":[{"href":"https:\/\/www.ulisseland.com\/journal\/wp-json\/wp\/v2\/types\/post"}],"author":[{"embeddable":true,"href":"https:\/\/www.ulisseland.com\/journal\/wp-json\/wp\/v2\/users\/1"}],"replies":[{"embeddable":true,"href":"https:\/\/www.ulisseland.com\/journal\/wp-json\/wp\/v2\/comments?post=4912"}],"version-history":[{"count":2,"href":"https:\/\/www.ulisseland.com\/journal\/wp-json\/wp\/v2\/posts\/4912\/revisions"}],"predecessor-version":[{"id":4918,"href":"https:\/\/www.ulisseland.com\/journal\/wp-json\/wp\/v2\/posts\/4912\/revisions\/4918"}],"wp:attachment":[{"href":"https:\/\/www.ulisseland.com\/journal\/wp-json\/wp\/v2\/media?parent=4912"}],"wp:term":[{"taxonomy":"category","embeddable":true,"href":"https:\/\/www.ulisseland.com\/journal\/wp-json\/wp\/v2\/categories?post=4912"},{"taxonomy":"post_tag","embeddable":true,"href":"https:\/\/www.ulisseland.com\/journal\/wp-json\/wp\/v2\/tags?post=4912"}],"curies":[{"name":"wp","href":"https:\/\/api.w.org\/{rel}","templated":true}]}}