{"id":4885,"date":"2012-09-20T15:50:21","date_gmt":"2012-09-20T13:50:21","guid":{"rendered":"http:\/\/www.ulisseland.com\/journal\/?p=4885&#038;lang=it"},"modified":"2012-09-20T16:07:07","modified_gmt":"2012-09-20T14:07:07","slug":"gaeta-un-pulmino-elettrico-per-la-mobilita-sostenibile","status":"publish","type":"post","link":"https:\/\/www.ulisseland.com\/journal\/gaeta-un-pulmino-elettrico-per-la-mobilita-sostenibile\/","title":{"rendered":"GAETA: Un pulmino elettrico per la mobilit\u00e0 sostenibile"},"content":{"rendered":"<p><a href=\"https:\/\/www.ulisseland.com\/journal\/wp-content\/uploads\/2012\/09\/mitrano-monopattino.jpg\"><img loading=\"lazy\" decoding=\"async\" class=\"alignleft size-medium wp-image-4887\" title=\"mitrano monopattino\" src=\"https:\/\/www.ulisseland.com\/journal\/wp-content\/uploads\/2012\/09\/mitrano-monopattino-300x224.jpg\" alt=\"\" width=\"300\" height=\"224\" srcset=\"https:\/\/www.ulisseland.com\/journal\/wp-content\/uploads\/2012\/09\/mitrano-monopattino-300x224.jpg 300w, https:\/\/www.ulisseland.com\/journal\/wp-content\/uploads\/2012\/09\/mitrano-monopattino-1024x764.jpg 1024w, https:\/\/www.ulisseland.com\/journal\/wp-content\/uploads\/2012\/09\/mitrano-monopattino-600x448.jpg 600w\" sizes=\"auto, (max-width: 300px) 100vw, 300px\" \/><\/a><\/p>\n<p>Ha suscitato grande interesse e stupore, a Gaeta, il passaggio del pulmino elettrico che questa mattina ha percorso silenziosamente alcune strade cittadine del quartiere medievale di Gaeta S. Erasmo, di Monte Tortona e Marina di Serapo, del Parco di Monte Orlando e del lungomare Caboto. Con 30 comodi posti, omologazione europea e dotato di pedana elettrica per disabili, il pulmino \u00e8 giunto a Gaeta su iniziativa del sindaco Cosmo Mitrano, nell\u2019ambito delle politiche ecosostenibili che rappresentano una delle priorit\u00e0 della sua Amministrazione, impegnata a promuovere anche la mobilit\u00e0 sostenibile. In questo ambito si \u00e8 mosso il consigliere comunale Davide Speringo che si \u00e8 adoperato personalmente per organizzare la presenza del veicolo elettrico a Gaeta.<\/p>\n<figure id=\"attachment_4888\" aria-describedby=\"caption-attachment-4888\" style=\"width: 158px\" class=\"wp-caption alignright\"><a href=\"https:\/\/www.ulisseland.com\/journal\/wp-content\/uploads\/2012\/09\/speringo-accetta-mitrano1.jpg\"><img loading=\"lazy\" decoding=\"async\" class=\" wp-image-4888 \" title=\"speringo-accetta-mitrano1\" src=\"https:\/\/www.ulisseland.com\/journal\/wp-content\/uploads\/2012\/09\/speringo-accetta-mitrano1-225x300.jpg\" alt=\"\" width=\"158\" height=\"210\" srcset=\"https:\/\/www.ulisseland.com\/journal\/wp-content\/uploads\/2012\/09\/speringo-accetta-mitrano1-225x300.jpg 225w, https:\/\/www.ulisseland.com\/journal\/wp-content\/uploads\/2012\/09\/speringo-accetta-mitrano1-600x800.jpg 600w, https:\/\/www.ulisseland.com\/journal\/wp-content\/uploads\/2012\/09\/speringo-accetta-mitrano1.jpg 612w\" sizes=\"auto, (max-width: 158px) 100vw, 158px\" \/><\/a><figcaption id=\"caption-attachment-4888\" class=\"wp-caption-text\">Speringo - Accetta - Mitrano<\/figcaption><\/figure>\n<p>Il bus ha superato brillantemente il test per gli amministratori. Infatti, sono scesi soddisfatti, al termine del giro in citt\u00e0, il sindaco Mitrano, gli assessori comunali Alessandro Vona (Ambiente) e Pasquale De Simone (Urbanistica), Cristian Leccese, i consiglieri Luigi Marzullo e Davide Speringo, la collaboratrice del sindaco Sabina Mitrano ed il dirigente dell\u2019Ufficio tecnico comunale Sisto Astarita. \u00abIl risultato \u00e8 stato eccellente \u2013 precisa l\u2019assessore Vona \u2013 e con il sindaco valuteremo con ponderatezza se esistano o meno le condizioni per un suo eventuale utilizzo nella nostra citt\u00e0\u00bb.<\/p>\n<p><a href=\"https:\/\/www.ulisseland.com\/journal\/wp-content\/uploads\/2012\/09\/DSCN1870.jpg\"><img loading=\"lazy\" decoding=\"async\" class=\"alignleft  wp-image-4886\" title=\"DSCN1870\" src=\"https:\/\/www.ulisseland.com\/journal\/wp-content\/uploads\/2012\/09\/DSCN1870-300x225.jpg\" alt=\"\" width=\"240\" height=\"180\" srcset=\"https:\/\/www.ulisseland.com\/journal\/wp-content\/uploads\/2012\/09\/DSCN1870-300x225.jpg 300w, https:\/\/www.ulisseland.com\/journal\/wp-content\/uploads\/2012\/09\/DSCN1870-600x450.jpg 600w, https:\/\/www.ulisseland.com\/journal\/wp-content\/uploads\/2012\/09\/DSCN1870.jpg 1024w\" sizes=\"auto, (max-width: 240px) 100vw, 240px\" \/><\/a>Questi pulmini, realizzati con materiale ad alta tecnologia, sono utilizzati in molte citt\u00e0 italiane per il trasporto urbano ed anche all\u2019estero (Inghilterra, Francia, Portogallo, Spagna, Germania, Canada). Realizzato dalla ditta Tecnobus di Frosinone, il mezzo elettrico ha una capacit\u00e0 di autonomia di130 kmnell\u2019attraversamento del centro urbano e di300 kmin percorsi extraurbani; e rappresenta la soluzione ideale per lo spostamento di persone in tutti quei contesti che richiedono un impatto ambientale zero. E questa mattina, gli amministratori comunali sono stati testimoni di quanto piacere possa dare spostarsi in citt\u00e0 utilizzando un veicolo elettrico in pieno silenzio e senza emissioni nocive, nel totale rispetto dell\u2019ambiente.<\/p>\n<p>&nbsp;<\/p>\n<p>Il Direttore<\/p>\n<p>Dott. Sergio Monforte<\/p>\n","protected":false},"excerpt":{"rendered":"<p>Ha suscitato grande interesse e stupore, a Gaeta, il passaggio del pulmino elettrico che questa mattina ha percorso silenziosamente alcune strade cittadine del quartiere medievale di Gaeta S. Erasmo, di Monte Tortona e Marina di Serapo, del Parco di Monte Orlando e del lungomare Caboto. Con 30 comodi posti, omologazione europea e dotato di pedana<\/p>\n","protected":false},"author":1,"featured_media":0,"comment_status":"open","ping_status":"open","sticky":false,"template":"","format":"standard","meta":{"footnotes":""},"categories":[20,11],"tags":[],"class_list":["post-4885","post","type-post","status-publish","format-standard","hentry","category-comune-di-gaeta","category-enti"],"_links":{"self":[{"href":"https:\/\/www.ulisseland.com\/journal\/wp-json\/wp\/v2\/posts\/4885","targetHints":{"allow":["GET"]}}],"collection":[{"href":"https:\/\/www.ulisseland.com\/journal\/wp-json\/wp\/v2\/posts"}],"about":[{"href":"https:\/\/www.ulisseland.com\/journal\/wp-json\/wp\/v2\/types\/post"}],"author":[{"embeddable":true,"href":"https:\/\/www.ulisseland.com\/journal\/wp-json\/wp\/v2\/users\/1"}],"replies":[{"embeddable":true,"href":"https:\/\/www.ulisseland.com\/journal\/wp-json\/wp\/v2\/comments?post=4885"}],"version-history":[{"count":5,"href":"https:\/\/www.ulisseland.com\/journal\/wp-json\/wp\/v2\/posts\/4885\/revisions"}],"predecessor-version":[{"id":4893,"href":"https:\/\/www.ulisseland.com\/journal\/wp-json\/wp\/v2\/posts\/4885\/revisions\/4893"}],"wp:attachment":[{"href":"https:\/\/www.ulisseland.com\/journal\/wp-json\/wp\/v2\/media?parent=4885"}],"wp:term":[{"taxonomy":"category","embeddable":true,"href":"https:\/\/www.ulisseland.com\/journal\/wp-json\/wp\/v2\/categories?post=4885"},{"taxonomy":"post_tag","embeddable":true,"href":"https:\/\/www.ulisseland.com\/journal\/wp-json\/wp\/v2\/tags?post=4885"}],"curies":[{"name":"wp","href":"https:\/\/api.w.org\/{rel}","templated":true}]}}