{"id":4876,"date":"2012-09-20T15:33:54","date_gmt":"2012-09-20T13:33:54","guid":{"rendered":"http:\/\/www.ulisseland.com\/journal\/?p=4876&#038;lang=it"},"modified":"2016-12-20T09:31:43","modified_gmt":"2016-12-20T08:31:43","slug":"gaeta-la-asl-assicura-che-il-reparto-di-odontoiatria-non-chiude","status":"publish","type":"post","link":"https:\/\/www.ulisseland.com\/journal\/gaeta-la-asl-assicura-che-il-reparto-di-odontoiatria-non-chiude\/","title":{"rendered":"GAETA: La ASL assicura che il reparto di Odontoiatria non chiude"},"content":{"rendered":"<p style=\"text-align: justify;\"><span style=\"font-size: large;\"><strong>Un intervento del Direttore del Distretto 5, Dott. Antonio Graziano.<\/strong><\/span><\/p>\n<figure id=\"attachment_4879\" aria-describedby=\"caption-attachment-4879\" style=\"width: 300px\" class=\"wp-caption alignleft\"><a href=\"https:\/\/www.ulisseland.com\/journal\/wp-content\/uploads\/2012\/09\/ospedale_di_liegro-gaeta1.jpg\"><img loading=\"lazy\" decoding=\"async\" class=\"size-medium wp-image-4879\" title=\"ospedale_di_liegro-gaeta1\" src=\"https:\/\/www.ulisseland.com\/journal\/wp-content\/uploads\/2012\/09\/ospedale_di_liegro-gaeta1-300x198.jpg\" alt=\"\" width=\"300\" height=\"198\" srcset=\"https:\/\/www.ulisseland.com\/journal\/wp-content\/uploads\/2012\/09\/ospedale_di_liegro-gaeta1-300x198.jpg 300w, https:\/\/www.ulisseland.com\/journal\/wp-content\/uploads\/2012\/09\/ospedale_di_liegro-gaeta1.jpg 448w\" sizes=\"auto, (max-width: 300px) 100vw, 300px\" \/><\/a><figcaption id=\"caption-attachment-4879\" class=\"wp-caption-text\">Ospedale Di Liegro - Gaeta<\/figcaption><\/figure>\n<p>In relazione all\u2019attivit\u00e0 del reparto di Odontoiatria, allocato presso il presidio ospedaliero \u201cMons. Di Liegro\u201d di Gaeta, la Direzionedel Distretto 5 precisa che la stessa continua ad essere garantita\u00a0 presso l\u2019Ospedale di Gaeta \u201c<em>Don Luigi Di Liegro<\/em>\u201d\u00a0 da tre specialisti odontoiatri con contratto di lavoro in regime di convenzionamento interno, compreso il medico specialista incaricato in precedenza quale Responsabile della U.O.S.D. \u201c<em>Odontostomatologia <\/em>\u201d con contratto triennale 2009-2012 e scadenza 30.06.2012.<\/p>\n<p>Nell\u2019ambito della suddetta attivit\u00e0 odontoiatrica istituzionale vengono erogate le prestazioni stabilite dal Nomenclatore Tariffario Regionale ed \u00e8 stata attivata\u00a0\u00a0 una fascia di prenotazioni dedicata\u00a0 ai soggetti disabili e fragili, garantita dal medico specialista per la branca di Odontoiatria che, successivamente alla scadenza del suddetto contratto triennale di Dirigente Responsabile di Unit\u00e0 Operativa Semplice Dipartimentale (UOSD), ha ristabilito il proprio orario di attivit\u00e0\u00a0 pari a 24 ore settimanali.<a href=\"https:\/\/www.east-inflatables.com\/french\/Buy-Dora-Diego-439.html\">Dora Diego<\/a><\/p>\n<figure id=\"attachment_4878\" aria-describedby=\"caption-attachment-4878\" style=\"width: 176px\" class=\"wp-caption alignright\"><a href=\"https:\/\/www.ulisseland.com\/journal\/wp-content\/uploads\/2012\/09\/Dott.-Antonio-Graziano.jpg\"><img loading=\"lazy\" decoding=\"async\" class=\"size-medium wp-image-4878\" title=\"Dott. Antonio Graziano\" src=\"https:\/\/www.ulisseland.com\/journal\/wp-content\/uploads\/2012\/09\/Dott.-Antonio-Graziano-176x300.jpg\" alt=\"\" width=\"176\" height=\"300\" srcset=\"https:\/\/www.ulisseland.com\/journal\/wp-content\/uploads\/2012\/09\/Dott.-Antonio-Graziano-176x300.jpg 176w, https:\/\/www.ulisseland.com\/journal\/wp-content\/uploads\/2012\/09\/Dott.-Antonio-Graziano-602x1024.jpg 602w, https:\/\/www.ulisseland.com\/journal\/wp-content\/uploads\/2012\/09\/Dott.-Antonio-Graziano-600x1020.jpg 600w, https:\/\/www.ulisseland.com\/journal\/wp-content\/uploads\/2012\/09\/Dott.-Antonio-Graziano.jpg 1253w\" sizes=\"auto, (max-width: 176px) 100vw, 176px\" \/><\/a><figcaption id=\"caption-attachment-4878\" class=\"wp-caption-text\">Dott. Antonio Graziano<\/figcaption><\/figure>\n<p>La Direzionedel Distretto 5, gi\u00e0 nei primi giorni del mese di Luglio,\u00a0 ha disposto, tra l\u2019altro, la garanzia di una risposta assistenziale ai pazienti gi\u00e0 in lista d\u2019attesa alla ex UOSD \u201c<em>Odontostomatologia<\/em>\u201d che, tranne per il periodo\u00a0 di ferie estive del mese di agosto degli specialisti odontoiatri, continua ad essere svolta dagli stessi.<\/p>\n<p>Pertanto, non vi \u00e8 stata alcuna\u00a0 \u201cchiusura\u201c dell\u2019attivit\u00e0 di Odontoiatria, come erroneamente denunciato da una certa parte politica, ma anzi, nell\u2019immediato futuro, il reparto verr\u00e0 dotata di tre riuniti\/studi odontoiatrici nuovi e di uno riunito\/studio odontoiatrico da destinare all\u2019attivit\u00e0 di \u201c Day Surgery \u201c del Presidio Ospedaliero Sud, in sostituzione della strumentazione attualmente in uso.<\/p>\n<p>La Direzionedel Distretto ritiene necessario precisare, altres\u00ec, che, probabilmente, quanto viene riportato dai suddetti organi di stampa riguarderebbe l\u2019attivit\u00e0 relativa al \u201c<em>Piano Regionale per l\u2019Assistenza Odontoiatrica<\/em>\u201d per il triennio 2009-2011, scaduto il 04.08.2012, che individuava una componente\u00a0 di natura tecnico-funzionale\u00a0 ed una di natura gestionale-organizzativa, le cui competenze erano ascritte rispettivamente alla UOSD \u201c<em>Odontostomatologia<\/em>\u201d del Presidio Ospedaliero Sud\u00a0 ed ai Distretti Territoriali dell\u2019Azienda USL Latina.<\/p>\n<p>Il suddetto \u201c<em>Piano Regionale per l\u2019Assistenza Odontoiatrica<\/em>\u201d stabiliva le modalit\u00e0 per garantire maggiore accessibilit\u00e0 ai servizi odontoiatrici con particolare attenzione ai soggetti in et\u00e0 infantile ed evolutiva ed alle fasce di popolazione in condizione di vulnerabilit\u00e0 sanitaria o sociale.<\/p>\n<p><a href=\"https:\/\/www.ulisseland.com\/journal\/wp-content\/uploads\/2012\/09\/ambu_03.jpg\"><img loading=\"lazy\" decoding=\"async\" class=\"alignleft  wp-image-4877\" title=\"ambu_03\" src=\"https:\/\/www.ulisseland.com\/journal\/wp-content\/uploads\/2012\/09\/ambu_03-300x224.jpg\" alt=\"\" width=\"210\" height=\"157\" srcset=\"https:\/\/www.ulisseland.com\/journal\/wp-content\/uploads\/2012\/09\/ambu_03-300x224.jpg 300w, https:\/\/www.ulisseland.com\/journal\/wp-content\/uploads\/2012\/09\/ambu_03.jpg 567w\" sizes=\"auto, (max-width: 210px) 100vw, 210px\" \/><\/a>Qualora la Regione Laziodovesse prorogare il suddetto \u201c<em>Piano Regionale per l\u2019Assistenza Odontoiatrica<\/em>\u201cla Direzione dell\u2019Azienda USL di Latina potr\u00e0 attribuire le suddette specifiche competenze sia ai Dirigenti aziendali dipendenti che\u00a0 agli Specialisti Odontoiatri gi\u00e0 con rapporto di lavoro in regime di convenzionamento interno\u00a0 con o senza incarico di Unit\u00e0 Operativa.<\/p>\n<p>Per completezza di informazioni si ritiene necessario precisare, altres\u00ec, che a seguito di quanto convenuto tra l\u2019Azienda USL di Latina e la S.I.M.O. (Societ\u00e0 Italiana Maxillo Odontostomatologia) con il protocollo d\u2019intesa datato\u00a0 10.07.2012, si stanno verificando ed organizzando le disponibilit\u00e0 logistiche necessarie ad attivare tutti gli interventi stabiliti dalla Regione Lazio \u201c<em>Assessorato ai Servizi Sociali e alla Famigilia<\/em>\u201d in materia di prevenzione, assistenza e formazione maxillo odontostomatologia rivolto alla popolazione indigente della Provincia di Latina, nonch\u00e9 alla popolazione carceraria; scopo del suddetto protocollo \u00e8 di contribuire alla prosecuzione del programma di prevenzione concernente la tutela della salute odontoiatrica in favore della popolazione in et\u00e0 infantile ed evolutiva e dei soggetti in particolari condizioni di vulnerabilit\u00e0 sociale e sanitaria.<\/p>\n<p>&nbsp;<\/p>\n<p>Il Direttore<\/p>\n<p>Dott. Sergio Monforte<\/p>\n","protected":false},"excerpt":{"rendered":"<p>Un intervento del Direttore del Distretto 5, Dott. Antonio Graziano. In relazione all\u2019attivit\u00e0 del reparto di Odontoiatria, allocato presso il presidio ospedaliero \u201cMons. Di Liegro\u201d di Gaeta, la Direzionedel Distretto 5 precisa che la stessa continua ad essere garantita\u00a0 presso l\u2019Ospedale di Gaeta \u201cDon Luigi Di Liegro\u201d\u00a0 da tre specialisti odontoiatri con contratto di lavoro<\/p>\n","protected":false},"author":1,"featured_media":0,"comment_status":"open","ping_status":"open","sticky":false,"template":"","format":"standard","meta":{"footnotes":""},"categories":[20,11],"tags":[],"class_list":["post-4876","post","type-post","status-publish","format-standard","hentry","category-comune-di-gaeta","category-enti"],"_links":{"self":[{"href":"https:\/\/www.ulisseland.com\/journal\/wp-json\/wp\/v2\/posts\/4876","targetHints":{"allow":["GET"]}}],"collection":[{"href":"https:\/\/www.ulisseland.com\/journal\/wp-json\/wp\/v2\/posts"}],"about":[{"href":"https:\/\/www.ulisseland.com\/journal\/wp-json\/wp\/v2\/types\/post"}],"author":[{"embeddable":true,"href":"https:\/\/www.ulisseland.com\/journal\/wp-json\/wp\/v2\/users\/1"}],"replies":[{"embeddable":true,"href":"https:\/\/www.ulisseland.com\/journal\/wp-json\/wp\/v2\/comments?post=4876"}],"version-history":[{"count":6,"href":"https:\/\/www.ulisseland.com\/journal\/wp-json\/wp\/v2\/posts\/4876\/revisions"}],"predecessor-version":[{"id":10089,"href":"https:\/\/www.ulisseland.com\/journal\/wp-json\/wp\/v2\/posts\/4876\/revisions\/10089"}],"wp:attachment":[{"href":"https:\/\/www.ulisseland.com\/journal\/wp-json\/wp\/v2\/media?parent=4876"}],"wp:term":[{"taxonomy":"category","embeddable":true,"href":"https:\/\/www.ulisseland.com\/journal\/wp-json\/wp\/v2\/categories?post=4876"},{"taxonomy":"post_tag","embeddable":true,"href":"https:\/\/www.ulisseland.com\/journal\/wp-json\/wp\/v2\/tags?post=4876"}],"curies":[{"name":"wp","href":"https:\/\/api.w.org\/{rel}","templated":true}]}}