{"id":4839,"date":"2012-09-18T11:23:41","date_gmt":"2012-09-18T09:23:41","guid":{"rendered":"http:\/\/www.ulisseland.com\/journal\/?p=4839&#038;lang=it"},"modified":"2012-09-18T11:23:41","modified_gmt":"2012-09-18T09:23:41","slug":"trivio-la-seconda-edizione-del-video-collegamento-con-gli-emigrati-in-america","status":"publish","type":"post","link":"https:\/\/www.ulisseland.com\/journal\/trivio-la-seconda-edizione-del-video-collegamento-con-gli-emigrati-in-america\/","title":{"rendered":"TRIVIO: La seconda edizione del video collegamento con gli emigrati in America"},"content":{"rendered":"<p><a href=\"https:\/\/www.ulisseland.com\/journal\/wp-content\/uploads\/2012\/09\/trivio-festa-4.jpg\"><img loading=\"lazy\" decoding=\"async\" class=\"alignleft  wp-image-4854\" title=\"trivio festa (4)\" src=\"https:\/\/www.ulisseland.com\/journal\/wp-content\/uploads\/2012\/09\/trivio-festa-4.jpg\" alt=\"\" width=\"360\" height=\"241\" srcset=\"https:\/\/www.ulisseland.com\/journal\/wp-content\/uploads\/2012\/09\/trivio-festa-4.jpg 600w, https:\/\/www.ulisseland.com\/journal\/wp-content\/uploads\/2012\/09\/trivio-festa-4-300x201.jpg 300w\" sizes=\"auto, (max-width: 360px) 100vw, 360px\" \/><\/a>Una serata di emozioni e di intenso \u201camarcord\u201d quella vissuta domenica a Trivio, grazie al videocollegamento stabilito, pur tra qualche difficolt\u00e0, con l\u2019annuale festa dei nostri emigrati negli Stati Uniti d\u2019America.<\/p>\n<p>L\u2019evento, organizzato per il secondo anno consecutivo, in piazza Sant\u2019Andrea, dal Centro Anziani di Trivio, presieduto da Vittorio Guglielmo, in collaborazione con il team di \u201cTrivio Amici\u201d, guidato dal dinamico Tony Guglielmo, si \u00e8 sviluppato tra canti, saluti, rievocazioni ed interventi vari ed ha visto la partecipazione, in rappresentanza dell\u2019amministrazione comunale, dell\u2019assessore alle Politiche sociali e della famiglia, dott. Peppe Treglia e del consigliere Alberto D\u2019Angi\u00f2, i quali hanno portato anche il saluto del Sindaco Michele Forte, contestualmente impegnato in altra manifestazione.<\/p>\n<p>Di rilievo, la presenza anche del presidente dell\u2019associazione \u201cPro Trivio Monteleone\u201d di Spoleto, gemellata con la nostra Trivio, Ilario Moretti, ospite di Tony.<\/p>\n<p>\u201cSiamo appena alla seconda edizione, ha sottolineato il presentatore, ma la manifestazione di questa sera rappresenta gi\u00e0 un appuntamento fondamentale, per tanti triviesi e, pi\u00f9 in generale, per tanti nostri emigrati in America, per lo pi\u00f9 concentrati a New York, che continuano a sentire forte il legame con la madre Patria, con le loro famiglie, con le proprie origini ed ovviamente, con i parenti rimasti in Italia.<\/p>\n<p>La serata si \u00e8 aperta con il collegamento con il locale dov\u2019erano riuniti i nostri connazionali in U.S.A. e con gli inni italiano ed americano, ai quali hanno fatto seguito i canti del coro del \u201cCentro Anziani di Maranola\u201d e del coro \u201cInsieme per Trivio\u201d, magistralmente diretto dalle sorelle Sparagna.<\/p>\n<p>Quindi, alcuni ricordi delle vicissitudini patite durante il secondo conflitto mondiale, tratti dal libro della Prof.ssa Candida Pecorini: \u201cil terrore dei bombardamenti; la paura dei rastrellamenti tedeschi; la fuga dei giovani verso il \u201cnido degli aquilotti\u201d lungo le pendici del monte Redentore; le fucilazioni e le distruzioni di Trivio, Castellonorato e Formia\u201d.<\/p>\n<p>Ricordi a cui si sono aggiunte le testimonianze dirette di tanti anziani presenti, a cominciare dal maestro Settimio Guglielmo.<\/p>\n<p>E\u2019 quindi ripreso il collegamento con i triviesi d\u2019America, tra saluti, grida, dialoghi interrotti ed appuntamenti, con il buon Michele Guglielmo che cercava in tutti i modi di ripristinare l\u2019audio.<\/p>\n<p>Encomiabile l\u2019intervento dell\u2019assessore Peppe Treglia, che, in questi anni, ha saputo condurre con grande maestria il difficile settore della vita amministrativa a lui assegnato, curando, in particolar modo, le fasce svantaggiate, i pi\u00f9 deboli e gli anziani e mostrando sempre grande attenzione ai diversi Centri anziani ed a quelle manifestazioni finalizzate alla promozione ed all\u2019esaltazione del sociale.<\/p>\n<p>Una vera chicca \u00e8 stata la presentazione, in anteprima, da parte dello staff di \u201cTrivio Amici\u201d, di spezzoni di un cortometraggio, con interviste a tanti personaggi del luogo, affinch\u00e8 i ricordi, la cultura, le tradizioni di Trivio e della nostra terra non vadano disperse, ma costituiscano quella memoria storica in grado di ricollegarci idealmente alle nostre radici, per costruire un futuro sempre migliore.<\/p>\n<p>Tale cortometraggio, curato da Tony Guglielmo e dai suoi amici, verr\u00e0 quindi trasformato in un DVD allegato alla ristampa della seconda edizione del libro \u201cTrivio nel tempo\u201d.<\/p>\n<p>Infine, la sorpresa finale: una medaglia-ricordo, celebrativa della serata, con il caratteristico campanile di Trivio, donata agli intervenuti ed agli iscritti al Centro Anziani di Trivio, dal presidente Vittorio Guglielmo ed acquistabile da tutti i cittadini al prezzo di cinque euro, con il ricavato devoluto in beneficenza, a favore dell\u2019associazione \u201cHerasmus\u201d.<\/p>\n<p>&nbsp;<\/p>\n<p>Il Direttore<\/p>\n<p>Dott. Sergio Monforte<\/p>\n<p>&nbsp;<\/p>\n<div id='gallery-1' class='gallery galleryid-4839 gallery-columns-2 gallery-size-thumbnail'><figure class='gallery-item'>\n\t\t\t<div class='gallery-icon landscape'>\n\t\t\t\t<a href='https:\/\/www.ulisseland.com\/journal\/trivio-la-seconda-edizione-del-video-collegamento-con-gli-emigrati-in-america\/trivio-festa-10\/'><img loading=\"lazy\" decoding=\"async\" width=\"150\" height=\"150\" src=\"https:\/\/www.ulisseland.com\/journal\/wp-content\/uploads\/2012\/09\/trivio-festa-10-150x150.jpg\" class=\"attachment-thumbnail size-thumbnail\" alt=\"\" \/><\/a>\n\t\t\t<\/div><\/figure><figure class='gallery-item'>\n\t\t\t<div class='gallery-icon landscape'>\n\t\t\t\t<a href='https:\/\/www.ulisseland.com\/journal\/trivio-la-seconda-edizione-del-video-collegamento-con-gli-emigrati-in-america\/trivio-festa-1\/'><img loading=\"lazy\" decoding=\"async\" width=\"150\" height=\"150\" src=\"https:\/\/www.ulisseland.com\/journal\/wp-content\/uploads\/2012\/09\/trivio-festa-1-150x150.jpg\" class=\"attachment-thumbnail size-thumbnail\" alt=\"\" \/><\/a>\n\t\t\t<\/div><\/figure><figure class='gallery-item'>\n\t\t\t<div class='gallery-icon landscape'>\n\t\t\t\t<a href='https:\/\/www.ulisseland.com\/journal\/trivio-la-seconda-edizione-del-video-collegamento-con-gli-emigrati-in-america\/trivio-festa-2\/'><img loading=\"lazy\" decoding=\"async\" width=\"150\" height=\"150\" src=\"https:\/\/www.ulisseland.com\/journal\/wp-content\/uploads\/2012\/09\/trivio-festa-2-150x150.jpg\" class=\"attachment-thumbnail size-thumbnail\" alt=\"\" \/><\/a>\n\t\t\t<\/div><\/figure><figure class='gallery-item'>\n\t\t\t<div class='gallery-icon landscape'>\n\t\t\t\t<a href='https:\/\/www.ulisseland.com\/journal\/trivio-la-seconda-edizione-del-video-collegamento-con-gli-emigrati-in-america\/trivio-festa-3\/'><img loading=\"lazy\" decoding=\"async\" width=\"150\" height=\"150\" src=\"https:\/\/www.ulisseland.com\/journal\/wp-content\/uploads\/2012\/09\/trivio-festa-3-150x150.jpg\" class=\"attachment-thumbnail size-thumbnail\" alt=\"\" \/><\/a>\n\t\t\t<\/div><\/figure><figure class='gallery-item'>\n\t\t\t<div class='gallery-icon landscape'>\n\t\t\t\t<a href='https:\/\/www.ulisseland.com\/journal\/trivio-la-seconda-edizione-del-video-collegamento-con-gli-emigrati-in-america\/trivio-festa-4\/'><img loading=\"lazy\" decoding=\"async\" width=\"150\" height=\"150\" src=\"https:\/\/www.ulisseland.com\/journal\/wp-content\/uploads\/2012\/09\/trivio-festa-4-150x150.jpg\" class=\"attachment-thumbnail size-thumbnail\" alt=\"\" \/><\/a>\n\t\t\t<\/div><\/figure><figure class='gallery-item'>\n\t\t\t<div class='gallery-icon landscape'>\n\t\t\t\t<a href='https:\/\/www.ulisseland.com\/journal\/trivio-la-seconda-edizione-del-video-collegamento-con-gli-emigrati-in-america\/trivio-festa-5\/'><img loading=\"lazy\" decoding=\"async\" width=\"150\" height=\"150\" src=\"https:\/\/www.ulisseland.com\/journal\/wp-content\/uploads\/2012\/09\/trivio-festa-5-150x150.jpg\" class=\"attachment-thumbnail size-thumbnail\" alt=\"\" \/><\/a>\n\t\t\t<\/div><\/figure><figure class='gallery-item'>\n\t\t\t<div class='gallery-icon landscape'>\n\t\t\t\t<a href='https:\/\/www.ulisseland.com\/journal\/trivio-la-seconda-edizione-del-video-collegamento-con-gli-emigrati-in-america\/trivio-festa-6\/'><img loading=\"lazy\" decoding=\"async\" width=\"150\" height=\"150\" src=\"https:\/\/www.ulisseland.com\/journal\/wp-content\/uploads\/2012\/09\/trivio-festa-6-150x150.jpg\" class=\"attachment-thumbnail size-thumbnail\" alt=\"\" \/><\/a>\n\t\t\t<\/div><\/figure><figure class='gallery-item'>\n\t\t\t<div class='gallery-icon landscape'>\n\t\t\t\t<a href='https:\/\/www.ulisseland.com\/journal\/trivio-la-seconda-edizione-del-video-collegamento-con-gli-emigrati-in-america\/trivio-festa-7\/'><img loading=\"lazy\" decoding=\"async\" width=\"150\" height=\"150\" src=\"https:\/\/www.ulisseland.com\/journal\/wp-content\/uploads\/2012\/09\/trivio-festa-7-150x150.jpg\" class=\"attachment-thumbnail size-thumbnail\" alt=\"\" \/><\/a>\n\t\t\t<\/div><\/figure><figure class='gallery-item'>\n\t\t\t<div class='gallery-icon landscape'>\n\t\t\t\t<a href='https:\/\/www.ulisseland.com\/journal\/trivio-la-seconda-edizione-del-video-collegamento-con-gli-emigrati-in-america\/trivio-festa-8\/'><img loading=\"lazy\" decoding=\"async\" width=\"150\" height=\"150\" src=\"https:\/\/www.ulisseland.com\/journal\/wp-content\/uploads\/2012\/09\/trivio-festa-8-150x150.jpg\" class=\"attachment-thumbnail size-thumbnail\" alt=\"\" \/><\/a>\n\t\t\t<\/div><\/figure><figure class='gallery-item'>\n\t\t\t<div class='gallery-icon landscape'>\n\t\t\t\t<a href='https:\/\/www.ulisseland.com\/journal\/trivio-la-seconda-edizione-del-video-collegamento-con-gli-emigrati-in-america\/trivio-festa-9\/'><img loading=\"lazy\" decoding=\"async\" width=\"150\" height=\"150\" src=\"https:\/\/www.ulisseland.com\/journal\/wp-content\/uploads\/2012\/09\/trivio-festa-9-150x150.jpg\" class=\"attachment-thumbnail size-thumbnail\" alt=\"\" \/><\/a>\n\t\t\t<\/div><\/figure>\n\t\t<\/div>\n\n","protected":false},"excerpt":{"rendered":"<p>Una serata di emozioni e di intenso \u201camarcord\u201d quella vissuta domenica a Trivio, grazie al videocollegamento stabilito, pur tra qualche difficolt\u00e0, con l\u2019annuale festa dei nostri emigrati negli Stati Uniti d\u2019America. L\u2019evento, organizzato per il secondo anno consecutivo, in piazza Sant\u2019Andrea, dal Centro Anziani di Trivio, presieduto da Vittorio Guglielmo, in collaborazione con il team<\/p>\n","protected":false},"author":1,"featured_media":0,"comment_status":"open","ping_status":"open","sticky":false,"template":"","format":"standard","meta":{"footnotes":""},"categories":[14,11],"tags":[],"class_list":["post-4839","post","type-post","status-publish","format-standard","hentry","category-comune-di-formia","category-enti"],"_links":{"self":[{"href":"https:\/\/www.ulisseland.com\/journal\/wp-json\/wp\/v2\/posts\/4839","targetHints":{"allow":["GET"]}}],"collection":[{"href":"https:\/\/www.ulisseland.com\/journal\/wp-json\/wp\/v2\/posts"}],"about":[{"href":"https:\/\/www.ulisseland.com\/journal\/wp-json\/wp\/v2\/types\/post"}],"author":[{"embeddable":true,"href":"https:\/\/www.ulisseland.com\/journal\/wp-json\/wp\/v2\/users\/1"}],"replies":[{"embeddable":true,"href":"https:\/\/www.ulisseland.com\/journal\/wp-json\/wp\/v2\/comments?post=4839"}],"version-history":[{"count":2,"href":"https:\/\/www.ulisseland.com\/journal\/wp-json\/wp\/v2\/posts\/4839\/revisions"}],"predecessor-version":[{"id":4861,"href":"https:\/\/www.ulisseland.com\/journal\/wp-json\/wp\/v2\/posts\/4839\/revisions\/4861"}],"wp:attachment":[{"href":"https:\/\/www.ulisseland.com\/journal\/wp-json\/wp\/v2\/media?parent=4839"}],"wp:term":[{"taxonomy":"category","embeddable":true,"href":"https:\/\/www.ulisseland.com\/journal\/wp-json\/wp\/v2\/categories?post=4839"},{"taxonomy":"post_tag","embeddable":true,"href":"https:\/\/www.ulisseland.com\/journal\/wp-json\/wp\/v2\/tags?post=4839"}],"curies":[{"name":"wp","href":"https:\/\/api.w.org\/{rel}","templated":true}]}}