{"id":4788,"date":"2012-09-13T13:56:20","date_gmt":"2012-09-13T11:56:20","guid":{"rendered":"http:\/\/www.ulisseland.com\/journal\/?p=4788&#038;lang=it"},"modified":"2016-08-11T10:01:39","modified_gmt":"2016-08-11T08:01:39","slug":"ventotene-al-via-i-seminari-sulletica-della-scienza","status":"publish","type":"post","link":"https:\/\/www.ulisseland.com\/journal\/ventotene-al-via-i-seminari-sulletica-della-scienza\/","title":{"rendered":"VENTOTENE: Al via i Seminari sull\u2019Etica della Scienza"},"content":{"rendered":"<p><a href=\"https:\/\/www.ulisseland.com\/journal\/wp-content\/uploads\/2012\/09\/Ventotene3.jpg\"><img loading=\"lazy\" decoding=\"async\" class=\"alignleft size-medium wp-image-4789\" title=\"Ventotene3\" src=\"https:\/\/www.ulisseland.com\/journal\/wp-content\/uploads\/2012\/09\/Ventotene3-300x200.jpg\" alt=\"\" width=\"300\" height=\"200\" srcset=\"https:\/\/www.ulisseland.com\/journal\/wp-content\/uploads\/2012\/09\/Ventotene3-300x200.jpg 300w, https:\/\/www.ulisseland.com\/journal\/wp-content\/uploads\/2012\/09\/Ventotene3-600x401.jpg 600w, https:\/\/www.ulisseland.com\/journal\/wp-content\/uploads\/2012\/09\/Ventotene3.jpg 636w\" sizes=\"auto, (max-width: 300px) 100vw, 300px\" \/><\/a>La scuola estiva di Ventotene, \u201cStefano Buffardi\u201d, scuola dedicata all\u2019Etica della Scienza e organizzata, in collaborazione con il comune di Ventotene, dall\u2019Istituto Italiano per gli Studi Filosofici (IISF) e dall\u2019Istituto di scienze Umane ed Esistenziali (ISUE), giunge alla sua terza edizione proponendo un tema di grandissima attualit\u00e0: Etica e Scienze Economiche.<a href=\"https:\/\/www.east-inflatables.com\/blog\/bounce-house-rolling-machine.html\">Inflatable Bouncer<\/a><\/p>\n<p>L\u2019appuntamento ventotenese, caratterizzato dalla partecipazione attiva di relatori e di pubblico, senza barriere imposte dai ruoli, si propone come momento di riflessione e discussione sul ruolo sociale ed esistenziale delle scienze, prese nelle loro peculiari singolarit\u00e0 cos\u00ec come nel loro approccio generale. Anche ci\u00f2 che della scienza \u00e8 codificato, validato ed ormai assimilato al senso comune pu\u00f2 essere gestito con modalit\u00e0 differenti, foriere di differenti conseguenze sui singoli, con il rischio di diseguaglianze nella distribuzione dei benefici, di conseguenze negative per alcuni l\u00ec dove altri ricevono vantaggi, di disagi per le minoranze, di sofferenze per altre creature viventi e di conseguenze negative sugli ecosistemi.<\/p>\n<p>L\u2019edizione del 2012 parte dalla considerazione che l\u2019economia, pur nascendo nel seno della filosofia pratica, pur dialogando con l\u2019etica, pur se dipendente diretta dalla politica, a volte ci tiranneggia e, di fatto, governa le nostre vite.<\/p>\n<p><a href=\"https:\/\/www.ulisseland.com\/journal\/wp-content\/uploads\/2012\/09\/Ventotene11.jpg\"><img loading=\"lazy\" decoding=\"async\" class=\"alignright size-medium wp-image-4790\" title=\"Ventotene1\" src=\"https:\/\/www.ulisseland.com\/journal\/wp-content\/uploads\/2012\/09\/Ventotene11-300x205.jpg\" alt=\"\" width=\"300\" height=\"205\" srcset=\"https:\/\/www.ulisseland.com\/journal\/wp-content\/uploads\/2012\/09\/Ventotene11-300x205.jpg 300w, https:\/\/www.ulisseland.com\/journal\/wp-content\/uploads\/2012\/09\/Ventotene11-600x410.jpg 600w, https:\/\/www.ulisseland.com\/journal\/wp-content\/uploads\/2012\/09\/Ventotene11.jpg 694w\" sizes=\"auto, (max-width: 300px) 100vw, 300px\" \/><\/a>Queste le problematiche che saranno sottoposte ai partecipanti a questa edizione 2012:<\/p>\n<ul>\n<li>l\u2019economia \u00e8 una scienza?<\/li>\n<li>se \u00e8 una scienza, quali sono i suoi strumenti e come sono validati?<\/li>\n<li>quale \u00e8 il fine dell\u2019economia?<\/li>\n<li>pu\u00f2 essere orientata eticamente?<\/li>\n<li>quali sono i canoni etici da rispettare?<\/li>\n<li>il singolo, la famiglia, il gruppo e la societ\u00e0: ricadute esistenziali delle economie;<\/li>\n<li>credenze e luoghi comuni delle economie incidono sull\u2019esistenza del singolo?<\/li>\n<\/ul>\n<div><span style=\"color: #333333; font-family: 'Helvetica Neue', Helvetica, Arial, 'Nimbus Sans L', sans-serif;\"><span style=\"font-size: 12px; line-height: 20px;\"><br \/>\n<\/span><\/span><\/div>\n<p>Gli ospiti dell\u2019edizione di settembre 2012 sono, come gi\u00e0 per le precedenti edizioni, di alto profilo e la partecipazione ai seminari \u00e8 completamente \u00e8 gratuita.<\/p>\n<p>&nbsp;<\/p>\n<p>Il Direttore<\/p>\n<p>Dott. Sergio Monforte<\/p>\n","protected":false},"excerpt":{"rendered":"<p>La scuola estiva di Ventotene, \u201cStefano Buffardi\u201d, scuola dedicata all\u2019Etica della Scienza e organizzata, in collaborazione con il comune di Ventotene, dall\u2019Istituto Italiano per gli Studi Filosofici (IISF) e dall\u2019Istituto di scienze Umane ed Esistenziali (ISUE), giunge alla sua terza edizione proponendo un tema di grandissima attualit\u00e0: Etica e Scienze Economiche.Inflatable Bouncer L\u2019appuntamento ventotenese, caratterizzato<\/p>\n","protected":false},"author":1,"featured_media":0,"comment_status":"open","ping_status":"open","sticky":false,"template":"","format":"standard","meta":{"footnotes":""},"categories":[38,12,11],"tags":[],"class_list":["post-4788","post","type-post","status-publish","format-standard","hentry","category-comune-di-ventotene","category-cultura","category-enti"],"_links":{"self":[{"href":"https:\/\/www.ulisseland.com\/journal\/wp-json\/wp\/v2\/posts\/4788","targetHints":{"allow":["GET"]}}],"collection":[{"href":"https:\/\/www.ulisseland.com\/journal\/wp-json\/wp\/v2\/posts"}],"about":[{"href":"https:\/\/www.ulisseland.com\/journal\/wp-json\/wp\/v2\/types\/post"}],"author":[{"embeddable":true,"href":"https:\/\/www.ulisseland.com\/journal\/wp-json\/wp\/v2\/users\/1"}],"replies":[{"embeddable":true,"href":"https:\/\/www.ulisseland.com\/journal\/wp-json\/wp\/v2\/comments?post=4788"}],"version-history":[{"count":3,"href":"https:\/\/www.ulisseland.com\/journal\/wp-json\/wp\/v2\/posts\/4788\/revisions"}],"predecessor-version":[{"id":9182,"href":"https:\/\/www.ulisseland.com\/journal\/wp-json\/wp\/v2\/posts\/4788\/revisions\/9182"}],"wp:attachment":[{"href":"https:\/\/www.ulisseland.com\/journal\/wp-json\/wp\/v2\/media?parent=4788"}],"wp:term":[{"taxonomy":"category","embeddable":true,"href":"https:\/\/www.ulisseland.com\/journal\/wp-json\/wp\/v2\/categories?post=4788"},{"taxonomy":"post_tag","embeddable":true,"href":"https:\/\/www.ulisseland.com\/journal\/wp-json\/wp\/v2\/tags?post=4788"}],"curies":[{"name":"wp","href":"https:\/\/api.w.org\/{rel}","templated":true}]}}