{"id":4777,"date":"2012-09-13T13:49:47","date_gmt":"2012-09-13T11:49:47","guid":{"rendered":"http:\/\/www.ulisseland.com\/journal\/?p=4777&#038;lang=it"},"modified":"2012-09-13T13:49:47","modified_gmt":"2012-09-13T11:49:47","slug":"gaeta-mario-liberace-alla-open-gallery-2012","status":"publish","type":"post","link":"https:\/\/www.ulisseland.com\/journal\/gaeta-mario-liberace-alla-open-gallery-2012\/","title":{"rendered":"GAETA: MARIO LIBERACE ALLA OPEN GALLERY 2012"},"content":{"rendered":"<p><a href=\"https:\/\/www.ulisseland.com\/journal\/wp-content\/uploads\/2012\/09\/Gaeta-Open-Gallery-in-via-Indipendenza.jpg\"><img loading=\"lazy\" decoding=\"async\" class=\"alignleft size-full wp-image-4778\" title=\"Gaeta Open Gallery in via Indipendenza\" src=\"https:\/\/www.ulisseland.com\/journal\/wp-content\/uploads\/2012\/09\/Gaeta-Open-Gallery-in-via-Indipendenza.jpg\" alt=\"\" width=\"200\" height=\"300\" \/><\/a>Si \u00e8 chiusa anche quest\u2019annola OpenGallerydi via Indipendenza a Gaeta caratterizzata da\u00a0 una\u00a0 sinestetica rappresentazione di forme diverse di linguaggio artistico:dalla pittura alla fotografia,dalla scultura al teatro,alla poesia alla musica. Il grande impegno dell\u2019Associazione de\u00a0 \u201cI Graffialisti\u201d, organizzatori dell\u2019evento e degli stessi artisti, \u00e8 stato premiato dalla riuscita complessiva della manifestazione divenuta un momento importante della vita culturale del Golfo\u00a0 proponendo l\u2019arte\u00a0 al godimento\u00a0 di un pubblico pi\u00f9 vasto in tutte\u00a0 le sue\u00a0 forme espressive \u201cen plein air\u201d\u00a0 .<\/p>\n<p><a href=\"https:\/\/www.ulisseland.com\/journal\/wp-content\/uploads\/2012\/09\/Quadro-Liberace1.jpg\"><img loading=\"lazy\" decoding=\"async\" class=\"alignright size-medium wp-image-4779\" title=\"Quadro Liberace1\" src=\"https:\/\/www.ulisseland.com\/journal\/wp-content\/uploads\/2012\/09\/Quadro-Liberace1-300x149.jpg\" alt=\"\" width=\"300\" height=\"149\" srcset=\"https:\/\/www.ulisseland.com\/journal\/wp-content\/uploads\/2012\/09\/Quadro-Liberace1-300x149.jpg 300w, https:\/\/www.ulisseland.com\/journal\/wp-content\/uploads\/2012\/09\/Quadro-Liberace1-1024x509.jpg 1024w, https:\/\/www.ulisseland.com\/journal\/wp-content\/uploads\/2012\/09\/Quadro-Liberace1-600x298.jpg 600w\" sizes=\"auto, (max-width: 300px) 100vw, 300px\" \/><\/a>E\u2019\u00a0 in questo contesto che ancora una volta, l\u2019artista Mario\u00a0 Liberace ha esposto le sue tele\u00a0 i cui titoli sono significativamente caratterizzanti le\u00a0 novit\u00e0 della sua ricerca artistica: Luci riflesse sulla cattedrale, Luci riflesse sul campanile, Riflessi sulla citt\u00e0, Facciata riflessa,in tutto quattro quadri della sua pi\u00f9 recente produzione.<\/p>\n<p>Ad osservarli si percepisce un \u201ceffetto di allontanamento\u201d prodotto da un gioco di luci ed ombre che definiscono lo spazio che per\u00f2 resta indeterminato. Le forme si sfumano, si diradano,si dissolvono in colori tenui <em>\u00a0<\/em>quasi diluiti in una sottile foschia brumosa marcando il progressivo superamento dell\u2019esperienza\u00a0 figurativa del pittore. Ne emerge un sentimento liberatorio dell\u2019artista correlato alla sua soggettivit\u00e0.<\/p>\n<p>Egli\u00a0 guarda la realt\u00e0 riflessa nella sua\u00a0 anima\u00a0 come in\u00a0 un processo di estraneazione. Il canone classico della perfezione estetica,consistente nell\u2019imitazione della realt\u00e0,della natura, \u00e8 sovvertito. Quei campanili sono solo le punte acute di aspirazioni infrante e le facciate appena abbozzate, barriere inconsce non del tutto rimosse?.Ogni osservatore pu\u00f2 integrarne o modificarne la lettura partendo dall\u2019impatto emotivo che le opere producono.<\/p>\n<p><a href=\"https:\/\/www.ulisseland.com\/journal\/wp-content\/uploads\/2012\/09\/Quadro-Liberace2.jpg\"><img loading=\"lazy\" decoding=\"async\" class=\"alignright size-medium wp-image-4780\" title=\"Quadro Liberace2\" src=\"https:\/\/www.ulisseland.com\/journal\/wp-content\/uploads\/2012\/09\/Quadro-Liberace2-300x166.jpg\" alt=\"\" width=\"300\" height=\"166\" srcset=\"https:\/\/www.ulisseland.com\/journal\/wp-content\/uploads\/2012\/09\/Quadro-Liberace2-300x166.jpg 300w, https:\/\/www.ulisseland.com\/journal\/wp-content\/uploads\/2012\/09\/Quadro-Liberace2-1024x567.jpg 1024w, https:\/\/www.ulisseland.com\/journal\/wp-content\/uploads\/2012\/09\/Quadro-Liberace2-600x332.jpg 600w\" sizes=\"auto, (max-width: 300px) 100vw, 300px\" \/><\/a> Cos\u00ec la realt\u00e0 viene frantumata in una visione che rimanda all\u2019ispirazione dell\u2019artista,alla sua libert\u00e0 creativa: l\u2019impossibile realt\u00e0\u00a0 prende corpo dalla sua mano\u00a0 in immagini\u00a0 di pura invenzione che hanno la capacit\u00e0 di proiettarci nei nostri rimpianti,nella\u00a0 nostre\u00a0 nostalgie o verso le nostre illusioni.<\/p>\n<p>Nelle tele\u00a0 di Liberace, le immagini, le scelte cromatiche restano i\u00a0 codici linguistici con i quali esprime il suo io che\u00a0 soffre o gioisce ma sempre con delicatezza,sfumandosi nelle nuances pi\u00f9 recondite del suo animo.<\/p>\n<p>H.Jonas, in un suo saggio \u201cHomo pictor\u2026\u201d affermava che,l\u2019esistenza di immagini che differenzia l\u2019uomo dal mondo animale,\u00e8 una \u201cprova sufficiente della sua\u00a0 libert\u00e0\u201d.<\/p>\n<p>&nbsp;<\/p>\n<p>Il Direttore<\/p>\n<p>Dott. Sergio Monforte<\/p>\n","protected":false},"excerpt":{"rendered":"<p>Si \u00e8 chiusa anche quest\u2019annola OpenGallerydi via Indipendenza a Gaeta caratterizzata da\u00a0 una\u00a0 sinestetica rappresentazione di forme diverse di linguaggio artistico:dalla pittura alla fotografia,dalla scultura al teatro,alla poesia alla musica. Il grande impegno dell\u2019Associazione de\u00a0 \u201cI Graffialisti\u201d, organizzatori dell\u2019evento e degli stessi artisti, \u00e8 stato premiato dalla riuscita complessiva della manifestazione divenuta un momento importante<\/p>\n","protected":false},"author":1,"featured_media":0,"comment_status":"open","ping_status":"open","sticky":false,"template":"","format":"standard","meta":{"footnotes":""},"categories":[32,20,12,11,35],"tags":[],"class_list":["post-4777","post","type-post","status-publish","format-standard","hentry","category-autori","category-comune-di-gaeta","category-cultura","category-enti","category-musei"],"_links":{"self":[{"href":"https:\/\/www.ulisseland.com\/journal\/wp-json\/wp\/v2\/posts\/4777","targetHints":{"allow":["GET"]}}],"collection":[{"href":"https:\/\/www.ulisseland.com\/journal\/wp-json\/wp\/v2\/posts"}],"about":[{"href":"https:\/\/www.ulisseland.com\/journal\/wp-json\/wp\/v2\/types\/post"}],"author":[{"embeddable":true,"href":"https:\/\/www.ulisseland.com\/journal\/wp-json\/wp\/v2\/users\/1"}],"replies":[{"embeddable":true,"href":"https:\/\/www.ulisseland.com\/journal\/wp-json\/wp\/v2\/comments?post=4777"}],"version-history":[{"count":1,"href":"https:\/\/www.ulisseland.com\/journal\/wp-json\/wp\/v2\/posts\/4777\/revisions"}],"predecessor-version":[{"id":4781,"href":"https:\/\/www.ulisseland.com\/journal\/wp-json\/wp\/v2\/posts\/4777\/revisions\/4781"}],"wp:attachment":[{"href":"https:\/\/www.ulisseland.com\/journal\/wp-json\/wp\/v2\/media?parent=4777"}],"wp:term":[{"taxonomy":"category","embeddable":true,"href":"https:\/\/www.ulisseland.com\/journal\/wp-json\/wp\/v2\/categories?post=4777"},{"taxonomy":"post_tag","embeddable":true,"href":"https:\/\/www.ulisseland.com\/journal\/wp-json\/wp\/v2\/tags?post=4777"}],"curies":[{"name":"wp","href":"https:\/\/api.w.org\/{rel}","templated":true}]}}