{"id":4771,"date":"2012-09-11T09:45:58","date_gmt":"2012-09-11T07:45:58","guid":{"rendered":"http:\/\/www.ulisseland.com\/journal\/?p=4771&#038;lang=it"},"modified":"2012-09-11T09:45:58","modified_gmt":"2012-09-11T07:45:58","slug":"minturno-il-presidente-della-provincia-armando-cusani-inaugura-il-nuovo-liceo-scientifico-leon-battista-alberti","status":"publish","type":"post","link":"https:\/\/www.ulisseland.com\/journal\/minturno-il-presidente-della-provincia-armando-cusani-inaugura-il-nuovo-liceo-scientifico-leon-battista-alberti\/","title":{"rendered":"MINTURNO: Il Presidente della Provincia, Armando Cusani, inaugura il nuovo Liceo Scientifico \u201cLeon Battista Alberti\u201d"},"content":{"rendered":"<figure id=\"attachment_4772\" aria-describedby=\"caption-attachment-4772\" style=\"width: 300px\" class=\"wp-caption alignleft\"><a href=\"https:\/\/www.ulisseland.com\/journal\/wp-content\/uploads\/2012\/09\/Liceo-Scientifico-L.B.-Alberti-di-Minturno.jpg\"><img loading=\"lazy\" decoding=\"async\" class=\"size-medium wp-image-4772\" title=\"Liceo Scientifico L.B. Alberti di Minturno\" src=\"https:\/\/www.ulisseland.com\/journal\/wp-content\/uploads\/2012\/09\/Liceo-Scientifico-L.B.-Alberti-di-Minturno-300x123.jpg\" alt=\"\" width=\"300\" height=\"123\" srcset=\"https:\/\/www.ulisseland.com\/journal\/wp-content\/uploads\/2012\/09\/Liceo-Scientifico-L.B.-Alberti-di-Minturno-300x123.jpg 300w, https:\/\/www.ulisseland.com\/journal\/wp-content\/uploads\/2012\/09\/Liceo-Scientifico-L.B.-Alberti-di-Minturno.jpg 485w\" sizes=\"auto, (max-width: 300px) 100vw, 300px\" \/><\/a><figcaption id=\"caption-attachment-4772\" class=\"wp-caption-text\">Liceo Scientifico L.B. Alberti di Minturno<\/figcaption><\/figure>\n<p>Mercoled\u00ec 12 settembre, alle ore 10:30, il Presidente della Provincia di Latina, Armando Cusani, inaugurer\u00e0, con una breve cerimonia, il nuovo Liceo Scientifico \u201cLeon Battista Alberti\u201d di Minturno.<\/p>\n<p>Il progetto di ampliamento della sede del Liceo scientifico \u201cAlberti\u201d, nasce dall\u2019esigenza di reperire spazi da destinare al numero crescente della popolazione scolastica e dalla necessit\u00e0 di ripristinare le superfici che inizialmente erano destinate a servizi e laboratori.<\/p>\n<p>Si \u00e8 trattato di opera prevalentemente strutturale, che ha previsto la riqualificazione dal punto di vista energetico dei nuovi involucri.<\/p>\n<p>L\u2019istituto, situato a Marina di Minturno e pi\u00f9 precisamente, in via S. Reparata, che collegala S.S. Appiacon la fascia costiera, \u00e8 parte integrante di un pi\u00f9 ampio ambito territoriale, tra Simonelli e la frazione di Scauri ed ospita alunni di tutto il sud pontino e del basso Lazio.<\/p>\n<p>L\u2019istituto, infatti, \u00e8\u00a0 ben collegato anche rispetto alla S.S. Appia, alla vicina stazione Ferroviaria e alla Superstrada che collega il litorale allo svincolo perla Cassino- Formia.<\/p>\n<figure id=\"attachment_4773\" aria-describedby=\"caption-attachment-4773\" style=\"width: 300px\" class=\"wp-caption alignright\"><a href=\"https:\/\/www.ulisseland.com\/journal\/wp-content\/uploads\/2012\/09\/Armando-Cusani.jpg\"><img loading=\"lazy\" decoding=\"async\" class=\"size-medium wp-image-4773\" title=\"Armando Cusani\" src=\"https:\/\/www.ulisseland.com\/journal\/wp-content\/uploads\/2012\/09\/Armando-Cusani-300x198.jpg\" alt=\"\" width=\"300\" height=\"198\" srcset=\"https:\/\/www.ulisseland.com\/journal\/wp-content\/uploads\/2012\/09\/Armando-Cusani-300x198.jpg 300w, https:\/\/www.ulisseland.com\/journal\/wp-content\/uploads\/2012\/09\/Armando-Cusani-1024x679.jpg 1024w, https:\/\/www.ulisseland.com\/journal\/wp-content\/uploads\/2012\/09\/Armando-Cusani-600x397.jpg 600w\" sizes=\"auto, (max-width: 300px) 100vw, 300px\" \/><\/a><figcaption id=\"caption-attachment-4773\" class=\"wp-caption-text\">Armando Cusani<\/figcaption><\/figure>\n<p>Posizione che ne determina la fattibilit\u00e0 come polo da destinarsi anche a convegni e varie tipologie di manifestazioni, avendone tutti i requisiti.<\/p>\n<p>Nel rispetto della normativa sulle barriere architettoniche, il nuovo Liceo Scientifico assolve a tale richiesta normativa, perch\u00e9\u00a0 dotato di rampa di accesso per diversamente abili, ascensore, wc. con le caratteristiche per tali disabilit\u00e0.<\/p>\n<p>I principali lavori realizzati, nel rispetto dell\u2019ingombro planimetrico e volumetrico dell\u2019edificio esistente sono stati: demolizione delle scale antincendio esistenti, opere in cemento armato per la realizzazione dei due corpi di avanzamento, impianti elettrico, termico, filodiffusione, nuovi infissi. scale antincendio in precedenza rimosse.<\/p>\n<p>Al termine dei lavori sono state inoltre impiantate specie arboree a quelle gi\u00e0 esistenti.<\/p>\n<p>\u201c<em>Prosegue senza conoscere sosta alcuna<\/em> \u2013 afferma il presidente Armando Cusani \u2013 <em>la realizzazione del nostro programma di mandato per la ristrutturazione, messa a norma e realizzazione di nuovi istituti scolastici.<\/em><\/p>\n<p><em>Per la scuola in questi anni abbiamo dimostrato sempre un\u2019enorme attenzione, che intendiamo mantenere e se possibile accrescere, anche in un momento di crisi e ristrettezze economiche. <\/em><\/p>\n<p><em>Com\u2019\u00e8 noto la legge 23\/96 \u201cNorme per l\u2019edilizia scolastica\u201d ha esteso le competenze e le responsabilit\u00e0 della provincia a tutti gli edifici scolastici che ospitano istituti superiori; questo ha significato quasi un raddoppio di responsabilit\u00e0 e oneri a cui la provincia si \u00e8 dedicata con il massimo dell\u2019impegno politico ed economico, in quanto, come spesso succede, al trasferimento di deleghe non ha corrisposto un adeguato trasferimento delle risorse finanziarie.<\/em><\/p>\n<p><em>Tuttavia possiamo ritenerci soddisfatti del lavoro sin qui svolto, con l\u2019ulteriore impegno di realizzare quanto programmato, possibilmente anticipando gli interventi che per l\u2019urgenza che li caratterizza devono costituire una priorit\u00e0.<\/em><\/p>\n<p><em>In tale ampio contesto strategico si inseriscono i significativi investimenti profusi per migliorare, modernizzare e mettere in sicurezza tutte le nostre scuole. L\u2019elenco sarebbe lungo, <\/em>&#8211; termina il presidente Cusani &#8211;<em> basta ricordare per\u00f2 che non c\u2019\u00e8 istituto che non abbia beneficiato di importanti interventi, oltre ai nuovi gi\u00e0 realizzati e quelli pronti per esserlo\u201d.<\/em><\/p>\n<p>&nbsp;<\/p>\n<p>Il Direttore<\/p>\n<p>Dott. Sergio Monforte<\/p>\n","protected":false},"excerpt":{"rendered":"<p>Mercoled\u00ec 12 settembre, alle ore 10:30, il Presidente della Provincia di Latina, Armando Cusani, inaugurer\u00e0, con una breve cerimonia, il nuovo Liceo Scientifico \u201cLeon Battista Alberti\u201d di Minturno. Il progetto di ampliamento della sede del Liceo scientifico \u201cAlberti\u201d, nasce dall\u2019esigenza di reperire spazi da destinare al numero crescente della popolazione scolastica e dalla necessit\u00e0 di<\/p>\n","protected":false},"author":1,"featured_media":0,"comment_status":"open","ping_status":"open","sticky":false,"template":"","format":"standard","meta":{"footnotes":""},"categories":[27,11],"tags":[],"class_list":["post-4771","post","type-post","status-publish","format-standard","hentry","category-comune-di-minturno","category-enti"],"_links":{"self":[{"href":"https:\/\/www.ulisseland.com\/journal\/wp-json\/wp\/v2\/posts\/4771","targetHints":{"allow":["GET"]}}],"collection":[{"href":"https:\/\/www.ulisseland.com\/journal\/wp-json\/wp\/v2\/posts"}],"about":[{"href":"https:\/\/www.ulisseland.com\/journal\/wp-json\/wp\/v2\/types\/post"}],"author":[{"embeddable":true,"href":"https:\/\/www.ulisseland.com\/journal\/wp-json\/wp\/v2\/users\/1"}],"replies":[{"embeddable":true,"href":"https:\/\/www.ulisseland.com\/journal\/wp-json\/wp\/v2\/comments?post=4771"}],"version-history":[{"count":2,"href":"https:\/\/www.ulisseland.com\/journal\/wp-json\/wp\/v2\/posts\/4771\/revisions"}],"predecessor-version":[{"id":4775,"href":"https:\/\/www.ulisseland.com\/journal\/wp-json\/wp\/v2\/posts\/4771\/revisions\/4775"}],"wp:attachment":[{"href":"https:\/\/www.ulisseland.com\/journal\/wp-json\/wp\/v2\/media?parent=4771"}],"wp:term":[{"taxonomy":"category","embeddable":true,"href":"https:\/\/www.ulisseland.com\/journal\/wp-json\/wp\/v2\/categories?post=4771"},{"taxonomy":"post_tag","embeddable":true,"href":"https:\/\/www.ulisseland.com\/journal\/wp-json\/wp\/v2\/tags?post=4771"}],"curies":[{"name":"wp","href":"https:\/\/api.w.org\/{rel}","templated":true}]}}