{"id":4748,"date":"2012-09-11T09:32:28","date_gmt":"2012-09-11T07:32:28","guid":{"rendered":"http:\/\/www.ulisseland.com\/journal\/?p=4748&#038;lang=it"},"modified":"2012-09-11T09:32:56","modified_gmt":"2012-09-11T07:32:56","slug":"ventotene-lappello-per-un-governo-europeo-sovranazionale-ed-unitario-conclude-il-xxxi-seminario-federalista","status":"publish","type":"post","link":"https:\/\/www.ulisseland.com\/journal\/ventotene-lappello-per-un-governo-europeo-sovranazionale-ed-unitario-conclude-il-xxxi-seminario-federalista\/","title":{"rendered":"VENTOTENE: L\u2019APPELLO PER UN GOVERNO EUROPEO, SOVRANAZIONALE ED UNITARIO, CONCLUDE IL XXXI\u00b0 SEMINARIO FEDERALISTA"},"content":{"rendered":"<figure id=\"attachment_4752\" aria-describedby=\"caption-attachment-4752\" style=\"width: 300px\" class=\"wp-caption alignleft\"><a href=\"https:\/\/www.ulisseland.com\/journal\/wp-content\/uploads\/2012\/09\/Seminario-Federalista.jpg\"><img loading=\"lazy\" decoding=\"async\" class=\"size-medium wp-image-4752\" title=\"Seminario Federalista\" src=\"https:\/\/www.ulisseland.com\/journal\/wp-content\/uploads\/2012\/09\/Seminario-Federalista-300x234.jpg\" alt=\"\" width=\"300\" height=\"234\" srcset=\"https:\/\/www.ulisseland.com\/journal\/wp-content\/uploads\/2012\/09\/Seminario-Federalista-300x234.jpg 300w, https:\/\/www.ulisseland.com\/journal\/wp-content\/uploads\/2012\/09\/Seminario-Federalista-600x469.jpg 600w, https:\/\/www.ulisseland.com\/journal\/wp-content\/uploads\/2012\/09\/Seminario-Federalista.jpg 800w\" sizes=\"auto, (max-width: 300px) 100vw, 300px\" \/><\/a><figcaption id=\"caption-attachment-4752\" class=\"wp-caption-text\">Seminario Federalista<\/figcaption><\/figure>\n<p>VENTOTENE &#8211; Una urgente rivisitazione delle strategie economiche mondiali e la necessit\u00e0 di un\u2019Europa politicamente pi\u00f9 forte ed unita, in senso federale, sono stati i concetti essenziali attorno ai quali si \u00e8 sviluppato il XXXI\u00b0 Seminario Federalista Europeo, appena conclusosi nella rituale sede dell\u2019isola di Ventotene, da dove, nel lontano 1941, Altiero Spinelli, Ernesto Rossi ed Eugenio Colorni, l\u00ec confinati, lanciarono il \u201cManifesto per un\u2019Europa libera ed unita\u201d.<\/p>\n<figure id=\"attachment_4753\" aria-describedby=\"caption-attachment-4753\" style=\"width: 300px\" class=\"wp-caption alignright\"><a href=\"https:\/\/www.ulisseland.com\/journal\/wp-content\/uploads\/2012\/09\/Seminario-Federalista3.jpg\"><img loading=\"lazy\" decoding=\"async\" class=\"size-medium wp-image-4753 \" title=\"Seminario Federalista3\" src=\"https:\/\/www.ulisseland.com\/journal\/wp-content\/uploads\/2012\/09\/Seminario-Federalista3-300x225.jpg\" alt=\"\" width=\"300\" height=\"225\" srcset=\"https:\/\/www.ulisseland.com\/journal\/wp-content\/uploads\/2012\/09\/Seminario-Federalista3-300x225.jpg 300w, https:\/\/www.ulisseland.com\/journal\/wp-content\/uploads\/2012\/09\/Seminario-Federalista3-600x450.jpg 600w, https:\/\/www.ulisseland.com\/journal\/wp-content\/uploads\/2012\/09\/Seminario-Federalista3.jpg 960w\" sizes=\"auto, (max-width: 300px) 100vw, 300px\" \/><\/a><figcaption id=\"caption-attachment-4753\" class=\"wp-caption-text\">Seminario Federalista<\/figcaption><\/figure>\n<p>\u201cCi troviamo di fronte e siamo costretti ad operare in un mondo nuovo, ha esordito nel suo intervento, l\u2019economista Alfonso Iozzo, componente il Comitato Centrale del Movimento Federalista Europeo. \u201cNegli ultimi vent\u2019anni, si \u00e8 registrato un cambiamento radicale dell\u2019economia, dovuto essenzialmente alla fine del monopolio delle risorse, da parte dei Paesi industrializzati. In tutto il mondo e soprattutto nel settore asiatico, diversi Stati hanno fatto passi da gigante nello sviluppo industriale e nel rafforzamento economico, per cui, per vincere la sfida della globalizzazione e della concorrenza internazionale, oggi pi\u00f9 che mai, l\u2019Europa deve lanciare un rinnovato \u201cnew deal\u201d e lo deve fare non nell\u2019egoismo dei singoli Stati, ma in maniera univoca ed unitaria\u201d.<\/p>\n<p>Anche per superare l\u2019attuale crisi finanziaria, serve dunque un piano europeo per lo sviluppo sostenibile, \u201cpoich\u00e9 tutti i tentativi per affrontare la crisi, con gli strumenti e le istituzioni normali, sono falliti, ha aggiunto Franco Spoltore, Segretario Generale del Movimento Federalista Europeo.<\/p>\n<figure id=\"attachment_4751\" aria-describedby=\"caption-attachment-4751\" style=\"width: 180px\" class=\"wp-caption alignleft\"><a href=\"https:\/\/www.ulisseland.com\/journal\/wp-content\/uploads\/2012\/09\/Giuseppe-Assenso-Sindaco-di-Ventotene.jpg\"><img loading=\"lazy\" decoding=\"async\" class=\" wp-image-4751 \" title=\"Giuseppe Assenso Sindaco di Ventotene\" src=\"https:\/\/www.ulisseland.com\/journal\/wp-content\/uploads\/2012\/09\/Giuseppe-Assenso-Sindaco-di-Ventotene-225x300.jpg\" alt=\"\" width=\"180\" height=\"240\" srcset=\"https:\/\/www.ulisseland.com\/journal\/wp-content\/uploads\/2012\/09\/Giuseppe-Assenso-Sindaco-di-Ventotene-225x300.jpg 225w, https:\/\/www.ulisseland.com\/journal\/wp-content\/uploads\/2012\/09\/Giuseppe-Assenso-Sindaco-di-Ventotene-768x1024.jpg 768w, https:\/\/www.ulisseland.com\/journal\/wp-content\/uploads\/2012\/09\/Giuseppe-Assenso-Sindaco-di-Ventotene-600x800.jpg 600w\" sizes=\"auto, (max-width: 180px) 100vw, 180px\" \/><\/a><figcaption id=\"caption-attachment-4751\" class=\"wp-caption-text\">Giuseppe Assenso Sindaco di Ventotene<\/figcaption><\/figure>\n<p>Senza un grande progetto europeo, per far ripartire su scala continentale lo sviluppo e la crescita, i sacrifici, a livello nazionale, necessari per far fronte alla crisi del debito, non riusciranno a riguadagnare la fiducia dei mercati e del resto del mondo\u201d. N\u00e9 \u00e8 possibile, ha proseguito Spoltore, \u201ccontinuare ad eludere il nodo della legittimit\u00e0 democratica e perpetuare una situazione in cui alcuni governi e parlamenti nazionali sono chiamati a decidere per gli altri Paesi e questi, una volta sottoscritte le decisioni, le rimettono in discussione, privandole di qualsiasi credibilit\u00e0, tempestivit\u00e0 ed efficacia\u201d.<\/p>\n<figure id=\"attachment_4754\" aria-describedby=\"caption-attachment-4754\" style=\"width: 180px\" class=\"wp-caption alignright\"><a href=\"https:\/\/www.ulisseland.com\/journal\/wp-content\/uploads\/2012\/09\/Silvio-DArco-assessore-provinciale.jpg\"><img loading=\"lazy\" decoding=\"async\" class=\" wp-image-4754 \" title=\"Silvio D'Arco assessore provinciale\" src=\"https:\/\/www.ulisseland.com\/journal\/wp-content\/uploads\/2012\/09\/Silvio-DArco-assessore-provinciale-225x300.jpg\" alt=\"\" width=\"180\" height=\"240\" srcset=\"https:\/\/www.ulisseland.com\/journal\/wp-content\/uploads\/2012\/09\/Silvio-DArco-assessore-provinciale-225x300.jpg 225w, https:\/\/www.ulisseland.com\/journal\/wp-content\/uploads\/2012\/09\/Silvio-DArco-assessore-provinciale-768x1024.jpg 768w, https:\/\/www.ulisseland.com\/journal\/wp-content\/uploads\/2012\/09\/Silvio-DArco-assessore-provinciale-600x800.jpg 600w\" sizes=\"auto, (max-width: 180px) 100vw, 180px\" \/><\/a><figcaption id=\"caption-attachment-4754\" class=\"wp-caption-text\">Silvio D&#39;Arco Assessore Provinciale<\/figcaption><\/figure>\n<p>L\u2019eccezionale gravit\u00e0 del momento storico che viviamo, con il futuro della stessa Europa in bilico, non lascia tempo, n\u00e9 alibi, ha sottolineato Gabriele Panizzi, vicepresidente dell\u2019Istituto \u201cA. Spinelli\u201d: occorre agire subito, prima che sia troppo tardi e la politica, a tutti i livelli, deve trovare gli strumenti adeguati per farlo.<\/p>\n<p>Quasi in un rinnovato \u201cManifesto di Ventotene\u201d, i Federalisti europei si rivolgono, pertanto, agli uomini ed alle donne delle istituzioni nazionali ed europee, dei partiti, dei movimenti politici e della societ\u00e0 civile, affinch\u00e8 si impegnino immediatamente, \u201ca sostegno di reali trasferimenti di potere, dal livello nazionale, a quello europeo, nei campi della fiscalit\u00e0, del bilancio, della politica economica e della politica estera e della sicurezza, secondo quanto gi\u00e0 previsto negli attuali Trattati\u201d.<\/p>\n<p>Occorre, in definitiva, dare all\u2019Europa un governo democraticamente legittimato e presentare un progetto di Costituzione federale, da discutere in un\u2019apposita Convenzione, in vista delle prossime elezioni europee.<\/p>\n<p>Per questo, agli inizi di ottobre, il Movimento Federalista ha organizzato una \u201csettimana di mobilitazione\u201d in diverse citt\u00e0 d\u2019Europa, in attesa della riunione del Consiglio europeo, previsto per il 17 e 18 ottobre.<\/p>\n<figure id=\"attachment_4750\" aria-describedby=\"caption-attachment-4750\" style=\"width: 180px\" class=\"wp-caption alignleft\"><a href=\"https:\/\/www.ulisseland.com\/journal\/wp-content\/uploads\/2012\/09\/Cinzia-Felci-direttore-Dipartimento-economico-Regione-Lazio.jpg\"><img loading=\"lazy\" decoding=\"async\" class=\" wp-image-4750\" title=\"Cinzia Felci direttore Dipartimento economico Regione Lazio\" src=\"https:\/\/www.ulisseland.com\/journal\/wp-content\/uploads\/2012\/09\/Cinzia-Felci-direttore-Dipartimento-economico-Regione-Lazio-225x300.jpg\" alt=\"\" width=\"180\" height=\"240\" srcset=\"https:\/\/www.ulisseland.com\/journal\/wp-content\/uploads\/2012\/09\/Cinzia-Felci-direttore-Dipartimento-economico-Regione-Lazio-225x300.jpg 225w, https:\/\/www.ulisseland.com\/journal\/wp-content\/uploads\/2012\/09\/Cinzia-Felci-direttore-Dipartimento-economico-Regione-Lazio-768x1024.jpg 768w, https:\/\/www.ulisseland.com\/journal\/wp-content\/uploads\/2012\/09\/Cinzia-Felci-direttore-Dipartimento-economico-Regione-Lazio-600x800.jpg 600w\" sizes=\"auto, (max-width: 180px) 100vw, 180px\" \/><\/a><figcaption id=\"caption-attachment-4750\" class=\"wp-caption-text\">Cinzia Felci direttore Dipartimento economico Regione Lazio<\/figcaption><\/figure>\n<p>La dottoressa Cinzia Felci, direttore del Dipartimento economico della Regione Lazio, nel portare il saluto della Presidente Polverini e nel rinnovare l\u2019impegno della Regione, a favore del Seminario Federalista di Ventotene, ha altres\u00ec proposto di aprire la settimana di studi ventotenesi ai giovani amministratori d\u2019Europa, \u201cin modo da sviluppare davvero il concetto di federalismo politico ed amministrativo\u201d.<\/p>\n<figure id=\"attachment_4749\" aria-describedby=\"caption-attachment-4749\" style=\"width: 180px\" class=\"wp-caption alignright\"><img loading=\"lazy\" decoding=\"async\" class=\" wp-image-4749 \" title=\"Alfonso Iozzo\" src=\"https:\/\/www.ulisseland.com\/journal\/wp-content\/uploads\/2012\/09\/Alfonso-Iozzo-225x300.jpg\" alt=\"\" width=\"180\" height=\"240\" srcset=\"https:\/\/www.ulisseland.com\/journal\/wp-content\/uploads\/2012\/09\/Alfonso-Iozzo-225x300.jpg 225w, https:\/\/www.ulisseland.com\/journal\/wp-content\/uploads\/2012\/09\/Alfonso-Iozzo-768x1024.jpg 768w, https:\/\/www.ulisseland.com\/journal\/wp-content\/uploads\/2012\/09\/Alfonso-Iozzo-600x800.jpg 600w\" sizes=\"auto, (max-width: 180px) 100vw, 180px\" \/><figcaption id=\"caption-attachment-4749\" class=\"wp-caption-text\">Alfonso Iozzo<\/figcaption><\/figure>\n<p>Ma per far questo, ha giustamente sottolineato il Sindaco dell\u2019isola, dott. Giuseppe Assenso, occorre un diverso e maggiore contributo delle istituzioni e degli Enti locali, ormai ridottosi enormemente, rispetto al passato. Anche perch\u00e9, ha concluso Assenso, rivolto ai presenti, \u201cil Manifesto di Ventotene deve essere la bandiera che tutti assieme dobbiamo sventolare e trasmettere non solo ai vostri coetanei, ma alle nuove generazioni, per costruire davvero un\u2019Europa libera ed unita\u201d.<\/p>\n<p>Non a caso, tra gli oltre seimila giovani, provenienti da ogni parte d\u2019Italia, da diversi Paesi europei ed anche da altri continenti, che, nel corso di questi trentuno anni, sono confluiti a Ventotene, per una scuola di formazione che non ha pari nella cultura politica italiana, almeno una trentina sono divenuti parlamentari europei e tanti altri sono stati eletti al Parlamento dei rispettivi Stati.<\/p>\n<p>Il saluto del Presidente della Provincia di Latina, Armando Cusani, \u00e8 stato portato dall\u2019assessore provinciale Silvio D\u2019Arco, il quale ha sottolineato come \u201cla crisi di oggi \u00e8, assieme, un pericolo, ma anche un\u2019opportunit\u00e0. Bisogna avere il coraggio di intraprendere la strada della sostenibilit\u00e0 ambientale, della qualit\u00e0 sociale, della tutela dei diritti e di un nuovo modo di produrre e consumare. E tutto ci\u00f2, pu\u00f2 essere assicurato solo da un ruolo pi\u00f9 incisivo dell\u2019intervento pubblico, tanto a livello nazionale, quanto in una pi\u00f9 ampia visione europea, da parte di un governo federale, legittimato dalla volont\u00e0 popolare ed interprete efficace di una effettiva politica unitaria\u201d.<\/p>\n<p>Da sottolineare, infine, che tra i tanti giovani partecipanti, provenienti da tutta Europa, quest\u2019anno, per la prima volta, era presente a Ventotene un rappresentante della Federazione Russa: Boris Portyankin, di Mosca, presidente dell\u2019Agenzia per il recupero dell\u2019energia.<\/p>\n<p>&nbsp;<\/p>\n<p>Il Direttore<\/p>\n<p>Dott. Sergio Monforte<\/p>\n","protected":false},"excerpt":{"rendered":"<p>VENTOTENE &#8211; Una urgente rivisitazione delle strategie economiche mondiali e la necessit\u00e0 di un\u2019Europa politicamente pi\u00f9 forte ed unita, in senso federale, sono stati i concetti essenziali attorno ai quali si \u00e8 sviluppato il XXXI\u00b0 Seminario Federalista Europeo, appena conclusosi nella rituale sede dell\u2019isola di Ventotene, da dove, nel lontano 1941, Altiero Spinelli, Ernesto Rossi<\/p>\n","protected":false},"author":1,"featured_media":0,"comment_status":"open","ping_status":"open","sticky":false,"template":"","format":"standard","meta":{"footnotes":""},"categories":[38,11],"tags":[],"class_list":["post-4748","post","type-post","status-publish","format-standard","hentry","category-comune-di-ventotene","category-enti"],"_links":{"self":[{"href":"https:\/\/www.ulisseland.com\/journal\/wp-json\/wp\/v2\/posts\/4748","targetHints":{"allow":["GET"]}}],"collection":[{"href":"https:\/\/www.ulisseland.com\/journal\/wp-json\/wp\/v2\/posts"}],"about":[{"href":"https:\/\/www.ulisseland.com\/journal\/wp-json\/wp\/v2\/types\/post"}],"author":[{"embeddable":true,"href":"https:\/\/www.ulisseland.com\/journal\/wp-json\/wp\/v2\/users\/1"}],"replies":[{"embeddable":true,"href":"https:\/\/www.ulisseland.com\/journal\/wp-json\/wp\/v2\/comments?post=4748"}],"version-history":[{"count":5,"href":"https:\/\/www.ulisseland.com\/journal\/wp-json\/wp\/v2\/posts\/4748\/revisions"}],"predecessor-version":[{"id":4758,"href":"https:\/\/www.ulisseland.com\/journal\/wp-json\/wp\/v2\/posts\/4748\/revisions\/4758"}],"wp:attachment":[{"href":"https:\/\/www.ulisseland.com\/journal\/wp-json\/wp\/v2\/media?parent=4748"}],"wp:term":[{"taxonomy":"category","embeddable":true,"href":"https:\/\/www.ulisseland.com\/journal\/wp-json\/wp\/v2\/categories?post=4748"},{"taxonomy":"post_tag","embeddable":true,"href":"https:\/\/www.ulisseland.com\/journal\/wp-json\/wp\/v2\/tags?post=4748"}],"curies":[{"name":"wp","href":"https:\/\/api.w.org\/{rel}","templated":true}]}}