{"id":4741,"date":"2012-09-05T10:29:59","date_gmt":"2012-09-05T08:29:59","guid":{"rendered":"http:\/\/www.ulisseland.com\/journal\/?p=4741&#038;lang=it"},"modified":"2012-09-05T10:37:26","modified_gmt":"2012-09-05T08:37:26","slug":"la-scomparsa-del-cardinale-mons-carlo-maria-martini","status":"publish","type":"post","link":"https:\/\/www.ulisseland.com\/journal\/la-scomparsa-del-cardinale-mons-carlo-maria-martini\/","title":{"rendered":"La scomparsa del Cardinale Mons. Carlo Maria MARTINI"},"content":{"rendered":"<figure id=\"attachment_4743\" aria-describedby=\"caption-attachment-4743\" style=\"width: 300px\" class=\"wp-caption alignleft\"><a href=\"https:\/\/www.ulisseland.com\/journal\/wp-content\/uploads\/2012\/09\/Il-Cardinale-Mons.-Carlo-Maria-Martini1.jpg\"><img loading=\"lazy\" decoding=\"async\" class=\"size-medium wp-image-4743\" title=\"Il Cardinale Mons. Carlo Maria Martini\" src=\"https:\/\/www.ulisseland.com\/journal\/wp-content\/uploads\/2012\/09\/Il-Cardinale-Mons.-Carlo-Maria-Martini1-300x167.jpg\" alt=\"\" width=\"300\" height=\"167\" srcset=\"https:\/\/www.ulisseland.com\/journal\/wp-content\/uploads\/2012\/09\/Il-Cardinale-Mons.-Carlo-Maria-Martini1-300x167.jpg 300w, https:\/\/www.ulisseland.com\/journal\/wp-content\/uploads\/2012\/09\/Il-Cardinale-Mons.-Carlo-Maria-Martini1-600x335.jpg 600w, https:\/\/www.ulisseland.com\/journal\/wp-content\/uploads\/2012\/09\/Il-Cardinale-Mons.-Carlo-Maria-Martini1.jpg 680w\" sizes=\"auto, (max-width: 300px) 100vw, 300px\" \/><\/a><figcaption id=\"caption-attachment-4743\" class=\"wp-caption-text\">Il Cardinale Mons. Carlo Maria Martini<\/figcaption><\/figure>\n<p style=\"text-align: center;\" align=\"center\"><span style=\"font-size: medium;\">Quel grande interprete del Concilio<\/span><\/p>\n<p style=\"text-align: center;\" align=\"center\"><span style=\"font-size: medium;\"><em>di d. Antonio Sciortino<\/em><\/span><\/p>\n<p style=\"text-align: center;\" align=\"center\"><span style=\"font-size: medium;\"><em>Famiglia Cristiana &#8211; 31 agosto 2012<\/em><\/span><\/p>\n<p><em>\u00a0<\/em><\/p>\n<p><em>Il ricordo del cardinale Martini di don Antonio Sciortino, direttore di Famiglia Cristiana. Con la sua morte scompare una delle pi\u00f9 eminenti personalit\u00e0 del nostro tempo. <\/em><\/p>\n<div align=\"center\">\n<table style=\"width: 100%;\" border=\"0\" cellspacing=\"0\" cellpadding=\"0\">\n<tbody>\n<tr>\n<td width=\"0%\"><\/td>\n<td width=\"99%\">Quasi in coincidenza con la celebrazione del cinquantesimo anniversario dell\u2019apertura del Vaticano II, \u00e8 venuto a mancare un pastore che \u00e8 stato un vero interprete del Concilio.Soprattutto nel dialogo con il mondo e nel sapere leggere i \u201csegni&#8221; dei tempi. Carlo Maria Martini, strappato agli studi biblici, per guidare la diocesi di Milano, la pi\u00f9 grande del mondo, ha fatto della Parola di Dio il perno di tutta la sua attivit\u00e0 pastorale. Un vescovo che ha saputo parlare a credenti e non credenti, agli uomini di cultura come alle persone semplici.<br \/>\nDa rettore del Biblico non disdegnava di servire i poveri, svolgendo umili incombenze. E non mancava di visitare i carcerati. A lui si arresero gli uomini delle Brigate rosse, consegnando le armi nella curia milanese. La sua dottrina, attraverso la parola e gli scritti, e un uso intelligente dei mass media (ha risposto alle lettere dei lettori del Corriere della Sera fino al mese scorso) superava i confini della diocesi. Era ripreso e imitato, nel suo stile pastorale, da molti vescovi italiani e del mondo. Un\u2019autorit\u00e0 morale anche per il mondo laico, che guardava a Martini come a un pastore illuminato e dialogante.<\/td>\n<\/tr>\n<\/tbody>\n<\/table>\n<\/div>\n<p>La \u201ccattedra dei non credenti\u201d era seguita da migliaia di persone, soprattutto giovani che affollavano ogni angolo del Duomo, per ascoltare il cardinale confrontarsi con chi non aveva il dono della fede ma era aperto, comunque, al dialogo e alla trascendenza. Affrontava i problemi, anche quelli pi\u00f9 gravi, con quella \u201csaggezza biblica\u201d che emanava da ogni suo gesto e parola. Non dava l\u2019impressione di calare dall\u2019alto il suo magistero. Ma affascinava chiunque l\u2019avvicinasse con tratti gentili e cortesi. E con la sua capacit\u00e0 di trarre insegnamenti dai testi sacri, mostrando la perenne attualit\u00e0 e vitalit\u00e0 della Bibbia.<\/p>\n<p>Con la morte del cardinale Martini scompare una delle pi\u00f9 eminenti personalit\u00e0 dei nostri tempi, un biblista di fama internazionale, che ci ha insegnato a vivere e ad affrontare i problemi attuali con il Vangelo in mano. Ha saputo coniugare sapere e credere, con aperture sapienti e intelligenti. Lascia in eredit\u00e0 l\u2019amore per i testi sacri e uno stile pastorale che lo rendeva vicino e partecipe dei problemi degli uomini d\u2019oggi, qualunque fosse la condizione sociale e il credo religioso degli interlocutori.<\/p>\n<p>a cura del Dott. Lorenzo Paliotta<\/p>\n","protected":false},"excerpt":{"rendered":"<p>Quel grande interprete del Concilio di d. Antonio Sciortino Famiglia Cristiana &#8211; 31 agosto 2012 \u00a0 Il ricordo del cardinale Martini di don Antonio Sciortino, direttore di Famiglia Cristiana. Con la sua morte scompare una delle pi\u00f9 eminenti personalit\u00e0 del nostro tempo. Quasi in coincidenza con la celebrazione del cinquantesimo anniversario dell\u2019apertura del Vaticano II,<\/p>\n","protected":false},"author":1,"featured_media":0,"comment_status":"open","ping_status":"open","sticky":false,"template":"","format":"standard","meta":{"footnotes":""},"categories":[13,12],"tags":[],"class_list":["post-4741","post","type-post","status-publish","format-standard","hentry","category-cronaca","category-cultura"],"_links":{"self":[{"href":"https:\/\/www.ulisseland.com\/journal\/wp-json\/wp\/v2\/posts\/4741","targetHints":{"allow":["GET"]}}],"collection":[{"href":"https:\/\/www.ulisseland.com\/journal\/wp-json\/wp\/v2\/posts"}],"about":[{"href":"https:\/\/www.ulisseland.com\/journal\/wp-json\/wp\/v2\/types\/post"}],"author":[{"embeddable":true,"href":"https:\/\/www.ulisseland.com\/journal\/wp-json\/wp\/v2\/users\/1"}],"replies":[{"embeddable":true,"href":"https:\/\/www.ulisseland.com\/journal\/wp-json\/wp\/v2\/comments?post=4741"}],"version-history":[{"count":3,"href":"https:\/\/www.ulisseland.com\/journal\/wp-json\/wp\/v2\/posts\/4741\/revisions"}],"predecessor-version":[{"id":4745,"href":"https:\/\/www.ulisseland.com\/journal\/wp-json\/wp\/v2\/posts\/4741\/revisions\/4745"}],"wp:attachment":[{"href":"https:\/\/www.ulisseland.com\/journal\/wp-json\/wp\/v2\/media?parent=4741"}],"wp:term":[{"taxonomy":"category","embeddable":true,"href":"https:\/\/www.ulisseland.com\/journal\/wp-json\/wp\/v2\/categories?post=4741"},{"taxonomy":"post_tag","embeddable":true,"href":"https:\/\/www.ulisseland.com\/journal\/wp-json\/wp\/v2\/tags?post=4741"}],"curies":[{"name":"wp","href":"https:\/\/api.w.org\/{rel}","templated":true}]}}