{"id":4728,"date":"2012-09-02T21:07:07","date_gmt":"2012-09-02T19:07:07","guid":{"rendered":"http:\/\/www.ulisseland.com\/journal\/?p=4728&#038;lang=it"},"modified":"2012-09-06T16:13:21","modified_gmt":"2012-09-06T14:13:21","slug":"formia-un-tavolo-tecnico-per-il-trasporto-pubblico","status":"publish","type":"post","link":"https:\/\/www.ulisseland.com\/journal\/formia-un-tavolo-tecnico-per-il-trasporto-pubblico\/","title":{"rendered":"FORMIA: UN TAVOLO TECNICO PER IL TRASPORTO PUBBLICO"},"content":{"rendered":"<p>&nbsp;<\/p>\n<figure id=\"attachment_4731\" aria-describedby=\"caption-attachment-4731\" style=\"width: 649px\" class=\"wp-caption aligncenter\"><a href=\"https:\/\/www.ulisseland.com\/journal\/wp-content\/uploads\/2012\/09\/Porto-Vespucci.jpg\"><img loading=\"lazy\" decoding=\"async\" class=\" wp-image-4731   \" title=\"Porto Vespucci\" src=\"https:\/\/www.ulisseland.com\/journal\/wp-content\/uploads\/2012\/09\/Porto-Vespucci.jpg\" alt=\"\" width=\"649\" height=\"432\" srcset=\"https:\/\/www.ulisseland.com\/journal\/wp-content\/uploads\/2012\/09\/Porto-Vespucci.jpg 922w, https:\/\/www.ulisseland.com\/journal\/wp-content\/uploads\/2012\/09\/Porto-Vespucci-300x199.jpg 300w, https:\/\/www.ulisseland.com\/journal\/wp-content\/uploads\/2012\/09\/Porto-Vespucci-600x399.jpg 600w\" sizes=\"auto, (max-width: 649px) 100vw, 649px\" \/><\/a><figcaption id=\"caption-attachment-4731\" class=\"wp-caption-text\">Formia - L&#39;Area Portuale &quot;Vespucci&quot;<\/figcaption><\/figure>\n<p>Un passaggio significativo per definire tutti gli aspetti organizzativi, logistici e di sicurezza in ambito portuale ai fini della istituzione del capolinea dei bus all\u2019interno dell\u2019area Vespucci.<\/p>\n<p>Questo il senso della riunione convocata dal sindaco Forte ed alla quale hanno partecipato gli assessori Pasquale Cardillo Cupo e Giovanni Carpinelli, il presidente della commissione viabilit\u00e0 Antonio Miele, la dirigente alla polizia municipale Rosanna Picano, \u00a0la Capitaneria di Porto di Gaeta, il dirigente del Cotral di Latina Carlo Petrolini ed il geom. Bruno Nevi, funzionario dell\u2019ufficio mobilit\u00e0 e trasporti\u00a0 della Regione Lazio.<\/p>\n<p>In apertura dei lavori, il sindaco Forte ha informato i presenti sul finanziamento regionale di 70 mila euro &#8211; in aggiunta ai 30 mila euro comunali &#8211; per attrezzare una struttura logistica adeguata ed in sicurezza all\u2019interno del Porto Vespucci.\u00a0 Risorse per 100 mila euro\u00a0 \u2013 ha sottolineato il primo cittadino \u2013 che ci consentiranno di\u00a0 intervenire attraverso un progetto funzionale di arredo con la realizzazione di pensiline, panchine, segnaletica e servizi igienici\u00a0 in maniera da ottimizzare l\u2019intera area da assegnare al capolinea del trasporto pubblico su gomma. Gli stalli per i bus della linea Cotral saranno 15 mentre altre 5 postazioni saranno a disposizione dei vettori dell\u2019 ATP e Riccitelli . Sempre in materia di sicurezza si \u00e8 convenuto di tracciare un percorso protetto per i bus in maniera da non confliggere ed interferire con le altre attivit\u00e0 portuali. Il primo atto amministrativo riguarder\u00e0\u00a0 &#8211; trattandosi di area demaniale in concessione &#8211; il cambio di destinazione d\u2019uso dell\u2019area attualmente occupata dalla sosta pubblica a pagamento in area da adibire al trasporto pubblico. Una variazione di cambio di destinazione da presentare alla Regione Lazio \u2013 settore concessione demaniale. Una volta ottenuto il cambio di destinazione la Capitaneria di Porto emaner\u00e0 un\u2019ordinanza per disciplinare la circolazione, l\u2019agibilit\u00e0\u00a0 e la sicurezza portuale. Intanto in questi giorni si proceder\u00e0 a definire con i tecnici una planimetria delle aree da utilizzare per le varie attivit\u00e0 portuali: crocieristica, traghetti, sosta pubblica dei veicoli, capolinea dei bus. Sulla base dei rilievi tecnici sar\u00e0 poi avviato il progetto \u2013 a cura dell\u2019ufficio comunale lavori pubblici &#8211; per attrezzare e definire in maniera definitiva\u00a0 il capolinea dei bus.<\/p>\n<p>Il personale di servizio del Cotral &#8211; \u00e8 stato concordato &#8211;\u00a0 fruir\u00e0 di un locale all\u2019interno della nuova Stazione Marittima per la gestione ed il controllo delle corse e dei turni del personale. Detto ufficio svolger\u00e0 anche compiti di assistenza ed informazione ai viaggiatori.<\/p>\n<p>Gli utenti fruiranno inoltre di panchine d\u2019attesa e pensilina di imbarco al coperto. Sugli indirizzi prospettati dal sindaco tutti i rappresentanti degli enti presenti hanno manifestato condivisione e collaborazione. La prossima riunione servir\u00e0 a fare un ulteriore step di verifica delle operazioni tecniche e progettuali.<\/p>\n<p>Il consigliere comunale di Gaeta Pasquale Ranucci &#8211; a margine dell\u2019incontro &#8211; ha sollevato il problema immediato della sosta dei bus della linea Gaeta\u00a0 su una parte della piazza IV Novembre in attesa del completamento dell\u2019opera. Il sindaco Forte a riguardo ha rassicurato il consigliere informandolo che la Ditta sta provvedendo a sgombrare la parte gi\u00e0 completata dai lavori &#8211; lato stazione &#8211; in maniera da consentire da subito la fruibilit\u00e0 degli spazi per i bus della linea Gaeta\u201d.<\/p>\n<p>Il Direttore &#8211; Dott. Sergio Monforte<\/p>\n","protected":false},"excerpt":{"rendered":"<p>&nbsp; Un passaggio significativo per definire tutti gli aspetti organizzativi, logistici e di sicurezza in ambito portuale ai fini della istituzione del capolinea dei bus all\u2019interno dell\u2019area Vespucci. Questo il senso della riunione convocata dal sindaco Forte ed alla quale hanno partecipato gli assessori Pasquale Cardillo Cupo e Giovanni Carpinelli, il presidente della commissione viabilit\u00e0<\/p>\n","protected":false},"author":1,"featured_media":0,"comment_status":"open","ping_status":"open","sticky":false,"template":"","format":"standard","meta":{"footnotes":""},"categories":[14,11],"tags":[],"class_list":["post-4728","post","type-post","status-publish","format-standard","hentry","category-comune-di-formia","category-enti"],"_links":{"self":[{"href":"https:\/\/www.ulisseland.com\/journal\/wp-json\/wp\/v2\/posts\/4728","targetHints":{"allow":["GET"]}}],"collection":[{"href":"https:\/\/www.ulisseland.com\/journal\/wp-json\/wp\/v2\/posts"}],"about":[{"href":"https:\/\/www.ulisseland.com\/journal\/wp-json\/wp\/v2\/types\/post"}],"author":[{"embeddable":true,"href":"https:\/\/www.ulisseland.com\/journal\/wp-json\/wp\/v2\/users\/1"}],"replies":[{"embeddable":true,"href":"https:\/\/www.ulisseland.com\/journal\/wp-json\/wp\/v2\/comments?post=4728"}],"version-history":[{"count":5,"href":"https:\/\/www.ulisseland.com\/journal\/wp-json\/wp\/v2\/posts\/4728\/revisions"}],"predecessor-version":[{"id":4733,"href":"https:\/\/www.ulisseland.com\/journal\/wp-json\/wp\/v2\/posts\/4728\/revisions\/4733"}],"wp:attachment":[{"href":"https:\/\/www.ulisseland.com\/journal\/wp-json\/wp\/v2\/media?parent=4728"}],"wp:term":[{"taxonomy":"category","embeddable":true,"href":"https:\/\/www.ulisseland.com\/journal\/wp-json\/wp\/v2\/categories?post=4728"},{"taxonomy":"post_tag","embeddable":true,"href":"https:\/\/www.ulisseland.com\/journal\/wp-json\/wp\/v2\/tags?post=4728"}],"curies":[{"name":"wp","href":"https:\/\/api.w.org\/{rel}","templated":true}]}}