{"id":4722,"date":"2012-09-02T20:54:44","date_gmt":"2012-09-02T18:54:44","guid":{"rendered":"http:\/\/www.ulisseland.com\/journal\/?p=4722&#038;lang=it"},"modified":"2016-12-20T09:47:50","modified_gmt":"2016-12-20T08:47:50","slug":"formia-il-sindaco-forte-intervenire-subito-sullarea-dellex-dagostino","status":"publish","type":"post","link":"https:\/\/www.ulisseland.com\/journal\/formia-il-sindaco-forte-intervenire-subito-sullarea-dellex-dagostino\/","title":{"rendered":"FORMIA: Il sindaco Forte \u201cIntervenire subito sull\u2019area dell\u2019ex D\u2019Agostino\u201d"},"content":{"rendered":"<figure id=\"attachment_4724\" aria-describedby=\"caption-attachment-4724\" style=\"width: 300px\" class=\"wp-caption alignright\"><a href=\"https:\/\/www.ulisseland.com\/journal\/wp-content\/uploads\/2012\/09\/Area-Madonna-di-Ponza1.jpg\"><img loading=\"lazy\" decoding=\"async\" class=\"size-medium wp-image-4724 \" title=\"Area Madonna di Ponza1\" src=\"https:\/\/www.ulisseland.com\/journal\/wp-content\/uploads\/2012\/09\/Area-Madonna-di-Ponza1-300x225.jpg\" alt=\"\" width=\"300\" height=\"225\" srcset=\"https:\/\/www.ulisseland.com\/journal\/wp-content\/uploads\/2012\/09\/Area-Madonna-di-Ponza1-300x225.jpg 300w, https:\/\/www.ulisseland.com\/journal\/wp-content\/uploads\/2012\/09\/Area-Madonna-di-Ponza1-600x450.jpg 600w, https:\/\/www.ulisseland.com\/journal\/wp-content\/uploads\/2012\/09\/Area-Madonna-di-Ponza1.jpg 1024w\" sizes=\"auto, (max-width: 300px) 100vw, 300px\" \/><\/a><figcaption id=\"caption-attachment-4724\" class=\"wp-caption-text\">Area Ex D&#39;Agostino - Via Madonna di Ponza<\/figcaption><\/figure>\n<p>Il violento incendio di matrice dolosa che ha interessato nel pomeriggio di mercoled\u00ec la zona collinare\u00a0 di Sant\u2019Antonio fino a raggiungere la zona di\u00a0 Scaccigalline, riporta in primo piano l\u2019eterna questione dell\u2019ex fabbrica di laterizi D\u2019Agostino.<\/p>\n<p>Un\u2019area abbandonata ed in uno stato di degrado assoluto &#8211; afferma il sindaco Forte &#8211; su cui bisogna assolutamente intervenire. Non possiamo in alcun modo continuare a tenere in piedi una vertenza con la propriet\u00e0 e poi assistere ad episodi devastanti di fuoco che mettono a repentaglio la sicurezza e la vita dei cittadini. Le fiamme si sono sviluppate e propagate per l\u2019intera collina a causa delle sterpaglie e della vegetazione incolta che avvolge quell\u2019area. La propriet\u00e0 ha disatteso ancora una volta l\u2019ordinanza sindacale di ripulire e bonificare i luoghi in maniera da mettere in sicurezza tutto il bacino limitrofo e scongiurare il pericolo degli incendi. Tutto ci\u00f2 rappresenta un fatto grave \u2013 continua il sindaco \u2013 che mi spinge ad assumere decisioni immediate nella tutela ed interesse della collettivit\u00e0 pubblica. Ai proprietari avevamo ad inizio consiliatura proposto di rivedere il progetto, precedentemente approvato dall\u2019amministrazione Bartolomeo che prevedeva una volumetria di 60 mila metri quadri da destinare ad insediamenti abitativi e centri commerciali. Su quell\u2019area che insiste su Piazza Risorgimento non servono nuovi centri commerciali e lottizzazioni. Le priorit\u00e0 riguardano i servizi, un piano parcheggi attrezzato, spazi pubblici ed area verde. Riqualificare quel sito per un\u2019amministrazione pubblica\u00a0 \u00e8 un preciso compito da adempiere senza ulteriori indugi. A pensare che nelle cave qualcuno in passato voleva costruirci finanche un teatro. La citt\u00e0 non pu\u00f2 pi\u00f9 tollerare la presenza di un insediamento industriale dismesso da oltre 30 anni, una polveriera ambientale tenuta in uno stato di abbandono ed incuria senza un\u2019adeguata recinzione e conservazione. Bisogna agire in fretta, il tempo \u00e8 scaduto.\u00a0 Va trovata in tempi rapidi una soluzione con la propriet\u00e0 su un\u2019idea di progetto che riqualifichi l\u2019insieme dei luoghi in funzione delle attivit\u00e0 produttive di piazza Risorgimento, mi riferisco ad un\u2019area parcheggi attrezzata al servizio dell\u2019Ospedale Dono Svizzero e degli esercizi commerciali della zona<a href=\"https:\/\/www.east-inflatables.com\/french\/Buy-Monster-Park-eau-gonflable-1446.html\">Monster Park eau gonflable<\/a>. Su questa linea bisogna muoversi in fretta, non possiamo continuare a vivere a contatto con un monumento della preistoria in un\u2019area strategica della citt\u00e0. L\u2019amministrazione ha il dovere di salvaguardare il pubblico interesse, le legittime aspettative di una comunit\u00e0, il risanamento ambientale, la sicurezza dei luoghi, le prospettive di sviluppo nell\u2019offerta dei servizi. Sono queste le priorit\u00e0 di una citt\u00e0 moderna ed in crescita. Mantenere in vita un sito fatiscente, ingombrante, pericoloso che inquina il territorio e crea nello stesso tempo problemi allo sviluppo \u00e8 un lusso che non possiamo permetterci\u201d.<\/p>\n","protected":false},"excerpt":{"rendered":"<p>Il violento incendio di matrice dolosa che ha interessato nel pomeriggio di mercoled\u00ec la zona collinare\u00a0 di Sant\u2019Antonio fino a raggiungere la zona di\u00a0 Scaccigalline, riporta in primo piano l\u2019eterna questione dell\u2019ex fabbrica di laterizi D\u2019Agostino. Un\u2019area abbandonata ed in uno stato di degrado assoluto &#8211; afferma il sindaco Forte &#8211; su cui bisogna assolutamente<\/p>\n","protected":false},"author":1,"featured_media":0,"comment_status":"open","ping_status":"open","sticky":false,"template":"","format":"standard","meta":{"footnotes":""},"categories":[14,11],"tags":[],"class_list":["post-4722","post","type-post","status-publish","format-standard","hentry","category-comune-di-formia","category-enti"],"_links":{"self":[{"href":"https:\/\/www.ulisseland.com\/journal\/wp-json\/wp\/v2\/posts\/4722","targetHints":{"allow":["GET"]}}],"collection":[{"href":"https:\/\/www.ulisseland.com\/journal\/wp-json\/wp\/v2\/posts"}],"about":[{"href":"https:\/\/www.ulisseland.com\/journal\/wp-json\/wp\/v2\/types\/post"}],"author":[{"embeddable":true,"href":"https:\/\/www.ulisseland.com\/journal\/wp-json\/wp\/v2\/users\/1"}],"replies":[{"embeddable":true,"href":"https:\/\/www.ulisseland.com\/journal\/wp-json\/wp\/v2\/comments?post=4722"}],"version-history":[{"count":4,"href":"https:\/\/www.ulisseland.com\/journal\/wp-json\/wp\/v2\/posts\/4722\/revisions"}],"predecessor-version":[{"id":10093,"href":"https:\/\/www.ulisseland.com\/journal\/wp-json\/wp\/v2\/posts\/4722\/revisions\/10093"}],"wp:attachment":[{"href":"https:\/\/www.ulisseland.com\/journal\/wp-json\/wp\/v2\/media?parent=4722"}],"wp:term":[{"taxonomy":"category","embeddable":true,"href":"https:\/\/www.ulisseland.com\/journal\/wp-json\/wp\/v2\/categories?post=4722"},{"taxonomy":"post_tag","embeddable":true,"href":"https:\/\/www.ulisseland.com\/journal\/wp-json\/wp\/v2\/tags?post=4722"}],"curies":[{"name":"wp","href":"https:\/\/api.w.org\/{rel}","templated":true}]}}