{"id":4667,"date":"2012-08-22T11:01:23","date_gmt":"2012-08-22T09:01:23","guid":{"rendered":"http:\/\/www.ulisseland.com\/journal\/?p=4667&#038;lang=it"},"modified":"2014-09-18T09:19:52","modified_gmt":"2014-09-18T07:19:52","slug":"formia-richiesto-consiglio-comunale-straordinario-sul-problema-siccita","status":"publish","type":"post","link":"https:\/\/www.ulisseland.com\/journal\/formia-richiesto-consiglio-comunale-straordinario-sul-problema-siccita\/","title":{"rendered":"FORMIA: Richiesto Consiglio comunale straordinario sul problema siccit\u00e0"},"content":{"rendered":"<p><strong>RICEVIAMO e PUBBLICHIAMO<\/strong><\/p>\n<p>&#8220;L&#8217;aggravarsi della siccit\u00e0 che in queste settimane ha colpito il sud pontino ci impone di chiedere un consiglio comunale straordinario aperto all&#8217;intera cittadinanza per discutere del problema.<\/p>\n<p>Oggi e in prospettiva per i prossimi anni, visti gli ormai consolidati mutamenti climatici, la logica del profitto delle societ\u00e0 di gestione del servizio idrico e il bene comune inevitabilmente andranno a confliggere ancora pi\u00f9 clamorosamente.<\/p>\n<p>Se negli scorsi anni i soldi fin qui accumulati fossero stati investiti per rendere pi\u00f9 efficienti le reti e gli impianti, nel tentativo di contenere le attuali perdite, riutilizzare le acque tecnologiche di depurazione per industria e agricoltura, ect. , investendo non nella logica della redditivit\u00e0 degli investimenti ma nel beneficio sociale e delle comunit\u00e0, forse gi\u00e0 oggi potremmo affrontare con strumenti diversi l&#8217;emergenza siccit\u00e0 <a href=\"http:\/\/www.east-inflatables.com.au\/Buy-Giant-Water-Slide-for-sale-313\/\">inflatable water slides<\/a>.<\/p>\n<p>Se tale intreccio perverso non verr\u00e0 reciso il prezzo che la nostra comunit\u00e0 andr\u00e0 a pagare sar\u00e0 elevatissimo, in particolare le fasce pi\u00f9 deboli si troveranno a fare i conti con un disagio che aumenter\u00e0 ancora di pi\u00f9.<\/p>\n<p>E&#8217; necessario che chi ha fino ad oggi fatto finta che tutto fosse in regola venga chiamato a rispondere davanti ai cittadini di ci\u00f2 che sta succedendo.<\/p>\n<p>Il nostro comitato un risultato importante lo ha per\u00f2 conseguito, quello di dimostrare alla citt\u00e0, qualora c\u2019\u00e8 ne fosse ancora bisogno, l\u2019inadeguatezza di una classe dirigente, che sta facendo arretrare la citt\u00e0 nella scala dello sviluppo socio economico. Dovrebbe riflettere bene chi contribuisce, anche col suo silenzio, al permanere di questo stato di cose.<\/p>\n<p>Per questo non crediamo pi\u00f9 alle parole del sindaco Michele Forte che sta provando a scaricare tutte le colpe sulla sola siccit\u00e0.<\/p>\n<p>Questa volta non vogliamo sentire alcuna giustificazione, vogliamo che siano i cittadini a cantargliele quattro.<\/p>\n<p>Lo facciamo in maniera democratica, ma sia chiaro che non accetteremo nessuna risposta in senso contrario, perch\u00e9 altrimenti alla prima occasione utile occuperemo l&#8217;aula consiliare.<\/p>\n<p>Pretendiamo, inoltre, che ad ascoltare le lamentele dei cittadini &#8211; senza diritto alla parola &#8211; siano presenti:<\/p>\n<ul>\n<li>L&#8217;ing. Sergio Giovannetti che in qualit\u00e0 di responsabile della segreteria dell&#8217;ATO4, stipendio da 169mila euro annui, ha il compito di verificare la correttezza dell&#8217;operato di Acqualatina;<\/li>\n<li>L&#8217;Avv. Raffaele Di Stefano, che in qualit\u00e0 di garante regionale del servizio idrico viene pagato per analizzare e valutare a qualit\u00e0 dei servizi forniti negli ambiti territoriali ottimali, formulando proposte ed assume iniziative a tutela e garanzia degli interessi degli utenti (cittadini);<\/li>\n<li>L&#8217;assessore Marco Mattei, assessore all&#8217;ambiente e sviluppo sostenibile della regione Lazio, il cui assessorato ha il compito di vigilare in materia di risorse idriche;<\/li>\n<li>Il presidente della provincia di Latina Armando Cusani, in qualit\u00e0 di presidente dell&#8217;assemblea dei sindaci dell&#8217;ATO4, l&#8217;organo che decide come devono essere;<\/li>\n<li>L&#8217;assessore Gerardo Stefanelli, assessore all&#8217;ambiente e alla qualit\u00e0 della vita della provincia di Latina.<\/li>\n<\/ul>\n<p>&nbsp;<\/p>\n<p>Inoltre che ci sia anche Antonio Villano, presidente dell&#8217;OTUC (organismo di tutela dei consumatori).<\/p>\n<p>E&#8217; un nostro diritto essere ascoltati da chi sta creando un pesantissimo danno alla nostra comunit\u00e0.<\/p>\n<p>Da parte nostra continueremo a lottare per portare Acqualatina fuori dalla nostra citt\u00e0, ma perch\u00e9 questo sia reso possibile \u00e8 necessario riprenderci le sorgenti, chiediamo ai cittadini di non pagare pi\u00f9 le bollette, in modo da creare un danno al gestore idrico tale da rendere antieconomica la prosecuzione del servizio.<\/p>\n<p>&nbsp;<\/p>\n<p>Comitato Spontaneo di lotta contro Acqualatina di Formia&#8221;<\/p>\n<p>Il Direttore Dott. Sergio Monforte<\/p>\n","protected":false},"excerpt":{"rendered":"<p>RICEVIAMO e PUBBLICHIAMO &#8220;L&#8217;aggravarsi della siccit\u00e0 che in queste settimane ha colpito il sud pontino ci impone di chiedere un consiglio comunale straordinario aperto all&#8217;intera cittadinanza per discutere del problema. Oggi e in prospettiva per i prossimi anni, visti gli ormai consolidati mutamenti climatici, la logica del profitto delle societ\u00e0 di gestione del servizio idrico<\/p>\n","protected":false},"author":1,"featured_media":0,"comment_status":"open","ping_status":"open","sticky":false,"template":"","format":"standard","meta":{"footnotes":""},"categories":[14,13,11],"tags":[],"class_list":["post-4667","post","type-post","status-publish","format-standard","hentry","category-comune-di-formia","category-cronaca","category-enti"],"_links":{"self":[{"href":"https:\/\/www.ulisseland.com\/journal\/wp-json\/wp\/v2\/posts\/4667","targetHints":{"allow":["GET"]}}],"collection":[{"href":"https:\/\/www.ulisseland.com\/journal\/wp-json\/wp\/v2\/posts"}],"about":[{"href":"https:\/\/www.ulisseland.com\/journal\/wp-json\/wp\/v2\/types\/post"}],"author":[{"embeddable":true,"href":"https:\/\/www.ulisseland.com\/journal\/wp-json\/wp\/v2\/users\/1"}],"replies":[{"embeddable":true,"href":"https:\/\/www.ulisseland.com\/journal\/wp-json\/wp\/v2\/comments?post=4667"}],"version-history":[{"count":2,"href":"https:\/\/www.ulisseland.com\/journal\/wp-json\/wp\/v2\/posts\/4667\/revisions"}],"predecessor-version":[{"id":7654,"href":"https:\/\/www.ulisseland.com\/journal\/wp-json\/wp\/v2\/posts\/4667\/revisions\/7654"}],"wp:attachment":[{"href":"https:\/\/www.ulisseland.com\/journal\/wp-json\/wp\/v2\/media?parent=4667"}],"wp:term":[{"taxonomy":"category","embeddable":true,"href":"https:\/\/www.ulisseland.com\/journal\/wp-json\/wp\/v2\/categories?post=4667"},{"taxonomy":"post_tag","embeddable":true,"href":"https:\/\/www.ulisseland.com\/journal\/wp-json\/wp\/v2\/tags?post=4667"}],"curies":[{"name":"wp","href":"https:\/\/api.w.org\/{rel}","templated":true}]}}