{"id":4659,"date":"2012-08-22T10:38:40","date_gmt":"2012-08-22T08:38:40","guid":{"rendered":"http:\/\/www.ulisseland.com\/journal\/?p=4659&#038;lang=it"},"modified":"2012-08-22T10:38:40","modified_gmt":"2012-08-22T08:38:40","slug":"gaeta-i-sindaci-del-sud-pontino-scrivono-al-presidente-della-regione-polverini-per-la-riattivazione-della-littorina","status":"publish","type":"post","link":"https:\/\/www.ulisseland.com\/journal\/gaeta-i-sindaci-del-sud-pontino-scrivono-al-presidente-della-regione-polverini-per-la-riattivazione-della-littorina\/","title":{"rendered":"GAETA: I Sindaci del sud pontino scrivono al Presidente della Regione Polverini per la riattivazione della Littorina"},"content":{"rendered":"<figure id=\"attachment_4662\" aria-describedby=\"caption-attachment-4662\" style=\"width: 280px\" class=\"wp-caption alignleft\"><a href=\"https:\/\/www.ulisseland.com\/journal\/wp-content\/uploads\/2012\/08\/presidente-consorzio-sviluppo-industriale-sud-pontino-avv1-s-forte.jpg\"><img loading=\"lazy\" decoding=\"async\" class=\"size-medium wp-image-4662\" title=\"presidente-consorzio-sviluppo-industriale-sud-pontino-avv1-s-forte\" src=\"https:\/\/www.ulisseland.com\/journal\/wp-content\/uploads\/2012\/08\/presidente-consorzio-sviluppo-industriale-sud-pontino-avv1-s-forte-280x300.jpg\" alt=\"\" width=\"280\" height=\"300\" srcset=\"https:\/\/www.ulisseland.com\/journal\/wp-content\/uploads\/2012\/08\/presidente-consorzio-sviluppo-industriale-sud-pontino-avv1-s-forte-280x300.jpg 280w, https:\/\/www.ulisseland.com\/journal\/wp-content\/uploads\/2012\/08\/presidente-consorzio-sviluppo-industriale-sud-pontino-avv1-s-forte-600x641.jpg 600w, https:\/\/www.ulisseland.com\/journal\/wp-content\/uploads\/2012\/08\/presidente-consorzio-sviluppo-industriale-sud-pontino-avv1-s-forte.jpg 748w\" sizes=\"auto, (max-width: 280px) 100vw, 280px\" \/><\/a><figcaption id=\"caption-attachment-4662\" class=\"wp-caption-text\">Avv. Salvatore Forte Presidente COSIND<\/figcaption><\/figure>\n<p>Riattivazione della tratta ferroviaria Gaeta-Formia estendibile a Minturno, Castelforte, Santi Cosma e Damiano e richiesta di finanziare l\u2019ultimo tratto Bevano-ex stazione ferroviaria di Gaeta. Questo il contenuto della lettera inoltrata al presidente della Regione Lazio Renata Polverini dal sindaco Cosmo Mitrano, e sottoscritta anche dai sindaci di Formia (Michele Forte), Minturno (Paolo Graziano), Castelforte (Patrizia Gaetano), SS. Cosma e Damiano (Vincenzo Di Siena) e dal presidente del Consind (Salvatore Forte). Mitrano, nel constatare che i lavori sono da tempo interrotti e che l\u2019opera appare in stato di abbandono con evidenti segni di degrado ambientale, ha voluto imprimere un\u2019accelerazione coinvolgendo anche i suoi colleghi.<\/p>\n<p>La sistemazione della linea avrebbe risvolti positivi sul piano della mobilit\u00e0, che ben si innesta nei corridoi del Lazio meridionale. Inoltre, i firmatari sottolineano che le loro citt\u00e0 sono inserite nell\u2019ambito della cosiddetta \u00abarea sensibile\u00bb e nel Master Plan delle citt\u00e0 del golfo e delle isole pontine, approvato dalla giunta regionale del Lazio. La realizzazione della cosiddetta \u00abmetropolitana del golfo\u00bb andrebbe a collegare Gaeta con Formia, Minturno, Castelforte (Suio Terme) e Santi Cosma e Damiano e rappresenterebbe una risposta adeguata alle moderne necessit\u00e0 di trasporto, oltre che costituire un\u2019opportunit\u00e0 di sviluppo turistico del territorio.<\/p>\n<p>Il ripristino della linea ferroviaria Gaeta-Formia \u2013 da estendere a Minturno, Castelforte e Santi Cosma e Damiano \u2013 rappresenta una opportunit\u00e0 di sviluppo socio-economico che va sostenuto perch\u00e9 permetterebbe, oltre che lo spostamento di merci su rotaie, nuovi e pi\u00f9 veloci collegamenti con le localit\u00e0 balneari, con le stazioni ferroviarie Formia-Gaeta e Minturno, con le Terme di Suio, con il porto commerciale di Gaeta e, in futuro, anche con il cosiddetto Policlinico del Golfo che, secondo le determinazioni regionali, dovrebbe essere realizzato a Formia. Poich\u00e9 appare evidente il valore socio-economico legato alla riattivazione della tratta ferrata Formia-Gaeta, propedeutica alla estensione fino a Minturno, Castelforte e SS. Cosma e Damiano, i firmatari chiedono al presidente Polverini di farsi carico delle opere gi\u00e0 realizzate, di completare l\u2019infrastruttura con ulteriori finanziamenti e di assumere i necessari adempimenti connessi alla funzionalit\u00e0 dell\u2019opera stessa.<\/p>\n<p>&nbsp;<\/p>\n<p>IL Direttore Dott. Sergio Monforte<\/p>\n","protected":false},"excerpt":{"rendered":"<p>Riattivazione della tratta ferroviaria Gaeta-Formia estendibile a Minturno, Castelforte, Santi Cosma e Damiano e richiesta di finanziare l\u2019ultimo tratto Bevano-ex stazione ferroviaria di Gaeta. Questo il contenuto della lettera inoltrata al presidente della Regione Lazio Renata Polverini dal sindaco Cosmo Mitrano, e sottoscritta anche dai sindaci di Formia (Michele Forte), Minturno (Paolo Graziano), Castelforte (Patrizia<\/p>\n","protected":false},"author":1,"featured_media":0,"comment_status":"open","ping_status":"open","sticky":false,"template":"","format":"standard","meta":{"footnotes":""},"categories":[14,20,27,13,11,1],"tags":[],"class_list":["post-4659","post","type-post","status-publish","format-standard","hentry","category-comune-di-formia","category-comune-di-gaeta","category-comune-di-minturno","category-cronaca","category-enti","category-senza-categoria"],"_links":{"self":[{"href":"https:\/\/www.ulisseland.com\/journal\/wp-json\/wp\/v2\/posts\/4659","targetHints":{"allow":["GET"]}}],"collection":[{"href":"https:\/\/www.ulisseland.com\/journal\/wp-json\/wp\/v2\/posts"}],"about":[{"href":"https:\/\/www.ulisseland.com\/journal\/wp-json\/wp\/v2\/types\/post"}],"author":[{"embeddable":true,"href":"https:\/\/www.ulisseland.com\/journal\/wp-json\/wp\/v2\/users\/1"}],"replies":[{"embeddable":true,"href":"https:\/\/www.ulisseland.com\/journal\/wp-json\/wp\/v2\/comments?post=4659"}],"version-history":[{"count":1,"href":"https:\/\/www.ulisseland.com\/journal\/wp-json\/wp\/v2\/posts\/4659\/revisions"}],"predecessor-version":[{"id":4663,"href":"https:\/\/www.ulisseland.com\/journal\/wp-json\/wp\/v2\/posts\/4659\/revisions\/4663"}],"wp:attachment":[{"href":"https:\/\/www.ulisseland.com\/journal\/wp-json\/wp\/v2\/media?parent=4659"}],"wp:term":[{"taxonomy":"category","embeddable":true,"href":"https:\/\/www.ulisseland.com\/journal\/wp-json\/wp\/v2\/categories?post=4659"},{"taxonomy":"post_tag","embeddable":true,"href":"https:\/\/www.ulisseland.com\/journal\/wp-json\/wp\/v2\/tags?post=4659"}],"curies":[{"name":"wp","href":"https:\/\/api.w.org\/{rel}","templated":true}]}}