{"id":464,"date":"2012-03-06T16:48:39","date_gmt":"2012-03-06T16:48:39","guid":{"rendered":"http:\/\/www.ulisseland.com\/journal\/?p=464&#038;lang=it"},"modified":"2012-03-28T11:58:00","modified_gmt":"2012-03-28T11:58:00","slug":"formia-iniziati-i-lavori-della-rotatoria-a-largo-paone-lordinanza-in-vigore","status":"publish","type":"post","link":"https:\/\/www.ulisseland.com\/journal\/formia-iniziati-i-lavori-della-rotatoria-a-largo-paone-lordinanza-in-vigore\/","title":{"rendered":"FORMIA: iniziati i lavori della rotatoria a Largo Paone, l\u2019ordinanza in vigore"},"content":{"rendered":"<p style=\"text-align: justify;\"><a href=\"https:\/\/www.ulisseland.com\/journal\/wp-content\/uploads\/2012\/03\/Largo-Paone.jpg\"><img loading=\"lazy\" decoding=\"async\" class=\"alignleft  wp-image-453\" title=\"Largo Paone\" src=\"https:\/\/www.ulisseland.com\/journal\/wp-content\/uploads\/2012\/03\/Largo-Paone.jpg\" alt=\"\" width=\"234\" height=\"155\" \/><\/a>Sono\u00a0 iniziati, a Formia, i lavori\u00a0 di realizzazione della rotatoria all\u2019incrocio tra via Lavanga e piazza Paone. La tabella di marcia ha sub\u00ecto dei ritardi dovuti in prevalenza alle avverse condizioni meteo che per settimane hanno imperversato sull\u2019intera penisola e che ha comportato ritardi sulla consegna del materiale edile necessario per l\u2019inizio dell\u2019opera. Questi contrattempi hanno indubbiamente condizionato il\u00a0 cronoprogramma sulla tabella di marcia, ha dichiarato il sindaco Michele Forte, ma ora confidiamo di andare avanti in maniera spedita, per poter completare l\u2019infrastruttura viaria della rotonda entro il temine di un mese. L\u2019impresa dovr\u00e0 rispettare scrupolosamente i tempi per evitare ulteriori criticit\u00e0 agli esercizi commerciali ed attivit\u00e0 produttive alla vigilia delle festivit\u00e0 pasquali. Questo il monito del sindaco che ha voluto ancora una volta\u00a0 ribadire l\u2019urgenza e la necessit\u00e0 di completare l\u2019opera entro una scadenza precisa.<\/p>\n<p style=\"text-align: justify;\">Il tavolo tecnico attivato nei giorni scorsi dal sindaco con le forze dell\u2019ordine (Polizia di Stato, Carabinieri e Guardia di Finanza ) \u00e8 servito proprio per informare gli addetti ai lavori\u00a0 sugli accorgimenti e provvedimenti temporanei adottati in materia di viabilit\u00e0 sull\u2019area di Largo Paone.<\/p>\n<p style=\"text-align: justify;\">L\u2019ordinanza emanata dalla Polizia Locale per garantire condizioni di sicurezza in materia di circolazione veicolare e pedonale si riferisce all\u2019interdizione del transito veicolare, pedonale e della sosta sul tratto di strada di via Domenico Paone, Piazza Tommaso Testa e parte dell\u2019area adibita a parcheggio di Largo Domenico Paone.<\/p>\n<p style=\"text-align: justify;\">Su via Domenico Paone, nel tratto di strada compreso dal raccordo di litoranea al civico n\u00b0 14 di via Vitruvio \u00e8 in vigore il divieto di circolazione veicolare con contestuale chiusura della carreggiata e divieto di sosta con obbligo della rozione coatta. Da Via Emanuele Filiberto incrocio con raccordo litoranea \u00e8 obbligatoria la direzione a sinistra per tutti i veicoli provenienti da via Emanale Filiberto con facolt\u00e0 di proseguire sul raccordo litoranea o proseguire per il percorso alternativo realizzato sull\u2019area di Largo Paone;<\/p>\n<p style=\"text-align: justify;\">Per tutti i veicoli provenienti dal Raccordo Litoranea che si immettono su Via Tullia e Via Emanuele Filiberto \u00e8 fatto obbligo della direzione a destra:<a href=\"https:\/\/www.ulisseland.com\/journal\/wp-content\/uploads\/2012\/03\/LARGO-PAONE-LAVORI-e1331050748235.jpg\"><img loading=\"lazy\" decoding=\"async\" class=\"alignright size-full wp-image-455\" title=\"LARGO-PAONE-LAVORI\" src=\"https:\/\/www.ulisseland.com\/journal\/wp-content\/uploads\/2012\/03\/LARGO-PAONE-LAVORI-e1331050748235.jpg\" alt=\"\" width=\"300\" height=\"201\" \/><\/a><\/p>\n<p style=\"text-align: justify;\">Divieto di sosta con obbligo della rimozione forzata 0-24 su Largo Paone \u2013 lato Monte area antistante il cantiere dove verr\u00e0 realizzata la nuov carreggiata stradale;<\/p>\n<p style=\"text-align: justify;\">Largo Domenico Paone: limite massimo di velocit\u00e030 Km\/he divieto di sorpasso;<\/p>\n<p style=\"text-align: justify;\">Raccordo Litoranea: Divieto di sosta con obbligo rimozione coatta 0-24 ambo i lati sul tratto di strada compreso dall\u2019inserzione con Via Emanuele Filiberto fino all\u2019incrocio con Via Lungomare della Repubblica.<\/p>\n<p style=\"text-align: justify;\">Largo Domenico Paone: istituzione del senso vietato per tutti i veicoli circolanti nel parcheggio per l\u2019immissione sulla Via Vitruvio altezza civico N\u00b018;<\/p>\n<p style=\"text-align: justify;\">Via Lavanga: tratto di strada compreso dall\u2019incrocio con Via della Conca e fino all\u2019interdizione con Via Largo Domenico Paone, chiusura temporanea per lavori Divieto di Circolazione veicolare, direzione obbligatoria diritto e divieto di sosta con obbligo della rimozione coatta 0-24 eccetto ai veicoli dei residenti domiciliati, titolari di attivit\u00e0 commerciali, ai mezzi di soccorso e ai mezzi di cantiere.<\/p>\n<p style=\"text-align: justify;\">L\u2019ordinanza ha inoltre autorizzato l\u2019apertura di un\u2019intersezione trala Via Vitruvioe Largo Domenico Paone con la realizzazione di una carreggiata a doppio senso di marcia avente una larghezza non inferiore a mt.7,00 al fine di poter consentire in condizione di sicurezza la temporanea deviazione del transito veicolare su un tratto di Largo Domenico Paone, area adibita a parcheggio a pagamento, con la collocazione di elementi fisici new jersey (adeguatamente segnalati a norma del Codice della Strada ) al fine di poter consentire la riammissione sulla carreggiata del traffico veicolare prima della linea di arresto dell\u2019intersezione con Raccordo Litoranea.<\/p>\n<p style=\"text-align: justify;\">Al termine dei lavori l\u2019impresa esecutrice dei lavori, prima dell\u2019apertura del tratto di strada dovr\u00e0 realizzare la nuova regolamentazione della viabilit\u00e0 con la relativa segnaletica verticale e orizzontale.<\/p>\n<p style=\"text-align: justify;\">Il Direttore<\/p>\n<p style=\"text-align: justify;\">Dott. Sergio Monforte<\/p>\n<p style=\"text-align: center;\"><a href=\"http:\/\/www.virtualcity3d.it\/dettaglioluogo.aspx?id=76&amp;dbdd=1&amp;comune=formia.db&amp;sferic=6330011_20090722_103500_515625_51739\"><img loading=\"lazy\" decoding=\"async\" class=\"size-full wp-image-266 aligncenter\" title=\"Formia Virtual City 3D\" src=\"https:\/\/www.ulisseland.com\/journal\/wp-content\/uploads\/2012\/02\/Virtual-City-formia3D-e1329900593809.jpg\" alt=\"\" width=\"250\" height=\"257\" \/><\/a><\/p>\n","protected":false},"excerpt":{"rendered":"<p>Sono\u00a0 iniziati, a Formia, i lavori\u00a0 di realizzazione della rotatoria all\u2019incrocio tra via Lavanga e piazza Paone. La tabella di marcia ha sub\u00ecto dei ritardi dovuti in prevalenza alle avverse condizioni meteo che per settimane hanno imperversato sull\u2019intera penisola e che ha comportato ritardi sulla consegna del materiale edile necessario per l\u2019inizio dell\u2019opera. Questi contrattempi<\/p>\n","protected":false},"author":1,"featured_media":0,"comment_status":"open","ping_status":"open","sticky":false,"template":"","format":"standard","meta":{"footnotes":""},"categories":[14,11],"tags":[],"class_list":["post-464","post","type-post","status-publish","format-standard","hentry","category-comune-di-formia","category-enti"],"_links":{"self":[{"href":"https:\/\/www.ulisseland.com\/journal\/wp-json\/wp\/v2\/posts\/464","targetHints":{"allow":["GET"]}}],"collection":[{"href":"https:\/\/www.ulisseland.com\/journal\/wp-json\/wp\/v2\/posts"}],"about":[{"href":"https:\/\/www.ulisseland.com\/journal\/wp-json\/wp\/v2\/types\/post"}],"author":[{"embeddable":true,"href":"https:\/\/www.ulisseland.com\/journal\/wp-json\/wp\/v2\/users\/1"}],"replies":[{"embeddable":true,"href":"https:\/\/www.ulisseland.com\/journal\/wp-json\/wp\/v2\/comments?post=464"}],"version-history":[{"count":5,"href":"https:\/\/www.ulisseland.com\/journal\/wp-json\/wp\/v2\/posts\/464\/revisions"}],"predecessor-version":[{"id":468,"href":"https:\/\/www.ulisseland.com\/journal\/wp-json\/wp\/v2\/posts\/464\/revisions\/468"}],"wp:attachment":[{"href":"https:\/\/www.ulisseland.com\/journal\/wp-json\/wp\/v2\/media?parent=464"}],"wp:term":[{"taxonomy":"category","embeddable":true,"href":"https:\/\/www.ulisseland.com\/journal\/wp-json\/wp\/v2\/categories?post=464"},{"taxonomy":"post_tag","embeddable":true,"href":"https:\/\/www.ulisseland.com\/journal\/wp-json\/wp\/v2\/tags?post=464"}],"curies":[{"name":"wp","href":"https:\/\/api.w.org\/{rel}","templated":true}]}}