{"id":4623,"date":"2012-08-12T17:26:40","date_gmt":"2012-08-12T15:26:40","guid":{"rendered":"http:\/\/www.ulisseland.com\/journal\/?p=4623&#038;lang=it"},"modified":"2012-08-12T17:27:11","modified_gmt":"2012-08-12T15:27:11","slug":"gaeta-no-alla-chiusura-del-tribunale","status":"publish","type":"post","link":"https:\/\/www.ulisseland.com\/journal\/gaeta-no-alla-chiusura-del-tribunale\/","title":{"rendered":"GAETA:  NO ALLA CHIUSURA DEL TRIBUNALE"},"content":{"rendered":"<p><a href=\"https:\/\/www.ulisseland.com\/journal\/wp-content\/uploads\/2012\/08\/Edificio-del-Comune-di-Gaeta.bmp\"><img decoding=\"async\" class=\"alignleft size-full wp-image-4625\" title=\"Edificio del Comune di Gaeta\" src=\"https:\/\/www.ulisseland.com\/journal\/wp-content\/uploads\/2012\/08\/Edificio-del-Comune-di-Gaeta.bmp\" alt=\"\" \/><\/a><\/p>\n<p>A venti anni dai sanguinosi attentati in cui persero la vita i magistrati Falcone e Borsellino, non unici nella lunga catena di morte impressa dalle varie organizzazioni malavitose presenti nel nostro Paese, ancora molto resta da fare perch\u00e9 lo Stato e la societ\u00e0 civile si facciano parte attiva per debellare questo &#8220;cancro sociale&#8221; della criminalit\u00e0 organizzata.<\/p>\n<p>Mentre sul versante istituzionale va sottolineato un notevole sforzo di contrasto da parte di numerosi magistrati, delle forze dell&#8217;ordine e di varie associazioni impegnate a promuovere la giustizia, su quello del vissuto ordinario e della cittadinanza, purtroppo, va registrata una caduta del senso della moralit\u00e0 e della legalit\u00e0 nelle coscienze e nei comportamenti di molti italiani.<\/p>\n<p>La crisi della legalit\u00e0 si manifesta anzitutto nell&#8217;esplosione della grande criminalit\u00e0 organizzata, fornita di ingenti mezzi finanziari e di collusive protezioni, che spadroneggia in varie zone del Paese, impone la sua &#8220;legge&#8221; e il suo potere, attenta alle libert\u00e0 fondamentali dei cittadini, condiziona l&#8217;economia del territorio e le libere iniziative dei singoli, fino a proporsi, talvolta, come Stato di fatto alternativo a quello di diritto. Accanto a queste associazioni malavitose, esiste una nuova criminalit\u00e0 cos\u00ec detta dei &#8220;colletti bianchi&#8221;, che volge a illecito profitto la funzione di autorit\u00e0 di cui \u00e8 investita, impone tangenti a chi chiede anche ci\u00f2 che gli \u00e8 dovuto, realizza collusioni con gruppi di potere occulti e asserve la pubblica amministrazione a interessi di parte.<\/p>\n<p>E&#8217; urgente, quindi, un recupero di legalit\u00e0, il rispetto e la pratica delle leggi, condizioni fondamentali perch\u00e9 vi siano libert\u00e0, giustizia e pace tra gli uomini, nella consapevolezza che la promozione e la difesa della giustizia \u00e8 un compito non solo di coloro che ricoprono posti e funzioni nelle Istituzioni, ma di ogni cittadino, sia pure con rilevanza diversa secondo il ruolo sociale che si riveste.<\/p>\n<p>Una lotta efficace alla criminalit\u00e0 esige certamente una migliore attivit\u00e0 di controllo e di repressione da parte di tutti gli organi preposti all&#8217;ordine pubblico e all&#8217;attuazione della giustizia, come pure la disponibilit\u00e0 dei necessari strumenti materiali e processuali per poter svolgere adeguatamente il proprio compito.<\/p>\n<p>Sorprende, quindi, la decisione contenuta nell&#8217;emendamento approvato dalla Commissione Bilancio del Senato di ridurre il numero dei tribunali minori e le sezioni distaccate, con l&#8217;obiettivo di realizzare un risparmio di spesa e un incremento di efficienza.<\/p>\n<p>Sono coinvolti in questa decisione, quindi a rischio chiusura, anche le sedi distaccate del tribunale di Latina, quelle di Gaeta e Terracina, tutti situati nel Basso Lazio, territorio dove sono gi\u00e0 presenti fenomeni di infiltrazioni della criminalit\u00e0 organizzata, operazioni di riciclaggio ed investimenti di risorse finanziarie provenienti da attivit\u00e0 illecite.<\/p>\n<p>La chiusura delle due sedi giudiziarie determinerebbe un abbassamento del livello di guardia contro l&#8217;avanzamento delle organizzazioni malavitose, oltre al rallentamento di un considerevole numero di procedimenti pendenti e all&#8217;aumento dei costi per tutte le persone che dovranno raggiungere le sedi dei tribunali ordinari rimanenti, creando un grandissimo disagio a tutto il bacino d&#8217;utenza.<\/p>\n<p>Per tali ragioni, la Consulta Diocesana delle Aggregazioni Laicali dell&#8217;Arcidiocesi di Gaeta chiede ai Sindaci dei Comuni situati nel Basso Lazio, al Presidente della Provincia di Latina, ai parlamentari eletti<\/p>\n<p>in questo territorio, di farsi parte attiva presso il Governo, affinch\u00e9 sia scongiurata la chiusura delle sedi distaccate di Gaeta e Terracina.<\/p>\n<p>Nella convinzione che nulla debba restare intentato quando \u00e8 in gioco la salvaguardia della giustizia e che l&#8217;azione politica debba ritornare alla sua funzione originaria, volta a servire il bene di tutti i cittadini con particolare attenzione ai pi\u00f9 deboli, ci auguriamo che questo appello non venga disatteso.<\/p>\n<p>Intanto, in tutto il territorio della provincia di Latina \u00e8 in corso la raccolta di firme per una petizione popolare da inoltrare agli organi competenti per esprimere il pi\u00f9 netto ed incondizionato NO alla chiusura della sede distaccate del Tribunale di Gaeta.<\/p>\n<p>&nbsp;<\/p>\n<p>IL DIRETTORE \u2013 Dott. Sergio Monforte<\/p>\n","protected":false},"excerpt":{"rendered":"<p>A venti anni dai sanguinosi attentati in cui persero la vita i magistrati Falcone e Borsellino, non unici nella lunga catena di morte impressa dalle varie organizzazioni malavitose presenti nel nostro Paese, ancora molto resta da fare perch\u00e9 lo Stato e la societ\u00e0 civile si facciano parte attiva per debellare questo &#8220;cancro sociale&#8221; della criminalit\u00e0<\/p>\n","protected":false},"author":1,"featured_media":0,"comment_status":"open","ping_status":"open","sticky":false,"template":"","format":"standard","meta":{"footnotes":""},"categories":[20,11],"tags":[],"class_list":["post-4623","post","type-post","status-publish","format-standard","hentry","category-comune-di-gaeta","category-enti"],"_links":{"self":[{"href":"https:\/\/www.ulisseland.com\/journal\/wp-json\/wp\/v2\/posts\/4623","targetHints":{"allow":["GET"]}}],"collection":[{"href":"https:\/\/www.ulisseland.com\/journal\/wp-json\/wp\/v2\/posts"}],"about":[{"href":"https:\/\/www.ulisseland.com\/journal\/wp-json\/wp\/v2\/types\/post"}],"author":[{"embeddable":true,"href":"https:\/\/www.ulisseland.com\/journal\/wp-json\/wp\/v2\/users\/1"}],"replies":[{"embeddable":true,"href":"https:\/\/www.ulisseland.com\/journal\/wp-json\/wp\/v2\/comments?post=4623"}],"version-history":[{"count":2,"href":"https:\/\/www.ulisseland.com\/journal\/wp-json\/wp\/v2\/posts\/4623\/revisions"}],"predecessor-version":[{"id":4627,"href":"https:\/\/www.ulisseland.com\/journal\/wp-json\/wp\/v2\/posts\/4623\/revisions\/4627"}],"wp:attachment":[{"href":"https:\/\/www.ulisseland.com\/journal\/wp-json\/wp\/v2\/media?parent=4623"}],"wp:term":[{"taxonomy":"category","embeddable":true,"href":"https:\/\/www.ulisseland.com\/journal\/wp-json\/wp\/v2\/categories?post=4623"},{"taxonomy":"post_tag","embeddable":true,"href":"https:\/\/www.ulisseland.com\/journal\/wp-json\/wp\/v2\/tags?post=4623"}],"curies":[{"name":"wp","href":"https:\/\/api.w.org\/{rel}","templated":true}]}}