{"id":4619,"date":"2012-08-12T16:55:57","date_gmt":"2012-08-12T14:55:57","guid":{"rendered":"http:\/\/www.ulisseland.com\/journal\/?p=4619&#038;lang=it"},"modified":"2012-08-12T16:58:50","modified_gmt":"2012-08-12T14:58:50","slug":"formia-raggiunto-laccordo-sul-nuovo-capolinea-cotral","status":"publish","type":"post","link":"https:\/\/www.ulisseland.com\/journal\/formia-raggiunto-laccordo-sul-nuovo-capolinea-cotral\/","title":{"rendered":"FORMIA: RAGGIUNTO L\u2019ACCORDO SUL NUOVO CAPOLINEA COTRAL"},"content":{"rendered":"<p>\u201cUna riunione positiva e costruttiva che ha consentito alle parti di mettere a punto soluzioni idonee e condivise per un riassetto e riordino generale della sosta in materia di trasporto pubblico su gomma\u201d.<\/p>\n<figure id=\"attachment_2825\" aria-describedby=\"caption-attachment-2825\" style=\"width: 352px\" class=\"wp-caption alignright\"><a href=\"https:\/\/www.ulisseland.com\/journal\/wp-content\/uploads\/2012\/05\/Michele-Forte.jpg\"><img loading=\"lazy\" decoding=\"async\" class=\"size-full wp-image-2825\" title=\"Michele Forte\" src=\"https:\/\/www.ulisseland.com\/journal\/wp-content\/uploads\/2012\/05\/Michele-Forte.jpg\" alt=\"\" width=\"352\" height=\"296\" \/><\/a><figcaption id=\"caption-attachment-2825\" class=\"wp-caption-text\">IL SINDACO DI FORMIA Sen. Michele Forte<\/figcaption><\/figure>\n<p>La dichiarazione del sindaco Forte sintetizza le conclusioni raggiunte in sede di confronto con il responsabile del Cotral spa di Latina Carlo Pretolini.<\/p>\n<p>Al tavolo di discussione, convocato dall\u2019assessore alla mobilit\u00e0 Pasquale Cardillo Cupo, oltre al sindaco di Formia erano presenti altri amministratori del comprensorio e precisamente il sindaco di Spigno Saturnia Franco Simeone; il vice sindaco di San Cosma e Damiano Vincenzo Pretruccelli;\u00a0 l\u2019assessore alla viabilit\u00e0 del Comune di Gaeta Antonio Di Biagio accompagnato dal consigliere comunale Pasquale Ranucci;\u00a0 i componenti della commissione trasporti del Comune di Formia Scafetta Luigi, Perrone Fulvio, Ciccolella Augusto; i rappresentanti sindacali del Cotral\u00a0 Renzo Coppini e Crocetta Emiliano.<\/p>\n<p>In apertura di seduta il sindaco Forte ha illustrato ai presenti \u2013 grafico alla mano \u2013 il progetto di riqualificazione della piazza. Un\u2019opera di valorizzazione ambientale finalizzata a privilegiare gli spazi\u00a0 pedonali e l\u2019accoglienza delle persone.<\/p>\n<p>In tale contesto l\u2019area antistante l\u2019impianto ferroviario non \u00e8 pi\u00f9 fruibile come capolinea per la sosta dei bus di linea del Cotral. Ci\u00f2 non significa interdire\u00a0 i collegamenti con la stazione ferroviaria. Tutti i mezzi di trasporto pubblico su gomma avranno la possibilit\u00e0 di fare scalo per i passeggeri\u00a0 in arrivo sul piazzale IV Novembre per poi raggiungere l\u2019area del Molo Vespucci per la sosta. L\u2019ipotesi di un servizio navetta di collegamento tra l\u2019area portuale e la stazione \u00e8 stata bocciata dal sindaco Forte. Allo stesso modo il dirigente del Cotral Spa Petrolini ha respinto per ragioni tariffarie e di sicurezza un eventuale servizio navetta di interscambio effettuato dagli automezzi del Cotral dalla stazione FS al capolinea del Vespucci.<\/p>\n<p>L\u2019ipotesi che alla fine \u00e8 prevalsa \u00e8 salvaguardare il collegamento diretto con Gaeta, il bacino pendolare di utenza pi\u00f9 consistente con 33 corse giornaliere. Per il sindaco \u00e8 possibile utilizzare anche sulla nuova piazza due postazioni in funzione del servizio di linea per Gaeta e per il trasporto locale dell\u2019ATP. Per tutti gli altri mezzi la sosta \u00e8 obbligatoria al Vespucci. Ed a proposito di area di sosta portuale il sindaco ha dato la sua disponibilit\u00e0 nel ricercare una localizzazione diversa dall\u2019attuale prevista lato mare\u00a0 per consentire ai bus di manovrare in sicurezza. Per l\u2019occasione saranno potenziati anche i servizi igienici<strong>. La novit\u00e0 in assoluto venuta fuori dalla riunione di ieri riguarda lo sgombro della sosta dei bus a via XXIV Maggio con spostamento al Vespucci. Un\u2019ordinanza ad hoc del sindaco \u00e8 prevista per le prossime ore. La decisione che sar\u00e0 adottata salva il servizio Cotral per Gaeta\u00a0 che potr\u00e0 fruire di uno spazio di sosta all\u2019interno del piazzale IV Novembre.<\/strong> Per approfondire e definire altri aspetti organizzativi tesi a migliorare ed ottimizzare la gestione del trasporto pubblico\u00a0 \u00e8 stata convocata dal sindaco per gioved\u00ec 30 agosto una riunione con il dipartimento mobilit\u00e0 e trasporti della Regione Lazio, l\u2019ufficio locale marittimo della capitaneria di porto ed il Cotral Spa.<\/p>\n<p>&nbsp;<\/p>\n<p align=\"center\"><strong>La soddisfazione del Sindaco di Gaeta Cosmo Mitrano:<\/strong><\/p>\n<p>&nbsp;<\/p>\n<p>I viaggiatori della linea Gaeta-Formia-Gaeta che utilizzano i bus del Cotral per recarsi alla stazione ferroviaria di Formia non avranno pi\u00f9 disagi, anzi saranno privilegiati rispetto ai viaggiatori delle citt\u00e0 limitrofe che giungono o partono da Formia. Attualmente, i bus provenienti da Gaeta, dopo le operazioni di sbarco dei passeggeri nel piazzale antistante la stazione, si dirigono al capolinea del molo Vespucci essendo in corso di sistemazione e ristrutturazione i lavori nel piazzale antistante lo scalo ferroviario. Per i passeggeri che scendono dai treni e diretti a Gaeta, un bus sar\u00e0 comunque nel piazzale ad attenderli. Al termine dei lavori di riqualificazione di piazzale IV Novembre, i soli bus con destinazione o provenienza Gaeta avranno a disposizione due o tre stalli dove sostare: sar\u00e0 questo il loro definitivo capolinea formiano.<\/p>\n<p>\u00c8 molto soddisfatto il sindaco Cosmo Mitrano di questo risultato scaturito dall\u2019incontro svoltosi il 6 agosto nel palazzo comunale di Formia dove amministratori delle citt\u00e0 limitrofe e responsabili del Cotral hanno discusso sullo stazionamento dei mezzi pubblici presso il molo Vespucci. Alla riunione, presieduta dal sindaco di Formia Michele Forte, erano presenti per il Comune di Gaeta l\u2019assessore ai trasporti Antonio Di Biagio ed il consigliere comunale Pasquale Ranucci. Su 146 corse effettuate dal Cotral nel sud pontino, 43 interessano la linea da\/a Gaeta, che rappresenta la pi\u00f9 alta percentuale rispetto alle altre linee di trasporto pubblico. Si concretizza cos\u00ec l\u2019impegno preso da Mitrano in campagna elettorale allorquando aveva gi\u00e0 avuto modo di rappresentare al sindaco Forte l\u2019esigenza di evitare i disagi subiti dai viaggiatori gaetani, in particolare dai pendolari.<\/p>\n<p>IL DIRETTORE &#8211; Dott. Sergio Monforte<\/p>\n","protected":false},"excerpt":{"rendered":"<p>\u201cUna riunione positiva e costruttiva che ha consentito alle parti di mettere a punto soluzioni idonee e condivise per un riassetto e riordino generale della sosta in materia di trasporto pubblico su gomma\u201d. La dichiarazione del sindaco Forte sintetizza le conclusioni raggiunte in sede di confronto con il responsabile del Cotral spa di Latina Carlo<\/p>\n","protected":false},"author":1,"featured_media":0,"comment_status":"open","ping_status":"open","sticky":false,"template":"","format":"standard","meta":{"footnotes":""},"categories":[14,11],"tags":[],"class_list":["post-4619","post","type-post","status-publish","format-standard","hentry","category-comune-di-formia","category-enti"],"_links":{"self":[{"href":"https:\/\/www.ulisseland.com\/journal\/wp-json\/wp\/v2\/posts\/4619","targetHints":{"allow":["GET"]}}],"collection":[{"href":"https:\/\/www.ulisseland.com\/journal\/wp-json\/wp\/v2\/posts"}],"about":[{"href":"https:\/\/www.ulisseland.com\/journal\/wp-json\/wp\/v2\/types\/post"}],"author":[{"embeddable":true,"href":"https:\/\/www.ulisseland.com\/journal\/wp-json\/wp\/v2\/users\/1"}],"replies":[{"embeddable":true,"href":"https:\/\/www.ulisseland.com\/journal\/wp-json\/wp\/v2\/comments?post=4619"}],"version-history":[{"count":3,"href":"https:\/\/www.ulisseland.com\/journal\/wp-json\/wp\/v2\/posts\/4619\/revisions"}],"predecessor-version":[{"id":4621,"href":"https:\/\/www.ulisseland.com\/journal\/wp-json\/wp\/v2\/posts\/4619\/revisions\/4621"}],"wp:attachment":[{"href":"https:\/\/www.ulisseland.com\/journal\/wp-json\/wp\/v2\/media?parent=4619"}],"wp:term":[{"taxonomy":"category","embeddable":true,"href":"https:\/\/www.ulisseland.com\/journal\/wp-json\/wp\/v2\/categories?post=4619"},{"taxonomy":"post_tag","embeddable":true,"href":"https:\/\/www.ulisseland.com\/journal\/wp-json\/wp\/v2\/tags?post=4619"}],"curies":[{"name":"wp","href":"https:\/\/api.w.org\/{rel}","templated":true}]}}