{"id":4590,"date":"2012-08-02T15:10:17","date_gmt":"2012-08-02T13:10:17","guid":{"rendered":"http:\/\/www.ulisseland.com\/journal\/?p=4590&#038;lang=it"},"modified":"2012-08-02T15:10:52","modified_gmt":"2012-08-02T13:10:52","slug":"formia-capolinea-mezzi-pubblici-vertice-dei-sindaci-in-comune","status":"publish","type":"post","link":"https:\/\/www.ulisseland.com\/journal\/formia-capolinea-mezzi-pubblici-vertice-dei-sindaci-in-comune\/","title":{"rendered":"FORMIA: CAPOLINEA MEZZI PUBBLICI- VERTICE DEI SINDACI IN COMUNE"},"content":{"rendered":"<figure id=\"attachment_4333\" aria-describedby=\"caption-attachment-4333\" style=\"width: 219px\" class=\"wp-caption alignleft\"><a href=\"https:\/\/www.ulisseland.com\/journal\/wp-content\/uploads\/2012\/07\/assessore_CARDILLO_CUPO_Pasquale.jpg\"><img loading=\"lazy\" decoding=\"async\" class=\"size-medium wp-image-4333\" title=\"assessore_CARDILLO_CUPO_Pasquale\" src=\"https:\/\/www.ulisseland.com\/journal\/wp-content\/uploads\/2012\/07\/assessore_CARDILLO_CUPO_Pasquale-219x300.jpg\" alt=\"\" width=\"219\" height=\"300\" srcset=\"https:\/\/www.ulisseland.com\/journal\/wp-content\/uploads\/2012\/07\/assessore_CARDILLO_CUPO_Pasquale-219x300.jpg 219w, https:\/\/www.ulisseland.com\/journal\/wp-content\/uploads\/2012\/07\/assessore_CARDILLO_CUPO_Pasquale-750x1024.jpg 750w, https:\/\/www.ulisseland.com\/journal\/wp-content\/uploads\/2012\/07\/assessore_CARDILLO_CUPO_Pasquale-600x818.jpg 600w, https:\/\/www.ulisseland.com\/journal\/wp-content\/uploads\/2012\/07\/assessore_CARDILLO_CUPO_Pasquale.jpg 1229w\" sizes=\"auto, (max-width: 219px) 100vw, 219px\" \/><\/a><figcaption id=\"caption-attachment-4333\" class=\"wp-caption-text\">L&#39;Assessore Pasquale Cardillo Cupo<\/figcaption><\/figure>\n<p>I pullman non potranno mai pi\u00f9 sostare nel piazzale della stazione ferroviaria, anche per la completa riqualificazione del piazzale antistante ; a breve, prima di settembre, anche il servizio di capolinea Formia \u2013 Gaeta, oggi situato in Via XXIV Maggio, verr\u00e0 spostato, unitamente a tutti gli altri mezzi pubblici, nel piazzale di Molo Vespucci.<\/p>\n<p>Sono queste le due principali ed ufficiali decisioni cui \u00e8 pervenuta la conferenza dei sindaci e dei delegati ai trasporti ed alla mobilit\u00e0 dell\u2019intero comprensorio del sud pontino, convocata dall\u2019assessore ai trasporti Pasquale Cardillo Cupo, tenutasi presso la sala\u00a0 \u201cA. Sicurezza\u201d del Comune di Formia.<\/p>\n<p>Alla riunione, assai proficua e collaborativa, sono intervenuti l\u2019Assessore del\u00a0 Comune di Minturno, ed i Sindaci di Castelforte, Santi Cosma e Damiano, Castelnuovo Parano, Spigno Saturnia, e per le vie brevi Terracina.<\/p>\n<p>Per il Comune di Formia erano presenti, oltre all\u2019assessore Cardillo Cupo, il sindaco Michele Forte, i membri della commissione consiliare Trasporti ed il Comandante della Polizia Municipale Rosanna Picano.<\/p>\n<p>In apertura dei lavori l\u2019assessore Cardillo Cupo ha illustrato la documentazione grafica relativa ai lavori in corso di svolgimento presso il piazzale antistante la stazione ferroviaria, ribadendo altres\u00ec l\u2019impossibilit\u00e0 di sosta dei mezzi pubblici, una volta ultimati i lavori medesimi, nel piazzale \u201cIV Novembre\u201d.<\/p>\n<p>Nel corso dell\u2019incontro \u00e8 stato chiarito come dal mese di settembre non sar\u00e0 pi\u00f9 possibile per gli autobus effettuare il capolinea alla stazione ferroviaria che verr\u00e0 definitivamente delocalizzato in piazzale Amerigo Vespucci.<\/p>\n<p>Una decisione quest\u2019ultima resasi necessaria per ragioni di sicurezza ed anche per eliminare tutte le criticit\u00e0 della viabilit\u00e0 urbana ed i disagi lamentati dai residenti di via XXIV Maggio e delle arterie limitrofe.<\/p>\n<p>Nel corso dell\u2019incontro \u00e8 stato, altres\u00ec, evidenziato che per garantire a pendolari e studenti una piena mobilit\u00e0, il Cotral sar\u00e0 invitato a fungere da navetta naturale, ovvero accompagnando i viaggiatori sulla stazione, ed una volta discesi questi, a far salire gli altri pendolari in attesa per condurli sino al capolinea Vespucci. In tal modo si potr\u00e0 evitare di istituire una apposita navetta, con un grosso risparmio di costi per tutti i Comuni del comprensorio.<\/p>\n<p>La proposta di spostamento definitivo al Molo Vespucci, avanzata dal sindaco Michele Forte ed accolta all\u2019unanimit\u00e0 da tutti i partecipanti all\u2019incontro, verr\u00e0 illustrata ai massimi dirigenti del Cotral nel corso di un incontro convocato per luned\u00ec 6 agosto alle ore 17:00, avente ad oggetto \u201cProblematiche relative allo stazionamento dei mezzi pubblici presso il molo Vespucci\u201d .<\/p>\n<p>La presa di posizione di tutti i sindaci \u00e8 stata quella di fare fronte comune ed invitare il Cotral alla prossima riunione affinch\u00e9 prenda atto delle necessit\u00e0 della comunit\u00e0 locale, svolgendo anche quel ruolo di navetta naturale che sino ad oggi non \u00e8 mai stato attuato.<\/p>\n<p>IL DIRETTORE \u2013 Dott. Sergio MONFORTE<\/p>\n","protected":false},"excerpt":{"rendered":"<p>I pullman non potranno mai pi\u00f9 sostare nel piazzale della stazione ferroviaria, anche per la completa riqualificazione del piazzale antistante ; a breve, prima di settembre, anche il servizio di capolinea Formia \u2013 Gaeta, oggi situato in Via XXIV Maggio, verr\u00e0 spostato, unitamente a tutti gli altri mezzi pubblici, nel piazzale di Molo Vespucci. Sono<\/p>\n","protected":false},"author":1,"featured_media":0,"comment_status":"open","ping_status":"open","sticky":false,"template":"","format":"standard","meta":{"footnotes":""},"categories":[14,11],"tags":[],"class_list":["post-4590","post","type-post","status-publish","format-standard","hentry","category-comune-di-formia","category-enti"],"_links":{"self":[{"href":"https:\/\/www.ulisseland.com\/journal\/wp-json\/wp\/v2\/posts\/4590","targetHints":{"allow":["GET"]}}],"collection":[{"href":"https:\/\/www.ulisseland.com\/journal\/wp-json\/wp\/v2\/posts"}],"about":[{"href":"https:\/\/www.ulisseland.com\/journal\/wp-json\/wp\/v2\/types\/post"}],"author":[{"embeddable":true,"href":"https:\/\/www.ulisseland.com\/journal\/wp-json\/wp\/v2\/users\/1"}],"replies":[{"embeddable":true,"href":"https:\/\/www.ulisseland.com\/journal\/wp-json\/wp\/v2\/comments?post=4590"}],"version-history":[{"count":2,"href":"https:\/\/www.ulisseland.com\/journal\/wp-json\/wp\/v2\/posts\/4590\/revisions"}],"predecessor-version":[{"id":4592,"href":"https:\/\/www.ulisseland.com\/journal\/wp-json\/wp\/v2\/posts\/4590\/revisions\/4592"}],"wp:attachment":[{"href":"https:\/\/www.ulisseland.com\/journal\/wp-json\/wp\/v2\/media?parent=4590"}],"wp:term":[{"taxonomy":"category","embeddable":true,"href":"https:\/\/www.ulisseland.com\/journal\/wp-json\/wp\/v2\/categories?post=4590"},{"taxonomy":"post_tag","embeddable":true,"href":"https:\/\/www.ulisseland.com\/journal\/wp-json\/wp\/v2\/tags?post=4590"}],"curies":[{"name":"wp","href":"https:\/\/api.w.org\/{rel}","templated":true}]}}