{"id":456,"date":"2012-03-06T16:28:23","date_gmt":"2012-03-06T16:28:23","guid":{"rendered":"http:\/\/www.ulisseland.com\/journal\/?p=456&#038;lang=it"},"modified":"2012-03-28T11:58:13","modified_gmt":"2012-03-28T11:58:13","slug":"la-nuova-sanita-del-golfo","status":"publish","type":"post","link":"https:\/\/www.ulisseland.com\/journal\/la-nuova-sanita-del-golfo\/","title":{"rendered":"FORMIA: la nuova sanit\u00e0 del Golfo"},"content":{"rendered":"<p style=\"text-align: justify;\"><a href=\"https:\/\/www.ulisseland.com\/journal\/wp-content\/uploads\/2012\/03\/HPIM1295-e1331050580569.jpg\"><img loading=\"lazy\" decoding=\"async\" class=\"alignleft size-full wp-image-452\" title=\"HPIM1295\" src=\"https:\/\/www.ulisseland.com\/journal\/wp-content\/uploads\/2012\/03\/HPIM1295-e1331050580569.jpg\" alt=\"\" width=\"348\" height=\"260\" \/><\/a>\u201cRazionalizzazione delle risorse, riconversione delle strutture e potenziamento dei servizi\u201d: in questo triplice obiettivo si possono sintetizzare le direttrici della nuova sanit\u00e0 del Lazio ed in particolare del sud pontino, in attesa sempre della realizzazione del policlinico del Golfo. Se ne \u00e8 parlato nel corso del vertice tenutosi luned\u00ec mattina, presso la sala conferenze del presidio ospedaliero \u201cDono Svizzero\u201d di Formia, tra il sindaco Michele Forte, il direttore generale della As di Latina, Renato Sponzilli, il direttore sanitario dell\u2019azienda, Ennio Cassetta, l\u2019assessore regionale alle Politiche sociali, Aldo Forte ed il direttore del presidio, Pasquale Montesano, alla presenza del personale medico ed infermieristico. Innanzitutto, c\u2019\u00e8 da sottolineare che il Centro trasfusionale di Formia non chiuder\u00e0, come ufficialmente dichiarato dal sindaco Forte e dallo stesso direttore generale della Asl, Renato Sponzilli, che ha fornito le sue rassicurazioni sul mantenimento dell\u2019attuale organizzazione, con tutte le attivit\u00e0 e funzioni oggi presenti nella struttura. D\u2019altronde, nel Lazio il Centro trasfusionale di Formia rappresenta un\u2019eccellenza e la Regione ne \u00e8 ben consapevole.<br \/>\nForte ha poi allargato il discorso parlando della situazione generale dell\u2019ospedale Dono Svizzero: \u201cLe notizie che sono circolate in questi giorni su chiusure di servizi e sul presunto ridimensionamento dell\u2019ospedale di Formia sono del tutto infondate, ha affermato il sindaco, anzi, come anticipato anche dall\u2019assessore regionale, presto verr\u00e0 riaperta la struttura di Urologia, dove arriver\u00e0 un dirigente medico dell\u2019ospedale Santa Maria Goretti di Latina, che prender\u00e0 il posto del primario recentemente andato in pensione. Inoltre, non ci saranno reparti trasferiti da Formia a Fondi, a cominciare da quello di Ostretricia e Ginecologia, per il quale verr\u00e0 assunto un nuovo ginecologo per compensare le attuali difficolt\u00e0. Ed ancora, a Gaeta verr\u00e0 aperto il reparto di Riabilitazione, mentre al Dono Svizzero di Formia \u00e8 gi\u00e0 arrivato il nuovo primario di Chirurgia, il dott. Baiano, stimato professionista finora in servizio a Fondi.<a href=\"https:\/\/www.ulisseland.com\/journal\/wp-content\/uploads\/2012\/03\/formiaArchivio-309-e1331051203780.jpg\"><img loading=\"lazy\" decoding=\"async\" class=\"alignright  wp-image-458\" title=\"formiaArchivio 309\" src=\"https:\/\/www.ulisseland.com\/journal\/wp-content\/uploads\/2012\/03\/formiaArchivio-309-e1331051203780.jpg\" alt=\"\" width=\"295\" height=\"197\" \/><\/a><br \/>\n\u201cAd ogni modo, ha proseguito il sindaco Forte, con il direttore generale non abbiamo parlato solo di una politica di mantenimento dell\u2019esistente, ma anche del potenziamento del Dono Svizzero: sia con investimenti sui reparti gi\u00e0 attivi, sia con l\u2019attivazione di nuovi servizi. Sul primo fronte, stiamo lavorando per ottenere il passaggio dagli attuali due medici che prestano servizio presso l\u2019Emodinamica a quattro. In questo modo, la struttur\u00e0 sar\u00e0 operativa dagli attuali cinque giorni a settimana a sei e, soprattutto, dalle attuali sette ore al giorno a dodici. Rafforziamo, quindi, una struttura di importanza strategica per i pazienti con infarto. In pi\u00f9, \u00e8 emersa l\u2019opportunit\u00e0 di ampliare l\u2019offerta sanitaria con altre attivit\u00e0: mi riferisco all\u2019attivazione della Chirurgia vascolare e all\u2019utilizzazione del presidio di Formia per la Chirurgia toracica e per grandi interventi chirurgici\u201d.<br \/>\nInfine, l\u2019intero territorio del sud pontino potr\u00e0 beneficiare a breve anche della commissione decentrata per il rinnovo delle patenti, che attualmente si trova a Latina. Questo consentir\u00e0 alle persone con 80 anni ed oltre, residenti nel comprensorio, di non doversi recare nel capoluogo di provincia per sottoporsi alle indagini e alle procedure necessarie, mentre per quanto riguarda il nuovo ospedale del Golfo, esso sar\u00e0 realizzato attraverso un project-finance, cos\u00ec com\u2019\u00e8 stato fatto nel Veneto ed in Lombardia.<br \/>\n\u201cNonostante il piano di rientro, quindi, ha concluso Forte, stiamo cercando di tutelare il pi\u00f9 possibile il Dono Svizzero. D\u2019altronde, l\u2019ospedale di Formia non rappresenta un punto di riferimento importante solo per la nostra citt\u00e0, ma per tutto il comprensorio. Proprio per questa ragione, invece di inutili proteste che creano solo facili allarmismi, ritengo molto pi\u00f9 produttivo dialogare e portare avanti uniti quello che \u00e8 l\u2019interesse di tutti, ovvero garantire i servizi e il diritto alle cure dei cittadini\u201d.<\/p>\n<p style=\"text-align: justify;\">Il Direttore<\/p>\n<p style=\"text-align: justify;\">Dott.\u00a0Sergio Monforte<\/p>\n<p style=\"text-align: justify;\"><a href=\"http:\/\/www.virtualcity3d.it\/dettaglioluogo.aspx?id=74&amp;dbdd=1&amp;comune=formia.db&amp;sferic=6330011_20090722_154314_796875_15339\"><img loading=\"lazy\" decoding=\"async\" class=\"aligncenter size-full wp-image-266\" title=\"Formia Virtual City 3D\" src=\"https:\/\/www.ulisseland.com\/journal\/wp-content\/uploads\/2012\/02\/Virtual-City-formia3D-e1329900593809.jpg\" alt=\"\" width=\"250\" height=\"257\" \/><\/a><\/p>\n","protected":false},"excerpt":{"rendered":"<p>\u201cRazionalizzazione delle risorse, riconversione delle strutture e potenziamento dei servizi\u201d: in questo triplice obiettivo si possono sintetizzare le direttrici della nuova sanit\u00e0 del Lazio ed in particolare del sud pontino, in attesa sempre della realizzazione del policlinico del Golfo. Se ne \u00e8 parlato nel corso del vertice tenutosi luned\u00ec mattina, presso la sala conferenze del<\/p>\n","protected":false},"author":1,"featured_media":0,"comment_status":"open","ping_status":"open","sticky":false,"template":"","format":"standard","meta":{"footnotes":""},"categories":[22],"tags":[],"class_list":["post-456","post","type-post","status-publish","format-standard","hentry","category-sanita"],"_links":{"self":[{"href":"https:\/\/www.ulisseland.com\/journal\/wp-json\/wp\/v2\/posts\/456","targetHints":{"allow":["GET"]}}],"collection":[{"href":"https:\/\/www.ulisseland.com\/journal\/wp-json\/wp\/v2\/posts"}],"about":[{"href":"https:\/\/www.ulisseland.com\/journal\/wp-json\/wp\/v2\/types\/post"}],"author":[{"embeddable":true,"href":"https:\/\/www.ulisseland.com\/journal\/wp-json\/wp\/v2\/users\/1"}],"replies":[{"embeddable":true,"href":"https:\/\/www.ulisseland.com\/journal\/wp-json\/wp\/v2\/comments?post=456"}],"version-history":[{"count":6,"href":"https:\/\/www.ulisseland.com\/journal\/wp-json\/wp\/v2\/posts\/456\/revisions"}],"predecessor-version":[{"id":925,"href":"https:\/\/www.ulisseland.com\/journal\/wp-json\/wp\/v2\/posts\/456\/revisions\/925"}],"wp:attachment":[{"href":"https:\/\/www.ulisseland.com\/journal\/wp-json\/wp\/v2\/media?parent=456"}],"wp:term":[{"taxonomy":"category","embeddable":true,"href":"https:\/\/www.ulisseland.com\/journal\/wp-json\/wp\/v2\/categories?post=456"},{"taxonomy":"post_tag","embeddable":true,"href":"https:\/\/www.ulisseland.com\/journal\/wp-json\/wp\/v2\/tags?post=456"}],"curies":[{"name":"wp","href":"https:\/\/api.w.org\/{rel}","templated":true}]}}