{"id":4486,"date":"2012-07-29T16:34:12","date_gmt":"2012-07-29T14:34:12","guid":{"rendered":"http:\/\/www.ulisseland.com\/journal\/?p=4486&#038;lang=it"},"modified":"2012-07-29T16:34:12","modified_gmt":"2012-07-29T14:34:12","slug":"spigno-saturnia-consiglio-positivo-per-la-xvii-comunita-montana","status":"publish","type":"post","link":"https:\/\/www.ulisseland.com\/journal\/spigno-saturnia-consiglio-positivo-per-la-xvii-comunita-montana\/","title":{"rendered":"SPIGNO SATURNIA: CONSIGLIO POSITIVO PER LA XVII COMUNITA\u2019 MONTANA"},"content":{"rendered":"<p>Positivo esito della riunione del Consiglio della XVII Comunit\u00e0 Montana \u201cMonti Aurunci\u201d svoltosi presso la sala consiliare del Comune di Spigno Saturnia a seguito convocazione del Presidente del Consiglio Giovanni Erbinucci.<\/p>\n<figure id=\"attachment_4487\" aria-describedby=\"caption-attachment-4487\" style=\"width: 300px\" class=\"wp-caption alignright\"><a href=\"https:\/\/www.ulisseland.com\/journal\/wp-content\/uploads\/2012\/07\/Spigno-Palazzo-Comunale.jpg\"><img loading=\"lazy\" decoding=\"async\" class=\"size-medium wp-image-4487\" title=\"Spigno - Palazzo Comunale\" src=\"https:\/\/www.ulisseland.com\/journal\/wp-content\/uploads\/2012\/07\/Spigno-Palazzo-Comunale-300x225.jpg\" alt=\"\" width=\"300\" height=\"225\" srcset=\"https:\/\/www.ulisseland.com\/journal\/wp-content\/uploads\/2012\/07\/Spigno-Palazzo-Comunale-300x225.jpg 300w, https:\/\/www.ulisseland.com\/journal\/wp-content\/uploads\/2012\/07\/Spigno-Palazzo-Comunale-600x450.jpg 600w, https:\/\/www.ulisseland.com\/journal\/wp-content\/uploads\/2012\/07\/Spigno-Palazzo-Comunale.jpg 640w\" sizes=\"auto, (max-width: 300px) 100vw, 300px\" \/><\/a><figcaption id=\"caption-attachment-4487\" class=\"wp-caption-text\">Palazzo Comunale di Spigno Saturnia sede Assemblea XVII Comunit\u00e0 Montana<\/figcaption><\/figure>\n<p>Presenti i rappresentanti dei Comuni di Formia, Gaeta, Itri,\u00a0 Minturno, Santi Cosma e Damiano e Spigno Saturnia (assenti giustificati quelli del Comune di Castelforte) il Consiglio della XVII Comunit\u00e0 Montana \u201cMonti Aurunci\u201d ha approvato diversi importanti argomenti, di natura finanziaria e di natura operativa.<\/p>\n<p>In particolare il Consiglio per la parte finanziaria ha approvato il rendiconto di gestione dell\u2019esercizio finanziario dell\u2019anno 2011, nonch\u00e9 la salvaguardia degli equilibri di bilancio dell\u2019esercizio finanziario dell\u2019anno 2012, mentre per la parte operativa ha approvato il progetto \u201cLe Vie dei Pastori degli Aurunci \u2013 da Suio a Campello\u201d, le determinazioni preliminari del piano di intervento dell\u2019anno 2012, finanziato con il fondo nazionale per la montagna, e del progetto speciale integrato dell\u2019anno 2012, finanziato con i fondi della legge regionale sulla montagna.<\/p>\n<p>A latere della riunione consiliare \u00e8 stata approvata una mozione per la salvaguardia occupazionale dei lavoratori LSU della provincia di Latina, attualmente privi di lavoro e di reddito, per sollecitare la Regione Lazio ad azioni concrete a favore di detti lavoratori.<\/p>\n<p>Nel corso dei lavori consiliari il Presidente della Comunit\u00e0 Montana, Nicola Riccardelli, ha fornito diverse comunicazioni ai consiglieri comunitari sulle varie attivit\u00e0 in corso in svolgimento della Comunit\u00e0 Montana tra cui il Festival degli Aurunci \u201cLa Montagna Armonica\u201d previsto per i giorni 9\/12 agosto 2012 in localit\u00e0 Pornito nella frazione di Maranola del Comune di Formia, con inaugurazione dell\u2019Area del Pellegrino realizzata dalla Comunit\u00e0 Montana. Un evento \u2013 ha evidenziato il Presidente Riccardelli &#8211; reso possibile grazie al sostegno della Regione Lazio, Assessorato Politiche Sociali, della Provincia di Latina, dei Comuni della Comunit\u00e0 Montana, e delle tante Associazioni coinvolte in tale manifestazione.<\/p>\n<p>IL DIRETTORE &#8211; Dott. Sergio Monforte<\/p>\n","protected":false},"excerpt":{"rendered":"<p>Positivo esito della riunione del Consiglio della XVII Comunit\u00e0 Montana \u201cMonti Aurunci\u201d svoltosi presso la sala consiliare del Comune di Spigno Saturnia a seguito convocazione del Presidente del Consiglio Giovanni Erbinucci. Presenti i rappresentanti dei Comuni di Formia, Gaeta, Itri,\u00a0 Minturno, Santi Cosma e Damiano e Spigno Saturnia (assenti giustificati quelli del Comune di Castelforte)<\/p>\n","protected":false},"author":1,"featured_media":0,"comment_status":"open","ping_status":"open","sticky":false,"template":"","format":"standard","meta":{"footnotes":""},"categories":[28,11],"tags":[],"class_list":["post-4486","post","type-post","status-publish","format-standard","hentry","category-comune-di-spigno-saturnia","category-enti"],"_links":{"self":[{"href":"https:\/\/www.ulisseland.com\/journal\/wp-json\/wp\/v2\/posts\/4486","targetHints":{"allow":["GET"]}}],"collection":[{"href":"https:\/\/www.ulisseland.com\/journal\/wp-json\/wp\/v2\/posts"}],"about":[{"href":"https:\/\/www.ulisseland.com\/journal\/wp-json\/wp\/v2\/types\/post"}],"author":[{"embeddable":true,"href":"https:\/\/www.ulisseland.com\/journal\/wp-json\/wp\/v2\/users\/1"}],"replies":[{"embeddable":true,"href":"https:\/\/www.ulisseland.com\/journal\/wp-json\/wp\/v2\/comments?post=4486"}],"version-history":[{"count":1,"href":"https:\/\/www.ulisseland.com\/journal\/wp-json\/wp\/v2\/posts\/4486\/revisions"}],"predecessor-version":[{"id":4488,"href":"https:\/\/www.ulisseland.com\/journal\/wp-json\/wp\/v2\/posts\/4486\/revisions\/4488"}],"wp:attachment":[{"href":"https:\/\/www.ulisseland.com\/journal\/wp-json\/wp\/v2\/media?parent=4486"}],"wp:term":[{"taxonomy":"category","embeddable":true,"href":"https:\/\/www.ulisseland.com\/journal\/wp-json\/wp\/v2\/categories?post=4486"},{"taxonomy":"post_tag","embeddable":true,"href":"https:\/\/www.ulisseland.com\/journal\/wp-json\/wp\/v2\/tags?post=4486"}],"curies":[{"name":"wp","href":"https:\/\/api.w.org\/{rel}","templated":true}]}}