{"id":4438,"date":"2012-07-25T18:42:14","date_gmt":"2012-07-25T16:42:14","guid":{"rendered":"http:\/\/www.ulisseland.com\/journal\/?p=4438&#038;lang=it"},"modified":"2012-11-30T12:43:50","modified_gmt":"2012-11-30T11:43:50","slug":"comune-di-ponza-finalmente-e-operativo-lelisoccorso-gestito-dallares","status":"publish","type":"post","link":"https:\/\/www.ulisseland.com\/journal\/comune-di-ponza-finalmente-e-operativo-lelisoccorso-gestito-dallares\/","title":{"rendered":"COMUNE DI PONZA &#8211; FINALMENTE  E\u2019 OPERATIVO L\u2019ELISOCCORSO GESTITO DALL\u2019ARES"},"content":{"rendered":"<figure id=\"attachment_4441\" aria-describedby=\"caption-attachment-4441\" style=\"width: 260px\" class=\"wp-caption alignleft\"><a href=\"https:\/\/www.ulisseland.com\/journal\/wp-content\/uploads\/2012\/07\/Piero_Vigorelli.jpg\"><img loading=\"lazy\" decoding=\"async\" class=\"size-medium wp-image-4441\" title=\"Piero_Vigorelli\" src=\"https:\/\/www.ulisseland.com\/journal\/wp-content\/uploads\/2012\/07\/Piero_Vigorelli-260x300.jpg\" alt=\"\" width=\"260\" height=\"300\" srcset=\"https:\/\/www.ulisseland.com\/journal\/wp-content\/uploads\/2012\/07\/Piero_Vigorelli-260x300.jpg 260w, https:\/\/www.ulisseland.com\/journal\/wp-content\/uploads\/2012\/07\/Piero_Vigorelli.jpg 543w\" sizes=\"auto, (max-width: 260px) 100vw, 260px\" \/><\/a><figcaption id=\"caption-attachment-4441\" class=\"wp-caption-text\">Il Sindaco Piero Vigorelli<\/figcaption><\/figure>\n<p>\u201cDopo 13 anni di progetti, sogni e chiacchiere, da ieri pomeriggio Ponza pu\u00f2 festeggiare una nuova grande svolta per la salute dei suoi cittadini e dei tanti turisti che affollano l\u2019isola\u201d,\u00a0 afferma il sindaco Piero Vigorelli: \u201cDa ieri pomeriggio dall\u2019alba al tramonto e da venerd\u00ec anche nelle ore notturne, i pazienti gravi che hanno bisogno di cure specifiche saranno elitrasportati dall\u2019Ares 118\u201d.<\/p>\n<p>\u201cE\u2019 la fine di un\u2019epoca di disagi, &#8211; continua Vigorelli. Basta con i trasporti notturni via mare assicurati lodevolmente dalla Capitaneria o dai Carabinieri, con tre ore di navigazione pi\u00f9 una buona ora con l\u2019ambulanza sul continente per il trasporto in ospedale. Basta ancora con l\u2019attesa anche di quattro ore per l\u2019arrivo di un elicottero militare per il trasporto sul continente. Da ieri e per i prossimi anni, basteranno 30 minuti per l\u2019arrivo dell\u2019elicottero e altrettanti per il trasporto sul continente. Ora s\u00ec che il diritto alla salute \u00e8 molto pi\u00f9 garantito a Ponza\u201d.<\/p>\n<p>Ieri mattina infatti, nella sede dell\u2019Ares 118 a Roma in via Portuense, si sono riuniti i dirigenti dell\u2019Associazione \u00a0con l\u2019Aeronautica Militare, l\u2019Elitaliana, il sindaco di Ponza e l\u2019Esperia Aviation Service, la societ\u00e0 che ha costruito su licenza della precedente Amministrazione comunale una moderna elisuperficie a Ponza in localit\u00e0 Pian delle Viole, a poca distanza dal Poliambulatorio dell\u2019isola. Al termine della riunione \u00e8 stata raggiunta agevolmente l\u2019intesa che accorda all\u2019Ares 118 \u201c<span style=\"text-decoration: underline;\">la precedenza assoluta su tutti<\/span>\u201d per i voli HEMS (Helicopter Emergency Medical Service) e quelli coordinati dall\u2019Aeronautica Militare di altri Enti quali Carabinieri, Guardia di Finanza, Polizia di Stato.<\/p>\n<p><figure id=\"attachment_4439\" aria-describedby=\"caption-attachment-4439\" style=\"width: 300px\" class=\"wp-caption alignright\"><a href=\"https:\/\/www.ulisseland.com\/journal\/wp-content\/uploads\/2012\/07\/foto1.jpg\"><img loading=\"lazy\" decoding=\"async\" class=\"size-medium wp-image-4439\" title=\"foto[1]\" src=\"https:\/\/www.ulisseland.com\/journal\/wp-content\/uploads\/2012\/07\/foto1-300x224.jpg\" alt=\"\" width=\"300\" height=\"224\" srcset=\"https:\/\/www.ulisseland.com\/journal\/wp-content\/uploads\/2012\/07\/foto1-300x224.jpg 300w, https:\/\/www.ulisseland.com\/journal\/wp-content\/uploads\/2012\/07\/foto1-600x448.jpg 600w, https:\/\/www.ulisseland.com\/journal\/wp-content\/uploads\/2012\/07\/foto1.jpg 640w\" sizes=\"auto, (max-width: 300px) 100vw, 300px\" \/><\/a><figcaption id=\"caption-attachment-4439\" class=\"wp-caption-text\">L&#39;Eliporto di Ponza<\/figcaption><\/figure>Oltre alla priorit\u00e0 assoluta, il protocollo d\u2019intesa prevede che le chiavi di accesso all\u2019elisuperficie siano consegnate alla rappresentanza dell\u2019Ares sull\u2019isola, al Poliambulatorio, alla Capitaneria di Porto, alla stazione dei Carabinieri e alla Guardia di Finanza. Questo proprio nell\u2019ottica di evitare lungaggini o possibili disguidi che avrebbero potuto pregiudicare l\u2019efficacia e la prontezza del soccorso.<\/p>\n<p>\u201cQuesta intesa mette fine, oltre ai disagi e all\u2019insicurezza patiti da decenni sull\u2019isola, anche ad alcune polemiche strumentali prima e dopo le recenti elezioni comunali, continua il sindaco. Ad esempio quella\u00a0 del consigliere regionale Esterino Montino che paventava chiss\u00e0 quali impedimenti all\u2019Ares di svolgere il suo prezioso servizio, cos\u00ec come quella innescata dal Codacons che confonde le normative di un eliporto con quelle relative ad una elisuperficie.\u00a0 Mette poi anche fine a una collaborazione con la sede dell\u2019Aeronautica a Ponza, che non finiremo mai di ringraziare, che ha messo a disposizione la sua piazzola d\u2019emergenza per l\u2019atterraggio degli elicotteri di soccorso. E conferma infine il ruolo centrale dell\u2019Ares 118 che non si tira mai indietro quando si tratta di difendere gli interessi della gente\u201d.<\/p>\n<p><figure id=\"attachment_4440\" aria-describedby=\"caption-attachment-4440\" style=\"width: 586px\" class=\"wp-caption aligncenter\"><a href=\"https:\/\/www.ulisseland.com\/journal\/wp-content\/uploads\/2012\/07\/foto_71.jpg\"><img loading=\"lazy\" decoding=\"async\" class=\"size-large wp-image-4440\" title=\"foto_7[1]\" src=\"https:\/\/www.ulisseland.com\/journal\/wp-content\/uploads\/2012\/07\/foto_71-1024x764.jpg\" alt=\"\" width=\"586\" height=\"437\" srcset=\"https:\/\/www.ulisseland.com\/journal\/wp-content\/uploads\/2012\/07\/foto_71-1024x764.jpg 1024w, https:\/\/www.ulisseland.com\/journal\/wp-content\/uploads\/2012\/07\/foto_71-300x224.jpg 300w, https:\/\/www.ulisseland.com\/journal\/wp-content\/uploads\/2012\/07\/foto_71-600x448.jpg 600w, https:\/\/www.ulisseland.com\/journal\/wp-content\/uploads\/2012\/07\/foto_71.jpg 1296w\" sizes=\"auto, (max-width: 586px) 100vw, 586px\" \/><\/a><figcaption id=\"caption-attachment-4440\" class=\"wp-caption-text\">L&#39;Eliporto<\/figcaption><\/figure>Il sindaco Vigorelli tiene anche a sottolineare il lavoro compiuto in poco pi\u00f9 di due mesi per assicurare la salute dei ponzesi e degli ospiti dell\u2019isola. Dal 21 giugno l\u2019Ares 118 assicura gratuitamente il trasporto dei dializzati, dopo la precipitosa fuga di una Onlus che prima assicurava questo servizio e che aveva chiesto la triplicazione del\u00a0 contributo comunale. Dal 30 giugno il Poliambulatorio \u00e8 dotato di un eco cardiografo da telemedicina consegnato dal presidente della Provincia Cusani che consente una diagnosi istantanea. Da domani il Comune ricever\u00e0, sempre dalla Provincia,\u00a0 un defibrillatore cardiaco che sar\u00e0 presente in occasione di tutte le manifestazioni culturali o sportive. E ora anche l\u2019elitrasporto giorno e notte atteso da 13 anni.<\/p>\n<p>&nbsp;<\/p>\n<p>IL DIRETTORE \u2013 Dott. Sergio Monforte<\/p>\n<p><a href=\"http:\/\/www.virtualcity3d.it\/dettaglioluogo.aspx?id=103&amp;ddvalue=6&amp;comune=Ponza.db&amp;str=&amp;sferic=6330011_20090715_162050_234375_119528\"><img loading=\"lazy\" decoding=\"async\" class=\"alignleft  wp-image-280\" title=\"Ponza Virtual City 3D\" src=\"https:\/\/www.ulisseland.com\/journal\/wp-content\/uploads\/2012\/02\/Ponza-Virtual-City-3D-e1329904126496.jpg\" alt=\"\" width=\"150\" height=\"144\" \/><\/a><\/p>\n","protected":false},"excerpt":{"rendered":"<p>\u201cDopo 13 anni di progetti, sogni e chiacchiere, da ieri pomeriggio Ponza pu\u00f2 festeggiare una nuova grande svolta per la salute dei suoi cittadini e dei tanti turisti che affollano l\u2019isola\u201d,\u00a0 afferma il sindaco Piero Vigorelli: \u201cDa ieri pomeriggio dall\u2019alba al tramonto e da venerd\u00ec anche nelle ore notturne, i pazienti gravi che hanno bisogno<\/p>\n","protected":false},"author":1,"featured_media":0,"comment_status":"open","ping_status":"open","sticky":false,"template":"","format":"standard","meta":{"footnotes":""},"categories":[18,13,11],"tags":[],"class_list":["post-4438","post","type-post","status-publish","format-standard","hentry","category-comune-di-ponza","category-cronaca","category-enti"],"_links":{"self":[{"href":"https:\/\/www.ulisseland.com\/journal\/wp-json\/wp\/v2\/posts\/4438","targetHints":{"allow":["GET"]}}],"collection":[{"href":"https:\/\/www.ulisseland.com\/journal\/wp-json\/wp\/v2\/posts"}],"about":[{"href":"https:\/\/www.ulisseland.com\/journal\/wp-json\/wp\/v2\/types\/post"}],"author":[{"embeddable":true,"href":"https:\/\/www.ulisseland.com\/journal\/wp-json\/wp\/v2\/users\/1"}],"replies":[{"embeddable":true,"href":"https:\/\/www.ulisseland.com\/journal\/wp-json\/wp\/v2\/comments?post=4438"}],"version-history":[{"count":5,"href":"https:\/\/www.ulisseland.com\/journal\/wp-json\/wp\/v2\/posts\/4438\/revisions"}],"predecessor-version":[{"id":5292,"href":"https:\/\/www.ulisseland.com\/journal\/wp-json\/wp\/v2\/posts\/4438\/revisions\/5292"}],"wp:attachment":[{"href":"https:\/\/www.ulisseland.com\/journal\/wp-json\/wp\/v2\/media?parent=4438"}],"wp:term":[{"taxonomy":"category","embeddable":true,"href":"https:\/\/www.ulisseland.com\/journal\/wp-json\/wp\/v2\/categories?post=4438"},{"taxonomy":"post_tag","embeddable":true,"href":"https:\/\/www.ulisseland.com\/journal\/wp-json\/wp\/v2\/tags?post=4438"}],"curies":[{"name":"wp","href":"https:\/\/api.w.org\/{rel}","templated":true}]}}