{"id":4434,"date":"2012-07-24T22:20:14","date_gmt":"2012-07-24T20:20:14","guid":{"rendered":"http:\/\/www.ulisseland.com\/journal\/?p=4434&#038;lang=it"},"modified":"2016-07-14T08:51:20","modified_gmt":"2016-07-14T06:51:20","slug":"formia-al-via-la-xix-edizione-di-libri-sulla-cresta-dellonda","status":"publish","type":"post","link":"https:\/\/www.ulisseland.com\/journal\/formia-al-via-la-xix-edizione-di-libri-sulla-cresta-dellonda\/","title":{"rendered":"FORMIA: Al via la XIX\u00b0 edizione di \u201cLibri sulla Cresta dell\u2019Onda"},"content":{"rendered":"<p><strong>\u00a0<\/strong><\/p>\n<figure id=\"attachment_4435\" aria-describedby=\"caption-attachment-4435\" style=\"width: 101px\" class=\"wp-caption alignleft\"><a href=\"https:\/\/www.ulisseland.com\/journal\/wp-content\/uploads\/2012\/07\/Totem_LIBRISCO_88x260_cm.jpg\"><img loading=\"lazy\" decoding=\"async\" class=\"size-medium wp-image-4435\" title=\"Totem LIBRISCO (88x260 cm.)\" src=\"https:\/\/www.ulisseland.com\/journal\/wp-content\/uploads\/2012\/07\/Totem_LIBRISCO_88x260_cm-101x300.jpg\" alt=\"\" width=\"101\" height=\"300\" srcset=\"https:\/\/www.ulisseland.com\/journal\/wp-content\/uploads\/2012\/07\/Totem_LIBRISCO_88x260_cm-101x300.jpg 101w, https:\/\/www.ulisseland.com\/journal\/wp-content\/uploads\/2012\/07\/Totem_LIBRISCO_88x260_cm-346x1024.jpg 346w, https:\/\/www.ulisseland.com\/journal\/wp-content\/uploads\/2012\/07\/Totem_LIBRISCO_88x260_cm-600x1774.jpg 600w, https:\/\/www.ulisseland.com\/journal\/wp-content\/uploads\/2012\/07\/Totem_LIBRISCO_88x260_cm.jpg 850w\" sizes=\"auto, (max-width: 101px) 100vw, 101px\" \/><\/a><figcaption id=\"caption-attachment-4435\" class=\"wp-caption-text\">Totem LIBRISCO<\/figcaption><\/figure>\n<p><strong><br \/>\n<\/strong><\/p>\n<p><strong><\/strong>Prende il via, sabato sera, a Formia, nella splendida cornice del Campo olimpionico \u201cBruno Zauli\u201d, la XIX\u00b0 edizione di \u201cLibri sulla Cresta dell\u2019Onda\u201d, la rassegna letteraria del Golfo di Gaeta, che va confermandosi una delle pi\u00f9 longeve del nostro Paese. In questi anni, scrittori provenienti da tutto il mondo ci hanno fornito imperdibili occasioni per riflettere sulla letteratura e sui grandi temi sociali. Le parole ascoltate durante questi incontri sono state in seguito discusse tra amici, nelle scuole, nelle associazioni, costruendo un patrimonio prezioso, fatto di letture condivise, una di quelle rare esperienze che fanno sentire una comunit\u00e0 tale. I luoghi scelti per gli incontri sempre diversi negli anni, siti archeologici o monumentali, luoghi di passaggio come piazze e giardini, sono stati proposti durante le serate in una veste assolutamente nuova, creando cos\u00ec un itinerario insolito. La musica, la recitazione, le arti visive che hanno accompagnato gli appuntamenti letterari e soprattutto la grande partecipazione del pubblico dei lettori contribuiscono a rendere unico ogni evento, suscitando attesa ed emozioni.<\/p>\n<p>Sabato sera, l\u2019appuntamento, come sempre alle ore 21, sar\u00e0 con Gherardo<\/p>\n<p>Colombo e Vito Mancuso.<\/p>\n<p>La passione per la verit\u00e0 e la giustizia, l\u2019educazione alla responsabilit\u00e0, le esigenze<\/p>\n<p>dell\u2019anima: l\u2019incontro rappresenter\u00e0 un\u2019imperdibile occasione per riflettere sulla necessit\u00e0 di vivere un\u2019esistenza autentica, attraverso le parole di due uomini che hanno il coraggio delle proprie idee.<\/p>\n<p>La serata prevede, altres\u00ec, un \u201comaggio musicale di Saba Anglana (voce) e Fabio Barovero (alla fisarmonica).<\/p>\n<p>I successivi appuntamenti di Libri sulla Cresta dell\u2019Onda saranno gioved\u00ec 2 agosto, a Gaeta, nel quartiere medioevale dell\u2019Annunziata, con Veronica Pivetti, Gianrico Carofiglio e Piero Dorfles e luned\u00ec 13 agosto, di nuovo a Formia, presso il centro Coni, con Carlo Lucarelli e Maurizio De Giovanni.<\/p>\n<p>&nbsp;<\/p>\n<p>&nbsp;<\/p>\n<p style=\"text-align: left;\"><strong>Gherardo Colombo<\/strong><\/p>\n<figure id=\"attachment_4419\" aria-describedby=\"caption-attachment-4419\" style=\"width: 320px\" class=\"wp-caption alignright\"><a href=\"https:\/\/www.ulisseland.com\/journal\/wp-content\/uploads\/2012\/07\/colombo.jpg\"><img loading=\"lazy\" decoding=\"async\" class=\"size-full wp-image-4419\" title=\"colombo\" src=\"https:\/\/www.ulisseland.com\/journal\/wp-content\/uploads\/2012\/07\/colombo.jpg\" alt=\"\" width=\"320\" height=\"200\" srcset=\"https:\/\/www.ulisseland.com\/journal\/wp-content\/uploads\/2012\/07\/colombo.jpg 320w, https:\/\/www.ulisseland.com\/journal\/wp-content\/uploads\/2012\/07\/colombo-300x187.jpg 300w\" sizes=\"auto, (max-width: 320px) 100vw, 320px\" \/><\/a><figcaption id=\"caption-attachment-4419\" class=\"wp-caption-text\">GHERARDO COLOMBO<\/figcaption><\/figure>\n<p>Gherardo Colombo nasce a Briasco in provincia di Milano nel 1946. Nel 1974 entra in magistratura e da allora conduce e collabora alle pi\u00f9 grandi inchieste degli ultimi decenni: la Loggia P2, il delitto Ambrosoli, Mani Pulite, i processi Imi-Sir, Lodo Mondadori e Sme. Dal 1989 al 1992 \u00e8 stato consulente per la Commissione parlamentare di inchiesta sul terrorismo in Italia e nel 1993 per quella sulla mafia, Pubblico Ministero presso la procura della Repubblica di Milano e poi giudice di Cassazione. Nel 2007 si \u00e8 dimesso dalla Magistratura intensificando i suoi incontri pubblici (sempre affollatissimi) con i giovani (dalle elementari all\u2019universit\u00e0), ai quali cerca di trasmettere la necessit\u00e0 del rispetto delle regole. La sua vivacit\u00e0 intellettuale, la sua passione per la ricerca e l\u2019impegno lo conducono ad accettare un prestigioso incarico editoriale e diventa presidente della casa editrice Garzanti. \u201c<em>Anche fuori dalle aule di tribunale \u00e8 possibile costruire una cultura della giustizia<\/em>\u201d. E&#8217; appena stato eletto membro del consiglio di amministrazione RAI, su indicazione della societa&#8217; civile, in particolare dall&#8217;associazione Libera di Don Luigi Ciotti. E\u2019 autore di pubblicazioni giuridiche e di molti libri di successo tra cui, per la Feltrinelli, l\u2019autobiografia I<strong>l vizio della memoria<\/strong>, dei saggi\u00a0<strong><em>Sulle regole, <\/em><\/strong>e <strong><em>Le regole spiegate ai bambini<\/em><\/strong>,\u00a0 <strong><em>Democrazia<\/em><\/strong>, per Bollati e Boringhieri, e <strong><em>Il perdono responsabile<\/em><\/strong>, Ponte alle Grazie.<\/p>\n<p>In questo libro illuminante, Gherardo Colombo si chiede se sia possibile pensare a forme diverse di sanzione che coinvolgano vittime e condannati in un processo di concreta responsabililizzazione. A gennaio ha pubblicato con la casa editrice Longanesi\u00a0 <strong><em>Farla franca. La legge \u00e8 uguale per tutti?<\/em><\/strong>, che a vent&#8217; anni di distanza dall&#8217;inizio dell&#8217;inchiesta Mani Pulite ne ripercorre la storia, ne svela retroscena , ma soprattutto suggerisce &#8216;quale via occorre percorrere per cambiare la mentalita&#8217; e la cultura degli italiani che ancora resistono all&#8217;osservanza delle regole&#8217;.<\/p>\n<p>&nbsp;<\/p>\n<p><strong>Vito Mancuso<\/strong><\/p>\n<figure id=\"attachment_4420\" aria-describedby=\"caption-attachment-4420\" style=\"width: 360px\" class=\"wp-caption alignright\"><a href=\"https:\/\/www.ulisseland.com\/journal\/wp-content\/uploads\/2012\/07\/Mancuso1.jpg\"><img loading=\"lazy\" decoding=\"async\" class=\" wp-image-4420 \" title=\"Mancuso1\" src=\"https:\/\/www.ulisseland.com\/journal\/wp-content\/uploads\/2012\/07\/Mancuso1.jpg\" alt=\"\" width=\"360\" height=\"269\" srcset=\"https:\/\/www.ulisseland.com\/journal\/wp-content\/uploads\/2012\/07\/Mancuso1.jpg 600w, https:\/\/www.ulisseland.com\/journal\/wp-content\/uploads\/2012\/07\/Mancuso1-300x224.jpg 300w\" sizes=\"auto, (max-width: 360px) 100vw, 360px\" \/><\/a><figcaption id=\"caption-attachment-4420\" class=\"wp-caption-text\">VITO MANCUSO<\/figcaption><\/figure>\n<p>Vito Mancuso e&#8217; nato a Milano nel 1962,\u00a0 teologo, docente presso la Facolt\u00e0 di Filosofia dell&#8217;Universit\u00e0 San Raffaele di Milano fino al 2011,ed editorialista de &#8216;La Repubblica&#8217;. I suoi scritti hanno suscitato notevole attenzione da parte del pubblico, in particolare <strong>L&#8217;anima e il suo destino<\/strong>, con prefazione di Carlo Maria Martini, un bestseller da oltre centomila copie tradotto all&#8217;estero. \u00c8 oggetto di discussioni e polemiche per le posizioni non sempre allineate con le gerarchie ecclesiastiche, sia in campo etico sia in campo strettamente dogmatico.<\/p>\n<p>Tra le sue pubblicazion<strong>i Il dolore innocente. L&#8217; handicap, la natura e Dio<\/strong>, <strong><em>Disputa su Dio e dintorni<\/em><\/strong> (con Corrado Augias) e <strong>La vita autentica <\/strong>che ha avuto anche un&#8217;edizione audio con prefazione di Lucio Dalla.Per la casa editrice Fazi dirige la collana laica di spiritualita&#8217; e libera ricerca teologica &#8216;Campo di fiori&#8217;. Nel 2011 pubblica presso l&#8217;editore Garzanti, <strong><em>IO E DIO. Una guida dei perplessi.<\/em><\/strong><\/p>\n<p>\u00abMa che cos&#8217;\u00e8 vero, alla fine, di questa vita che se ne va, nessuno sa dove? Rispondere significa parlare di Dio.\u00bb<\/p>\n<p>Io e Dio di Vito Mancuso ruota intorno a questa domanda: una domanda intima, personale, che per\u00f2 coinvolge l&#8217;intera umanit\u00e0, e dunque ciascuno di noi. In questo senso, per ogni uomo che viene sulla terra, cristiano o no, la partita della vita \u00e8 sempre tra io e Dio.<a href=\"https:\/\/www.east-inflatables.com\/Norway\/Buy-Dora-The-Explorer-Moonwalk-101.html\">Dora The Explorer Moonwalk<\/a><\/p>\n<p>Cos\u00ec qualcuno sceglie Dio per disprezzo del mondo, qualcun altro sceglie il mondo per noia di Dio, mentre molti non scelgono n\u00e9 l&#8217;uno n\u00e9 l&#8217;altro, forse perch\u00e9 non avvertono pi\u00f9 quell&#8217;esigenza radicale dell&#8217;anima che qualcuno chiamava \u00abfame e sete di giustizia\u00bb.<\/p>\n<p>In pagine ricche di dottrina e di passione per la verit\u00e0, Vito Mancuso spiega le ragioni della sua fede in Dio,indicando\u00a0la strada verso una fede basata sull&#8217;amore e sul dialogo, sulla libert\u00e0 e sulla giustizia. Da pochi mesi e&#8217; in libreria <strong>Obbedienza e verita<\/strong>&#8216;, Fazi Editore. Questo libro, vero manifesto della teologia di Vito Mancuso, nasce dal suo disagio di vedere la propria Chiesa riproporre una verita&#8217; non al passo con i tempi, prigioniera di una visione superata del mondo e dell&#8217;uomo. Con chiarezza affronta nodi importanti del dibattito odierno: la religione al servizio della politica e il principio di laicita&#8217;,il destino finale tra nulla ed eternita&#8217;, il dialogo tra le religioni e le diverse spiritualita&#8217; del mondo. A tale riguardo la prima indispensabilecondizione e&#8217; la liberta&#8217;, anzitutto della mente. Ma esiste una seconda condizione, altrettanto essenziale,che e&#8217; l&#8217;amore per la verita&#8217;, un amore persino maggiore di quello per la propria liberta&#8217;.<\/p>\n<p>&nbsp;<\/p>\n<p><strong>\u00a0<\/strong><\/p>\n<p><strong>Saba Anglana <\/strong><strong>voce<\/strong><strong><\/strong><\/p>\n<p>Saba Anglana \u00e8 nata a Mogadiscio, da mamma etiope e padre italiano. Si laurea in Storia dell&#8217;Arte, lavora nell&#8217;ambito dell&#8217;editoria e della comunicazione. Parallelamente si occupa di spettacolo, lavorando come attrice in produzioni teatrali e televisive, sviluppando progetti discografici in ambito internazionale. I suoi brani, ispirati dal contatto tra le varie culture di cui e&#8217; figlia,<\/p>\n<p>sono anche inseriti in raccolte di musica di cantanti del calibro di Sally Niolo e Miriam Makeba.<\/p>\n<p>Il suo ultimo album, prodotto e creato con Fabio Barovero, e&#8217; LIFE CHANGANYISHA (la vita ci mescola) nel quale racconta il\u00a0 suo viaggio musicale ed emozionale in\u00a0 East Africa.<\/p>\n<p><strong>Fabio Barovero:\u00a0 <\/strong><strong>fisarmonica<\/strong><\/p>\n<p>IL DIRETTORE Dott. Sergio Monforte<\/p>\n<p>&nbsp;<\/p>\n","protected":false},"excerpt":{"rendered":"<p>\u00a0 Prende il via, sabato sera, a Formia, nella splendida cornice del Campo olimpionico \u201cBruno Zauli\u201d, la XIX\u00b0 edizione di \u201cLibri sulla Cresta dell\u2019Onda\u201d, la rassegna letteraria del Golfo di Gaeta, che va confermandosi una delle pi\u00f9 longeve del nostro Paese. In questi anni, scrittori provenienti da tutto il mondo ci hanno fornito imperdibili occasioni<\/p>\n","protected":false},"author":1,"featured_media":0,"comment_status":"open","ping_status":"open","sticky":false,"template":"","format":"standard","meta":{"footnotes":""},"categories":[32,31],"tags":[],"class_list":["post-4434","post","type-post","status-publish","format-standard","hentry","category-autori","category-libri"],"_links":{"self":[{"href":"https:\/\/www.ulisseland.com\/journal\/wp-json\/wp\/v2\/posts\/4434","targetHints":{"allow":["GET"]}}],"collection":[{"href":"https:\/\/www.ulisseland.com\/journal\/wp-json\/wp\/v2\/posts"}],"about":[{"href":"https:\/\/www.ulisseland.com\/journal\/wp-json\/wp\/v2\/types\/post"}],"author":[{"embeddable":true,"href":"https:\/\/www.ulisseland.com\/journal\/wp-json\/wp\/v2\/users\/1"}],"replies":[{"embeddable":true,"href":"https:\/\/www.ulisseland.com\/journal\/wp-json\/wp\/v2\/comments?post=4434"}],"version-history":[{"count":3,"href":"https:\/\/www.ulisseland.com\/journal\/wp-json\/wp\/v2\/posts\/4434\/revisions"}],"predecessor-version":[{"id":9156,"href":"https:\/\/www.ulisseland.com\/journal\/wp-json\/wp\/v2\/posts\/4434\/revisions\/9156"}],"wp:attachment":[{"href":"https:\/\/www.ulisseland.com\/journal\/wp-json\/wp\/v2\/media?parent=4434"}],"wp:term":[{"taxonomy":"category","embeddable":true,"href":"https:\/\/www.ulisseland.com\/journal\/wp-json\/wp\/v2\/categories?post=4434"},{"taxonomy":"post_tag","embeddable":true,"href":"https:\/\/www.ulisseland.com\/journal\/wp-json\/wp\/v2\/tags?post=4434"}],"curies":[{"name":"wp","href":"https:\/\/api.w.org\/{rel}","templated":true}]}}