{"id":4422,"date":"2012-07-24T21:49:47","date_gmt":"2012-07-24T19:49:47","guid":{"rendered":"http:\/\/www.ulisseland.com\/journal\/?p=4422&#038;lang=it"},"modified":"2012-07-25T19:26:21","modified_gmt":"2012-07-25T17:26:21","slug":"ventotene-sessantanove-anni-fa-la-tragedia-del-santa-lucia-il-piroscafo-fu-affondato-dagli-inglesi-una-strage-solo-due-naufraghi","status":"publish","type":"post","link":"https:\/\/www.ulisseland.com\/journal\/ventotene-sessantanove-anni-fa-la-tragedia-del-santa-lucia-il-piroscafo-fu-affondato-dagli-inglesi-una-strage-solo-due-naufraghi\/","title":{"rendered":"VENTOTENE: Sessantanove anni fa la tragedia del \u00abSanta Lucia\u00bb Il piroscafo fu affondato dagli inglesi: una strage, solo due naufraghi"},"content":{"rendered":"<figure id=\"attachment_4425\" aria-describedby=\"caption-attachment-4425\" style=\"width: 300px\" class=\"wp-caption alignright\"><a href=\"https:\/\/www.ulisseland.com\/journal\/wp-content\/uploads\/2012\/07\/Santa_20Lucia.jpg\"><img loading=\"lazy\" decoding=\"async\" class=\"size-medium wp-image-4425\" title=\"Santa_20Lucia\" src=\"https:\/\/www.ulisseland.com\/journal\/wp-content\/uploads\/2012\/07\/Santa_20Lucia-300x213.jpg\" alt=\"\" width=\"300\" height=\"213\" srcset=\"https:\/\/www.ulisseland.com\/journal\/wp-content\/uploads\/2012\/07\/Santa_20Lucia-300x213.jpg 300w, https:\/\/www.ulisseland.com\/journal\/wp-content\/uploads\/2012\/07\/Santa_20Lucia.jpg 561w\" sizes=\"auto, (max-width: 300px) 100vw, 300px\" \/><\/a><figcaption id=\"caption-attachment-4425\" class=\"wp-caption-text\">L&#39;Imbarcazione &quot;Santa Lucia&quot;<\/figcaption><\/figure>\n<p style=\"text-align: justify;\">Erano le 10,00 circa del 24 Luglio 1943 ed il &#8220;Santa Lucia&#8221;, proveniente da Ponza, navigava a meno di due miglia da Ventotene, nel cui porto doveva attraccare, prima di far rotta su Gaeta, quando all&#8217;orizzonte comparvero quattro aereosiluranti inglesi che piombarono come falchi, sul vecchio ed inerme piroscafo. Il comandante del &#8220;vaporetto&#8221;, Cosimo Simeone, 53 anni di Gaeta, tent\u00f2 di schivare i primi colpi nemici con ripetute accostate, ma, al secondo passaggio aereo, un siluro centr\u00f2 il &#8220;Santa Lucia&#8221; sotto la linea di galleggiamento e lo affond\u00f2 in soli 28 secondi. A bordo c&#8217;erano 78 persone, tra cui 17 membri dell&#8217;equipaggio, un capopezzo e sei marinai addetti al cannoncino 76\/40 del 1917 che non aveva mai sparato un colpo. Solo due si salvarono: il motorista Francesco Aprea ed il mozzo Luigi Ruocco. Ancora oggi, a sessantanove anni di distanza, il nome del &#8220;Santa Lucia&#8221; viene pronunciato con reverenza, dalla popolazione di Ponza e Ventotene e qualche vecchio, parlandone, si fa il segno della croce, perch\u00e8, chi per la perdita del padre, chi del marito, o di un parente, in tanti, sulle isole pontine, possono dire di essere stati colpiti da quella lontana tragedia. E proprio nel sessantanovesimo anniversario dell&#8217;affondamento, il Comitato Famiglie delle Vittime del &#8220;Santa Lucia&#8221; ha indetto una serie di cerimonie commemorative che saranno riprese dal regista Antonio Climati.<\/p>\n<figure id=\"attachment_1868\" aria-describedby=\"caption-attachment-1868\" style=\"width: 250px\" class=\"wp-caption alignright\"><a href=\"https:\/\/www.ulisseland.com\/journal\/wp-content\/uploads\/2012\/05\/Foto-vescovo-Mons.-DOnorio.jpg\"><img loading=\"lazy\" decoding=\"async\" class=\"size-full wp-image-1868\" title=\"Foto vescovo Mons. D'Onorio\" src=\"https:\/\/www.ulisseland.com\/journal\/wp-content\/uploads\/2012\/05\/Foto-vescovo-Mons.-DOnorio.jpg\" alt=\"\" width=\"250\" height=\"312\" \/><\/a><figcaption id=\"caption-attachment-1868\" class=\"wp-caption-text\">L&#39;Arcivescovo Mons. D&#39;Onorio <\/figcaption><\/figure>\n<p>Si comincia, questa mattina, a Ventotene, con una Santa Messa, celebrata da S.E. l&#8217;Arcivescovo di Gaeta, Fabio D\u2019Onorio; poi, deposizione di una corona d\u2019alloro al monumento dedicato al piroscafo &#8220;Santa Lucia&#8221;, nel piazzale antistante la caserma della Guardia di Finanza. L&#8217;opera, in ferro saldato, su disegno dell&#8217;Arch. Antonio Sperduto, rappresenta la prua di una nave che affonda e quindi, partenza della regata velica. Il &#8220;Santa Lucia&#8221; era un vecchio piroscafo a vapore di 452 tonnellate, costruito nel 1912, appartenente alla SPAN (Societ\u00e0 Partenopea di Navigazione) e che veniva affettuosamente chiamato &#8220;il tram di Ponza&#8221;, proprio perch\u00e8, da venticinque anni, collegava, tre volte alla settimana, l&#8217;isola con Ventotene, S.Stefano (dov&#8217;era ancora funzionante il reclusorio) e Gaeta. Il 24 Luglio del 1943, nonostante un attacco premonitore sub\u00ecto il giorno precedente e sventato dalla contraerea di stanza a Ponza, aveva preso il mare, con a bordo anche due giovani coppie di sposi: Vincenzo Piro ed Elena De Filippi, in viaggio di nozze e Vincenzo Schiocco e Lucia Stinga, unitisi in matrimonio appena tre ore prima, proprio per poter prendere il traghetto e raggiungere il continente. Oggi il relitto del &#8220;Santa Lucia&#8221; giace a 52 metri di profondit\u00e0, a circa due miglia a nord-ovest di Punta Eolo<\/p>\n<figure id=\"attachment_4426\" aria-describedby=\"caption-attachment-4426\" style=\"width: 300px\" class=\"wp-caption alignright\"><a href=\"https:\/\/www.ulisseland.com\/journal\/wp-content\/uploads\/2012\/07\/santalucia.jpg\"><img loading=\"lazy\" decoding=\"async\" class=\"size-medium wp-image-4426\" title=\"santalucia\" src=\"https:\/\/www.ulisseland.com\/journal\/wp-content\/uploads\/2012\/07\/santalucia-300x182.jpg\" alt=\"\" width=\"300\" height=\"182\" srcset=\"https:\/\/www.ulisseland.com\/journal\/wp-content\/uploads\/2012\/07\/santalucia-300x182.jpg 300w, https:\/\/www.ulisseland.com\/journal\/wp-content\/uploads\/2012\/07\/santalucia.jpg 511w\" sizes=\"auto, (max-width: 300px) 100vw, 300px\" \/><\/a><figcaption id=\"caption-attachment-4426\" class=\"wp-caption-text\">La &quot;Santa Lucia&quot;<\/figcaption><\/figure>\n<figure id=\"attachment_4424\" aria-describedby=\"caption-attachment-4424\" style=\"width: 142px\" class=\"wp-caption alignleft\"><a href=\"https:\/\/www.ulisseland.com\/journal\/wp-content\/uploads\/2012\/07\/capsimeonecosimo.jpg\"><img loading=\"lazy\" decoding=\"async\" class=\"wp-image-4424  \" title=\"capsimeonecosimo\" src=\"https:\/\/www.ulisseland.com\/journal\/wp-content\/uploads\/2012\/07\/capsimeonecosimo-150x150.jpg\" alt=\"\" width=\"142\" height=\"142\" srcset=\"https:\/\/www.ulisseland.com\/journal\/wp-content\/uploads\/2012\/07\/capsimeonecosimo-150x150.jpg 150w, https:\/\/www.ulisseland.com\/journal\/wp-content\/uploads\/2012\/07\/capsimeonecosimo-50x50.jpg 50w\" sizes=\"auto, (max-width: 142px) 100vw, 142px\" \/><\/a><figcaption id=\"caption-attachment-4424\" class=\"wp-caption-text\">Il Capitano Cosimo Simeone<\/figcaption><\/figure>\n<p>&nbsp;<\/p>\n<div class=\"mceTemp\">\n<dl id=\"attachment_4424\" class=\"wp-caption alignleft\" style=\"width: 160px;\">\n<dd class=\"wp-caption-dd\"><\/dd>\n<\/dl>\n<\/div>\n<p>&nbsp;<\/p>\n<p>&nbsp;<\/p>\n<p>&nbsp;<\/p>\n<p>&nbsp;<\/p>\n<p>&nbsp;<\/p>\n<p>&nbsp;<\/p>\n<p>IL DIRETTORE &#8211; Dott. Sergio Monforte<\/p>\n","protected":false},"excerpt":{"rendered":"<p>Erano le 10,00 circa del 24 Luglio 1943 ed il &#8220;Santa Lucia&#8221;, proveniente da Ponza, navigava a meno di due miglia da Ventotene, nel cui porto doveva attraccare, prima di far rotta su Gaeta, quando all&#8217;orizzonte comparvero quattro aereosiluranti inglesi che piombarono come falchi, sul vecchio ed inerme piroscafo. Il comandante del &#8220;vaporetto&#8221;, Cosimo Simeone,<\/p>\n","protected":false},"author":1,"featured_media":0,"comment_status":"open","ping_status":"open","sticky":false,"template":"","format":"standard","meta":{"footnotes":""},"categories":[14,18,38,10,11],"tags":[],"class_list":["post-4422","post","type-post","status-publish","format-standard","hentry","category-comune-di-formia","category-comune-di-ponza","category-comune-di-ventotene","category-editoriale","category-enti"],"_links":{"self":[{"href":"https:\/\/www.ulisseland.com\/journal\/wp-json\/wp\/v2\/posts\/4422","targetHints":{"allow":["GET"]}}],"collection":[{"href":"https:\/\/www.ulisseland.com\/journal\/wp-json\/wp\/v2\/posts"}],"about":[{"href":"https:\/\/www.ulisseland.com\/journal\/wp-json\/wp\/v2\/types\/post"}],"author":[{"embeddable":true,"href":"https:\/\/www.ulisseland.com\/journal\/wp-json\/wp\/v2\/users\/1"}],"replies":[{"embeddable":true,"href":"https:\/\/www.ulisseland.com\/journal\/wp-json\/wp\/v2\/comments?post=4422"}],"version-history":[{"count":4,"href":"https:\/\/www.ulisseland.com\/journal\/wp-json\/wp\/v2\/posts\/4422\/revisions"}],"predecessor-version":[{"id":4450,"href":"https:\/\/www.ulisseland.com\/journal\/wp-json\/wp\/v2\/posts\/4422\/revisions\/4450"}],"wp:attachment":[{"href":"https:\/\/www.ulisseland.com\/journal\/wp-json\/wp\/v2\/media?parent=4422"}],"wp:term":[{"taxonomy":"category","embeddable":true,"href":"https:\/\/www.ulisseland.com\/journal\/wp-json\/wp\/v2\/categories?post=4422"},{"taxonomy":"post_tag","embeddable":true,"href":"https:\/\/www.ulisseland.com\/journal\/wp-json\/wp\/v2\/tags?post=4422"}],"curies":[{"name":"wp","href":"https:\/\/api.w.org\/{rel}","templated":true}]}}