{"id":4410,"date":"2012-07-24T18:13:41","date_gmt":"2012-07-24T16:13:41","guid":{"rendered":"http:\/\/www.ulisseland.com\/journal\/?p=4410&#038;lang=it"},"modified":"2012-07-26T10:22:14","modified_gmt":"2012-07-26T08:22:14","slug":"50-dal-raggeo-1962-lucia-vendittis-5-b-196162-in-ricordo-del-marito-vittorio-pannone","status":"publish","type":"post","link":"https:\/\/www.ulisseland.com\/journal\/50-dal-raggeo-1962-lucia-vendittis-5-b-196162-in-ricordo-del-marito-vittorio-pannone\/","title":{"rendered":"50\u00b0 dal RAGGEO 1962 \u2013 Lucia VENDITTIS (5 B 1961\/62) in ricordo del Marito Vittorio PANNONE"},"content":{"rendered":"<figure id=\"attachment_4414\" aria-describedby=\"caption-attachment-4414\" style=\"width: 300px\" class=\"wp-caption alignleft\"><a href=\"https:\/\/www.ulisseland.com\/journal\/wp-content\/uploads\/2012\/07\/IMG_0261.jpg\"><img loading=\"lazy\" decoding=\"async\" class=\"size-medium wp-image-4414\" title=\"IMG_0261\" src=\"https:\/\/www.ulisseland.com\/journal\/wp-content\/uploads\/2012\/07\/IMG_0261-300x200.jpg\" alt=\"\" width=\"300\" height=\"200\" srcset=\"https:\/\/www.ulisseland.com\/journal\/wp-content\/uploads\/2012\/07\/IMG_0261-300x200.jpg 300w, https:\/\/www.ulisseland.com\/journal\/wp-content\/uploads\/2012\/07\/IMG_0261-1024x682.jpg 1024w, https:\/\/www.ulisseland.com\/journal\/wp-content\/uploads\/2012\/07\/IMG_0261-600x400.jpg 600w\" sizes=\"auto, (max-width: 300px) 100vw, 300px\" \/><\/a><figcaption id=\"caption-attachment-4414\" class=\"wp-caption-text\">Lucia Vendittis alla Festa del RAGGEO 2012<\/figcaption><\/figure>\n<figure id=\"attachment_4415\" aria-describedby=\"caption-attachment-4415\" style=\"width: 300px\" class=\"wp-caption alignright\"><a href=\"https:\/\/www.ulisseland.com\/journal\/wp-content\/uploads\/2012\/07\/IMG_0213.jpg\"><img loading=\"lazy\" decoding=\"async\" class=\"size-medium wp-image-4415 \" title=\"IMG_0213\" src=\"https:\/\/www.ulisseland.com\/journal\/wp-content\/uploads\/2012\/07\/IMG_0213-300x200.jpg\" alt=\"\" width=\"300\" height=\"200\" srcset=\"https:\/\/www.ulisseland.com\/journal\/wp-content\/uploads\/2012\/07\/IMG_0213-300x200.jpg 300w, https:\/\/www.ulisseland.com\/journal\/wp-content\/uploads\/2012\/07\/IMG_0213-1024x682.jpg 1024w, https:\/\/www.ulisseland.com\/journal\/wp-content\/uploads\/2012\/07\/IMG_0213-600x400.jpg 600w\" sizes=\"auto, (max-width: 300px) 100vw, 300px\" \/><\/a><figcaption id=\"caption-attachment-4415\" class=\"wp-caption-text\">Lucia con i colleghi alla Messa in suffraggio<\/figcaption><\/figure>\n<p>&nbsp;<\/p>\n<p>&nbsp;<\/p>\n<p>&nbsp;<\/p>\n<p>&nbsp;<\/p>\n<p>&nbsp;<\/p>\n<p>&nbsp;<\/p>\n<p>&nbsp;<\/p>\n<p>&nbsp;<\/p>\n<p>Lucia Vendittis ha conseguito il Diploma di Maturit\u00e0 Commerciale nell\u2019Anno Scolastico 1961\/62 \u2013 avendo frequentato la Classe 5 B Istituto Tecnico Statale Gaetano Filangieri di Formia . Lucia \u00e8 rimasta Orfana del Pap\u00e0 &#8211; come tanti di noi &#8211; a causa della 2^ guerra mondiale &#8211; infatti \u00e8 stata condotta all&#8217;altare per il suo matrimonio dallo Zio come si vede nelle foto.<\/p>\n<figure id=\"attachment_4413\" aria-describedby=\"caption-attachment-4413\" style=\"width: 227px\" class=\"wp-caption alignleft\"><a href=\"https:\/\/www.ulisseland.com\/journal\/wp-content\/uploads\/2012\/07\/Lucia-Vendittis-il-giorno-delle-nozze.jpg\"><img loading=\"lazy\" decoding=\"async\" class=\"size-medium wp-image-4413\" title=\"Lucia Vendittis il giorno delle nozze\" src=\"https:\/\/www.ulisseland.com\/journal\/wp-content\/uploads\/2012\/07\/Lucia-Vendittis-il-giorno-delle-nozze-227x300.jpg\" alt=\"\" width=\"227\" height=\"300\" srcset=\"https:\/\/www.ulisseland.com\/journal\/wp-content\/uploads\/2012\/07\/Lucia-Vendittis-il-giorno-delle-nozze-227x300.jpg 227w, https:\/\/www.ulisseland.com\/journal\/wp-content\/uploads\/2012\/07\/Lucia-Vendittis-il-giorno-delle-nozze-774x1024.jpg 774w, https:\/\/www.ulisseland.com\/journal\/wp-content\/uploads\/2012\/07\/Lucia-Vendittis-il-giorno-delle-nozze-600x792.jpg 600w\" sizes=\"auto, (max-width: 227px) 100vw, 227px\" \/><\/a><figcaption id=\"caption-attachment-4413\" class=\"wp-caption-text\">Lucia Vendittis il giorno delle nozze con lo Zio che l&#39;accompagna in Chiesa<\/figcaption><\/figure>\n<figure id=\"attachment_4411\" aria-describedby=\"caption-attachment-4411\" style=\"width: 226px\" class=\"wp-caption alignright\"><a href=\"https:\/\/www.ulisseland.com\/journal\/wp-content\/uploads\/2012\/07\/Lucia-Vendittis-il-giorno-delle-nozze_1.jpg\"><img loading=\"lazy\" decoding=\"async\" class=\"size-medium wp-image-4411\" title=\"Lucia Vendittis il giorno delle nozze_1\" src=\"https:\/\/www.ulisseland.com\/journal\/wp-content\/uploads\/2012\/07\/Lucia-Vendittis-il-giorno-delle-nozze_1-226x300.jpg\" alt=\"\" width=\"226\" height=\"300\" srcset=\"https:\/\/www.ulisseland.com\/journal\/wp-content\/uploads\/2012\/07\/Lucia-Vendittis-il-giorno-delle-nozze_1-226x300.jpg 226w, https:\/\/www.ulisseland.com\/journal\/wp-content\/uploads\/2012\/07\/Lucia-Vendittis-il-giorno-delle-nozze_1-771x1024.jpg 771w, https:\/\/www.ulisseland.com\/journal\/wp-content\/uploads\/2012\/07\/Lucia-Vendittis-il-giorno-delle-nozze_1-600x795.jpg 600w\" sizes=\"auto, (max-width: 226px) 100vw, 226px\" \/><\/a><figcaption id=\"caption-attachment-4411\" class=\"wp-caption-text\">Lucia con lo Zio ed il Paggetto (speciale) Nipotino Gianluca<\/figcaption><\/figure>\n<p>Lucia sposata con il Geom. VITTORIO PANNONE \u00a0&#8211; ha avuto due figlie ANNALISA (41 anni) nubile \u2013 \u00e8 Insegnante di Scuole Elementari di Ruolo; ALESSANDRA (36 anni)\u00a0 lavora con la qualifica di Assistente Sociale presso una struttura locale.\u00a0 Alessandra ha dato la gioia a Lucia di essere felice Nonna di un bel maschietto \u2013 ANDREA \u2013 che ha 16 anni e il prossimo settembre frequenter\u00e0 il 3\u00b0\u00a0 anno Istituto Tecnico Commerciale \u201cG. Filangieri\u201d di Formia.(Come si vede sulle \u201corme\u201d di Nonna Lucia.<\/p>\n<p>Il Geom. Vittorio Pannone ha conosciuto Lucia\u00a0 mentre svolgeva le funzioni di direzione del cantiere della Strada Statale Formia-Cassino dell\u2019Impresa Giustino di Napoli. Successivamente \u00e8 diventato funzionario della USL LT\/6 (1983) nei servizi di Igiene Ambientale , dal cui Ente \u00e8 stato collocato a riposo nel 2000. Vittorio Pannone (Classe 1937) \u00e8 deceduto a 68 anni il 30 settembre 2005 dopo un non breve periodo di malattia seguito con amore da Lucia.<\/p>\n<figure id=\"attachment_4412\" aria-describedby=\"caption-attachment-4412\" style=\"width: 586px\" class=\"wp-caption alignright\"><a href=\"https:\/\/www.ulisseland.com\/journal\/wp-content\/uploads\/2012\/07\/3-Lucia-Vendittis-gruppo-di-famiglia.jpg\"><img loading=\"lazy\" decoding=\"async\" class=\"size-large wp-image-4412\" title=\"3-Lucia Vendittis - gruppo di famiglia\" src=\"https:\/\/www.ulisseland.com\/journal\/wp-content\/uploads\/2012\/07\/3-Lucia-Vendittis-gruppo-di-famiglia-1024x789.jpg\" alt=\"\" width=\"586\" height=\"451\" srcset=\"https:\/\/www.ulisseland.com\/journal\/wp-content\/uploads\/2012\/07\/3-Lucia-Vendittis-gruppo-di-famiglia-1024x789.jpg 1024w, https:\/\/www.ulisseland.com\/journal\/wp-content\/uploads\/2012\/07\/3-Lucia-Vendittis-gruppo-di-famiglia-300x231.jpg 300w, https:\/\/www.ulisseland.com\/journal\/wp-content\/uploads\/2012\/07\/3-Lucia-Vendittis-gruppo-di-famiglia-600x462.jpg 600w\" sizes=\"auto, (max-width: 586px) 100vw, 586px\" \/><\/a><figcaption id=\"caption-attachment-4412\" class=\"wp-caption-text\">Da sin. La Cara Mamma Giuseppina, Lucia, il Marito Vittorio Pannone, i Cugini Pasqualino e Rosetta, ed il piccolo nipotino Gianluca il giorno delle nozze<\/figcaption><\/figure>\n<p>Ora Lucia vive nella sua casa di Minturno dopo essere stata collocata a riposo \u2013 ininterrottamente dipendente prima dell\u2019Ospedale Civile di Minturno e successivamente \u2013 dal 1980 della ASL LT\/6. E\u2019 molto legata alla famiglia del Cugino Pasquale Esposito che tutti abbiamo conosciuto nelle funzioni di Diacono della Diocesi di Gaeta, nel corso della celebrazione della SS. Messa nella Chiesa del Santuario della Madonna del Piano di Ausonia (Fr).<\/p>\n<figure id=\"attachment_4416\" aria-describedby=\"caption-attachment-4416\" style=\"width: 300px\" class=\"wp-caption alignright\"><a href=\"https:\/\/www.ulisseland.com\/journal\/wp-content\/uploads\/2012\/07\/IMG_0208.jpg\"><img loading=\"lazy\" decoding=\"async\" class=\"size-medium wp-image-4416 \" title=\"IMG_0208\" src=\"https:\/\/www.ulisseland.com\/journal\/wp-content\/uploads\/2012\/07\/IMG_0208-300x200.jpg\" alt=\"\" width=\"300\" height=\"200\" srcset=\"https:\/\/www.ulisseland.com\/journal\/wp-content\/uploads\/2012\/07\/IMG_0208-300x200.jpg 300w, https:\/\/www.ulisseland.com\/journal\/wp-content\/uploads\/2012\/07\/IMG_0208-1024x682.jpg 1024w, https:\/\/www.ulisseland.com\/journal\/wp-content\/uploads\/2012\/07\/IMG_0208-600x400.jpg 600w\" sizes=\"auto, (max-width: 300px) 100vw, 300px\" \/><\/a><figcaption id=\"caption-attachment-4416\" class=\"wp-caption-text\">Il Cugino Pasquale Esposito nelle funzioni di Diacono nel Santuario della Madonna del Piano di Ausonia (Fr)<\/figcaption><\/figure>\n<figure id=\"attachment_4457\" aria-describedby=\"caption-attachment-4457\" style=\"width: 300px\" class=\"wp-caption alignleft\"><a href=\"https:\/\/www.ulisseland.com\/journal\/wp-content\/uploads\/2012\/07\/Vittorio-Pannone-e-Nipotino.jpg\"><img loading=\"lazy\" decoding=\"async\" class=\"size-medium wp-image-4457\" title=\"Vittorio Pannone con il Nipotino Andrea\" src=\"https:\/\/www.ulisseland.com\/journal\/wp-content\/uploads\/2012\/07\/Vittorio-Pannone-e-Nipotino-300x202.jpg\" alt=\"\" width=\"300\" height=\"202\" srcset=\"https:\/\/www.ulisseland.com\/journal\/wp-content\/uploads\/2012\/07\/Vittorio-Pannone-e-Nipotino-300x202.jpg 300w, https:\/\/www.ulisseland.com\/journal\/wp-content\/uploads\/2012\/07\/Vittorio-Pannone-e-Nipotino-1024x691.jpg 1024w, https:\/\/www.ulisseland.com\/journal\/wp-content\/uploads\/2012\/07\/Vittorio-Pannone-e-Nipotino-600x405.jpg 600w\" sizes=\"auto, (max-width: 300px) 100vw, 300px\" \/><\/a><figcaption id=\"caption-attachment-4457\" class=\"wp-caption-text\">Vittorio Pannone con il Nipotino Andrea<\/figcaption><\/figure>\n<p>&nbsp;<\/p>\n<p>&nbsp;<\/p>\n<p>&nbsp;<\/p>\n<p>&nbsp;<\/p>\n<p>&nbsp;<\/p>\n<p>&nbsp;<\/p>\n<p>&nbsp;<\/p>\n<p>&nbsp;<\/p>\n<p>LA \u00a0REDAZIONE &#8211; Luigi Cocomello<\/p>\n","protected":false},"excerpt":{"rendered":"<p>&nbsp; &nbsp; &nbsp; &nbsp; &nbsp; &nbsp; &nbsp; &nbsp; Lucia Vendittis ha conseguito il Diploma di Maturit\u00e0 Commerciale nell\u2019Anno Scolastico 1961\/62 \u2013 avendo frequentato la Classe 5 B Istituto Tecnico Statale Gaetano Filangieri di Formia . Lucia \u00e8 rimasta Orfana del Pap\u00e0 &#8211; come tanti di noi &#8211; a causa della 2^ guerra mondiale &#8211; infatti<\/p>\n","protected":false},"author":1,"featured_media":0,"comment_status":"open","ping_status":"open","sticky":false,"template":"","format":"standard","meta":{"footnotes":""},"categories":[27,28,11,48],"tags":[],"class_list":["post-4410","post","type-post","status-publish","format-standard","hentry","category-comune-di-minturno","category-comune-di-spigno-saturnia","category-enti","category-50-raggeo"],"_links":{"self":[{"href":"https:\/\/www.ulisseland.com\/journal\/wp-json\/wp\/v2\/posts\/4410","targetHints":{"allow":["GET"]}}],"collection":[{"href":"https:\/\/www.ulisseland.com\/journal\/wp-json\/wp\/v2\/posts"}],"about":[{"href":"https:\/\/www.ulisseland.com\/journal\/wp-json\/wp\/v2\/types\/post"}],"author":[{"embeddable":true,"href":"https:\/\/www.ulisseland.com\/journal\/wp-json\/wp\/v2\/users\/1"}],"replies":[{"embeddable":true,"href":"https:\/\/www.ulisseland.com\/journal\/wp-json\/wp\/v2\/comments?post=4410"}],"version-history":[{"count":6,"href":"https:\/\/www.ulisseland.com\/journal\/wp-json\/wp\/v2\/posts\/4410\/revisions"}],"predecessor-version":[{"id":4460,"href":"https:\/\/www.ulisseland.com\/journal\/wp-json\/wp\/v2\/posts\/4410\/revisions\/4460"}],"wp:attachment":[{"href":"https:\/\/www.ulisseland.com\/journal\/wp-json\/wp\/v2\/media?parent=4410"}],"wp:term":[{"taxonomy":"category","embeddable":true,"href":"https:\/\/www.ulisseland.com\/journal\/wp-json\/wp\/v2\/categories?post=4410"},{"taxonomy":"post_tag","embeddable":true,"href":"https:\/\/www.ulisseland.com\/journal\/wp-json\/wp\/v2\/tags?post=4410"}],"curies":[{"name":"wp","href":"https:\/\/api.w.org\/{rel}","templated":true}]}}