{"id":4345,"date":"2012-07-23T12:24:09","date_gmt":"2012-07-23T10:24:09","guid":{"rendered":"http:\/\/www.ulisseland.com\/journal\/?p=4345&#038;lang=it"},"modified":"2012-11-30T12:46:57","modified_gmt":"2012-11-30T11:46:57","slug":"ponza-insediato-il-nuovo-consiglio-direttivo-della-comunita-di-arcipelago-2","status":"publish","type":"post","link":"https:\/\/www.ulisseland.com\/journal\/ponza-insediato-il-nuovo-consiglio-direttivo-della-comunita-di-arcipelago-2\/","title":{"rendered":"PONZA: Insediato il nuovo consiglio direttivo della Comunit\u00e0 di Arcipelago"},"content":{"rendered":"<figure id=\"attachment_4347\" aria-describedby=\"caption-attachment-4347\" style=\"width: 221px\" class=\"wp-caption alignleft\"><a href=\"https:\/\/www.ulisseland.com\/journal\/wp-content\/uploads\/2012\/07\/Ponza-porto1.jpg\"><img loading=\"lazy\" decoding=\"async\" class=\"size-medium wp-image-4347\" title=\"Ponza porto1\" src=\"https:\/\/www.ulisseland.com\/journal\/wp-content\/uploads\/2012\/07\/Ponza-porto1-221x300.jpg\" alt=\"\" width=\"221\" height=\"300\" srcset=\"https:\/\/www.ulisseland.com\/journal\/wp-content\/uploads\/2012\/07\/Ponza-porto1-221x300.jpg 221w, https:\/\/www.ulisseland.com\/journal\/wp-content\/uploads\/2012\/07\/Ponza-porto1.jpg 545w\" sizes=\"auto, (max-width: 221px) 100vw, 221px\" \/><\/a><figcaption id=\"caption-attachment-4347\" class=\"wp-caption-text\">Ponza vista dal Porto<\/figcaption><\/figure>\n<figure id=\"attachment_4348\" aria-describedby=\"caption-attachment-4348\" style=\"width: 300px\" class=\"wp-caption alignright\"><a href=\"https:\/\/www.ulisseland.com\/journal\/wp-content\/uploads\/2012\/07\/Ventotene11.jpg\"><img loading=\"lazy\" decoding=\"async\" class=\"size-medium wp-image-4348\" title=\"Ventotene1\" src=\"https:\/\/www.ulisseland.com\/journal\/wp-content\/uploads\/2012\/07\/Ventotene11-300x205.jpg\" alt=\"\" width=\"300\" height=\"205\" srcset=\"https:\/\/www.ulisseland.com\/journal\/wp-content\/uploads\/2012\/07\/Ventotene11-300x205.jpg 300w, https:\/\/www.ulisseland.com\/journal\/wp-content\/uploads\/2012\/07\/Ventotene11-600x410.jpg 600w, https:\/\/www.ulisseland.com\/journal\/wp-content\/uploads\/2012\/07\/Ventotene11.jpg 694w\" sizes=\"auto, (max-width: 300px) 100vw, 300px\" \/><\/a><figcaption id=\"caption-attachment-4348\" class=\"wp-caption-text\">Ventotene vista dal Porto<\/figcaption><\/figure>\n<p>Si \u00e8 finalmente insediato il nuovo Consiglio direttivo della Comunit\u00e0 di Arcipelago delle isole ponziane, l&#8217;Ente infracomunale costituito nel 2002 con l&#8217;obiettivo di sensibilizzare le popolazioni isolane, recuperane le tradizioni storico-culturali e risolvere le problematiche comuni ai territori, quali: trasporti, sanit\u00e0, energia, acqua.<\/p>\n<p>La Comunit\u00e0ha un consiglio direttivo paritetico e garantisce uguale rappresentanza ai Comuni di Ponza e Ventotene che esprimono tre consiglieri ciascuno, rispettivamente due per la maggioranza ed uno per la minoranza di governo.<\/p>\n<p>Nell&#8217;ultimo periodo, L&#8217;Ente \u00e8 stato commissariato dalla Regione Lazio che ha nominato il dott. Guastini quale garante della normale amministrazione.<\/p>\n<p>Dopo la tornata elettorale ponzese che ha sancito la vittoria della compagine guidata dal dott. Piero Vigorelli, il sindaco ventotenese, Giuseppe Assenso ha riallacciato i rapporti, da sempre cordiali con l&#8217;isola cugina ed insieme al collega Vigorelli, hanno delineato un percorso di ricostituzione degli organi rappresentativi della Comunit\u00e0 di Arcipleago delle Isole Ponziane.<\/p>\n<p>I consigli Comunali delle isole hanno indicati come rappresentati Umberto Assenso ed Umberto Langella (per la maggioranza) e Daniele Coraggio (consigliere indipendente) dell&#8217;isola di Ventotene.<\/p>\n<p>L\u2019amministrazione ponzese ha indicato quali rappresentati della Comunit\u00e0 Maria Claudia Sandolo, Francesco Ambrosino ed Antonio Balzano, rispettivamente espressione della maggioranza e minoranza locale.<\/p>\n<p>&nbsp;<\/p>\n<p>Il consiglio direttivo comunitario, insediatosi lo scorso 12 luglio ha quindi elettola Giuntache sar\u00e0 presieduta dal ventotenese Daniele Coraggio, eletto con 4 voti su sei a disposizione.<\/p>\n<figure id=\"attachment_4346\" aria-describedby=\"caption-attachment-4346\" style=\"width: 150px\" class=\"wp-caption alignright\"><a href=\"https:\/\/www.ulisseland.com\/journal\/wp-content\/uploads\/2012\/07\/Daniele-Coraggio.jpg\"><img loading=\"lazy\" decoding=\"async\" class=\"size-thumbnail wp-image-4346\" title=\"Daniele Coraggio\" src=\"https:\/\/www.ulisseland.com\/journal\/wp-content\/uploads\/2012\/07\/Daniele-Coraggio-150x150.jpg\" alt=\"\" width=\"150\" height=\"150\" srcset=\"https:\/\/www.ulisseland.com\/journal\/wp-content\/uploads\/2012\/07\/Daniele-Coraggio-150x150.jpg 150w, https:\/\/www.ulisseland.com\/journal\/wp-content\/uploads\/2012\/07\/Daniele-Coraggio-50x50.jpg 50w\" sizes=\"auto, (max-width: 150px) 100vw, 150px\" \/><\/a><figcaption id=\"caption-attachment-4346\" class=\"wp-caption-text\">Il neo - presidente Daniele Coraggio<\/figcaption><\/figure>\n<p>Gli assessori, tutti ponzesi, sono Maria Claudia Sandolo e Francesco Ambrosino, mentre presidente del consiglio \u00e8 Antonio Balzano.<\/p>\n<p>Soddisfazione \u00e8 stata espressa dai sindaci Assenso e Vigorelli, poich\u00e9 l&#8217;elezione di Coraggio \u00e8 stata il frutto di un confronto dialettico e politico che ha riavvicinato le isole in un periodo particolarmente delicato per tutta la nazione.<\/p>\n<p>\u201cE&#8217; un impegno importante e mi auguro di essere un presidente di garanzia e di lavorare per il bene dei territori isolani. Sono Ventotenese di nascita e rispetto i miei paesani allo stesso modo dei miei \u201ccugini\u201d isolani. Sin da bambino frequentavo l&#8217;isola di Ponza e la reputo la mia seconda casa. Il compito che mi \u00e8 stato affidato \u00e8 difficile, poich\u00e8 la situazione economica del paese \u00e8 delicata, ma cercher\u00f2 di trovare una soluzione condivisa per la risoluzione della questione dei dipendenti in carico all&#8217;Ente comunitario, tutelando i dipendenti e cercando soluzioni di mobilit\u00e0 o valide alternative. La giunta composta da giovani ponzesi, mi aiuter\u00e0 nell&#8217;opera di \u201csvecchiamento\u201d dell&#8217;Ente, avviando una seria campagna di sensibilizzazione su alcune tematiche comuni, quali l&#8217;ambiente, la promozione turistica, la fruizione dei territori ed il recupero delle tradizioni isolane&#8221;.<\/p>\n<p>Il Direttore<\/p>\n<p>Dott. Sergio Monforte<\/p>\n<p><a href=\"http:\/\/www.virtualcity3d.it\/dettaglioluogo.aspx?id=55&amp;ddvalue=6&amp;comune=Ponza.db&amp;str=&amp;sferic=6330011_20090715_150902_015625_11193\"><img loading=\"lazy\" decoding=\"async\" class=\"alignleft  wp-image-280\" title=\"Ponza Virtual City 3D\" src=\"https:\/\/www.ulisseland.com\/journal\/wp-content\/uploads\/2012\/02\/Ponza-Virtual-City-3D-e1329904126496.jpg\" alt=\"\" width=\"150\" height=\"144\" \/><\/a><\/p>\n","protected":false},"excerpt":{"rendered":"<p>Si \u00e8 finalmente insediato il nuovo Consiglio direttivo della Comunit\u00e0 di Arcipelago delle isole ponziane, l&#8217;Ente infracomunale costituito nel 2002 con l&#8217;obiettivo di sensibilizzare le popolazioni isolane, recuperane le tradizioni storico-culturali e risolvere le problematiche comuni ai territori, quali: trasporti, sanit\u00e0, energia, acqua. La Comunit\u00e0ha un consiglio direttivo paritetico e garantisce uguale rappresentanza ai Comuni<\/p>\n","protected":false},"author":1,"featured_media":0,"comment_status":"open","ping_status":"open","sticky":false,"template":"","format":"standard","meta":{"footnotes":""},"categories":[18,38,11],"tags":[],"class_list":["post-4345","post","type-post","status-publish","format-standard","hentry","category-comune-di-ponza","category-comune-di-ventotene","category-enti"],"_links":{"self":[{"href":"https:\/\/www.ulisseland.com\/journal\/wp-json\/wp\/v2\/posts\/4345","targetHints":{"allow":["GET"]}}],"collection":[{"href":"https:\/\/www.ulisseland.com\/journal\/wp-json\/wp\/v2\/posts"}],"about":[{"href":"https:\/\/www.ulisseland.com\/journal\/wp-json\/wp\/v2\/types\/post"}],"author":[{"embeddable":true,"href":"https:\/\/www.ulisseland.com\/journal\/wp-json\/wp\/v2\/users\/1"}],"replies":[{"embeddable":true,"href":"https:\/\/www.ulisseland.com\/journal\/wp-json\/wp\/v2\/comments?post=4345"}],"version-history":[{"count":3,"href":"https:\/\/www.ulisseland.com\/journal\/wp-json\/wp\/v2\/posts\/4345\/revisions"}],"predecessor-version":[{"id":5294,"href":"https:\/\/www.ulisseland.com\/journal\/wp-json\/wp\/v2\/posts\/4345\/revisions\/5294"}],"wp:attachment":[{"href":"https:\/\/www.ulisseland.com\/journal\/wp-json\/wp\/v2\/media?parent=4345"}],"wp:term":[{"taxonomy":"category","embeddable":true,"href":"https:\/\/www.ulisseland.com\/journal\/wp-json\/wp\/v2\/categories?post=4345"},{"taxonomy":"post_tag","embeddable":true,"href":"https:\/\/www.ulisseland.com\/journal\/wp-json\/wp\/v2\/tags?post=4345"}],"curies":[{"name":"wp","href":"https:\/\/api.w.org\/{rel}","templated":true}]}}