{"id":4337,"date":"2012-07-23T11:57:22","date_gmt":"2012-07-23T09:57:22","guid":{"rendered":"http:\/\/www.ulisseland.com\/journal\/?p=4337&#038;lang=it"},"modified":"2012-07-23T11:57:22","modified_gmt":"2012-07-23T09:57:22","slug":"comune-di-formia-la-maggioranza-per-la-continuita-e-la-stabilita-amministrativa","status":"publish","type":"post","link":"https:\/\/www.ulisseland.com\/journal\/comune-di-formia-la-maggioranza-per-la-continuita-e-la-stabilita-amministrativa\/","title":{"rendered":"COMUNE DI FORMIA: La maggioranza per la continuit\u00e0 e la stabilit\u00e0 amministrativa"},"content":{"rendered":"<figure id=\"attachment_4338\" aria-describedby=\"caption-attachment-4338\" style=\"width: 480px\" class=\"wp-caption alignleft\"><a href=\"https:\/\/www.ulisseland.com\/journal\/wp-content\/uploads\/2012\/07\/foto_sindaco_Forte.jpg\"><img loading=\"lazy\" decoding=\"async\" class=\"size-full wp-image-4338\" title=\"foto_sindaco_Forte\" src=\"https:\/\/www.ulisseland.com\/journal\/wp-content\/uploads\/2012\/07\/foto_sindaco_Forte.jpg\" alt=\"\" width=\"480\" height=\"640\" srcset=\"https:\/\/www.ulisseland.com\/journal\/wp-content\/uploads\/2012\/07\/foto_sindaco_Forte.jpg 480w, https:\/\/www.ulisseland.com\/journal\/wp-content\/uploads\/2012\/07\/foto_sindaco_Forte-225x300.jpg 225w\" sizes=\"auto, (max-width: 480px) 100vw, 480px\" \/><\/a><figcaption id=\"caption-attachment-4338\" class=\"wp-caption-text\">Il Sindaco Sen. Michele Forte<\/figcaption><\/figure>\n<p>Una riunione di maggioranza proficua e positiva all\u2019insegna della piena collaborazione ed unit\u00e0 d\u2019intenti sulla linea programmatica ed amministrativa del sindaco Forte. Questo il senso dell\u2019incontro svoltosi nella serata di ieri che ha fatto registrare la presenza di tutte le forze politiche della coalizione di governo cittadino tra cui &#8211; da sottolineare &#8211; anche il gruppo consiliare degli Autonomi.<\/p>\n<p>Tra i punti discussi la riconferma delle presidenze e composizione delle 12 commissioni consiliari a dimostrazione della continuit\u00e0 e condivisione\u00a0 di un\u2019azione amministrativa finalizzata a portare a termine la consiliatura con maggiori stimoli e motivazioni, nel rispetto del programma elettorale assunto con gli elettori. \u201c E\u2019 stato un incontro positivo \u2013 spiega il sindaco Forte \u2013 un confronto aperto e sereno sui principali punti dell\u2019attivit\u00e0 amministrativa. Una conferma sulla stabilit\u00e0 e la tenuta di una maggioranza unita e coesa che ci consente di affrontare con tranquillit\u00e0 i futuri impegni che ci attendono. Abbiamo concordato di tenere per marted\u00ec \u2013 24 luglio &#8211; una conferenza dei capigruppo in vista della convocazione di un apposito consiglio comunale da tenersi all\u2019inizio del mese di agosto. Le commissioni consiliari, che in questi mesi hanno continuato a lavorare, sono state sollecitate ad intensificare l\u2019attivit\u00e0 in maniera da consentire all\u2019esecutivo ed al Consiglio di predisporre atti amministrativi supportati dai pareri di legittimit\u00e0 degli organismi collegiali. Una riunione proficua \u2013 conclude il sindaco \u2013 che conferma e rafforza la linea di questa amministrazione in un momento in cui si registrano crisi in quasi tutti i governi locali del territorio pontino\u201d.<\/p>\n<p>L\u2019aspetto pi\u00f9 rilevante che assume anche un significato politico riguarda la riconferma di quattro presidenze al gruppo degli Autonomi: Giovanni Valerio al Turismo e politiche del mare; Pietro De Meo alla Cultura e scuola; Sabino Delle Donne alle attivit\u00e0 produttive e Maurizio Tallerini alla sanit\u00e0. Un riconoscimento al ruolo ed alle funzioni di una forza importante e qualificata all\u2019interno della coalizione di maggioranza di governo.<\/p>\n","protected":false},"excerpt":{"rendered":"<p>Una riunione di maggioranza proficua e positiva all\u2019insegna della piena collaborazione ed unit\u00e0 d\u2019intenti sulla linea programmatica ed amministrativa del sindaco Forte. Questo il senso dell\u2019incontro svoltosi nella serata di ieri che ha fatto registrare la presenza di tutte le forze politiche della coalizione di governo cittadino tra cui &#8211; da sottolineare &#8211; anche il<\/p>\n","protected":false},"author":1,"featured_media":0,"comment_status":"open","ping_status":"open","sticky":false,"template":"","format":"standard","meta":{"footnotes":""},"categories":[14,11],"tags":[],"class_list":["post-4337","post","type-post","status-publish","format-standard","hentry","category-comune-di-formia","category-enti"],"_links":{"self":[{"href":"https:\/\/www.ulisseland.com\/journal\/wp-json\/wp\/v2\/posts\/4337","targetHints":{"allow":["GET"]}}],"collection":[{"href":"https:\/\/www.ulisseland.com\/journal\/wp-json\/wp\/v2\/posts"}],"about":[{"href":"https:\/\/www.ulisseland.com\/journal\/wp-json\/wp\/v2\/types\/post"}],"author":[{"embeddable":true,"href":"https:\/\/www.ulisseland.com\/journal\/wp-json\/wp\/v2\/users\/1"}],"replies":[{"embeddable":true,"href":"https:\/\/www.ulisseland.com\/journal\/wp-json\/wp\/v2\/comments?post=4337"}],"version-history":[{"count":2,"href":"https:\/\/www.ulisseland.com\/journal\/wp-json\/wp\/v2\/posts\/4337\/revisions"}],"predecessor-version":[{"id":4340,"href":"https:\/\/www.ulisseland.com\/journal\/wp-json\/wp\/v2\/posts\/4337\/revisions\/4340"}],"wp:attachment":[{"href":"https:\/\/www.ulisseland.com\/journal\/wp-json\/wp\/v2\/media?parent=4337"}],"wp:term":[{"taxonomy":"category","embeddable":true,"href":"https:\/\/www.ulisseland.com\/journal\/wp-json\/wp\/v2\/categories?post=4337"},{"taxonomy":"post_tag","embeddable":true,"href":"https:\/\/www.ulisseland.com\/journal\/wp-json\/wp\/v2\/tags?post=4337"}],"curies":[{"name":"wp","href":"https:\/\/api.w.org\/{rel}","templated":true}]}}