{"id":4332,"date":"2012-07-23T11:51:18","date_gmt":"2012-07-23T09:51:18","guid":{"rendered":"http:\/\/www.ulisseland.com\/journal\/?p=4332&#038;lang=it"},"modified":"2012-07-23T11:53:08","modified_gmt":"2012-07-23T09:53:08","slug":"formia-lassessore-cardillo-cupo-indice-una-conferenza-dei-sindaci-sui-trasporti","status":"publish","type":"post","link":"https:\/\/www.ulisseland.com\/journal\/formia-lassessore-cardillo-cupo-indice-una-conferenza-dei-sindaci-sui-trasporti\/","title":{"rendered":"FORMIA: L\u2019assessore Cardillo Cupo indice una Conferenza dei Sindaci sui trasporti"},"content":{"rendered":"<figure id=\"attachment_4333\" aria-describedby=\"caption-attachment-4333\" style=\"width: 219px\" class=\"wp-caption alignleft\"><a href=\"https:\/\/www.ulisseland.com\/journal\/wp-content\/uploads\/2012\/07\/assessore_CARDILLO_CUPO_Pasquale.jpg\"><img loading=\"lazy\" decoding=\"async\" class=\"size-medium wp-image-4333\" title=\"assessore_CARDILLO_CUPO_Pasquale\" src=\"https:\/\/www.ulisseland.com\/journal\/wp-content\/uploads\/2012\/07\/assessore_CARDILLO_CUPO_Pasquale-219x300.jpg\" alt=\"\" width=\"219\" height=\"300\" srcset=\"https:\/\/www.ulisseland.com\/journal\/wp-content\/uploads\/2012\/07\/assessore_CARDILLO_CUPO_Pasquale-219x300.jpg 219w, https:\/\/www.ulisseland.com\/journal\/wp-content\/uploads\/2012\/07\/assessore_CARDILLO_CUPO_Pasquale-750x1024.jpg 750w, https:\/\/www.ulisseland.com\/journal\/wp-content\/uploads\/2012\/07\/assessore_CARDILLO_CUPO_Pasquale-600x818.jpg 600w, https:\/\/www.ulisseland.com\/journal\/wp-content\/uploads\/2012\/07\/assessore_CARDILLO_CUPO_Pasquale.jpg 1229w\" sizes=\"auto, (max-width: 219px) 100vw, 219px\" \/><\/a><figcaption id=\"caption-attachment-4333\" class=\"wp-caption-text\">L&#39;Assessore Pasquale Cardillo Cupo<\/figcaption><\/figure>\n<p>Si \u00e8 riunita nei giorni scorso la commissione Trasporti del Comune di Formia per valutare la situazione del capolinea dei pullman dopo la presa di posizione dell\u2019Assessore Cardillo Cupo, che esternava forti perplessit\u00e0 sulla ulteriore prosecuzione del mantenimento in via XXIV Maggio, sebbene per i soli bus Formia &#8211; Gaeta.<\/p>\n<p>Ci\u00f2 infatti creava disagi eccessivi ai cittadini residenti in loco e non garantiva, secondo Cardillo Cupo, le necessarie condizioni di sicurezza.<\/p>\n<p>La commissione, presieduta da Antonio Miele, ha avallato l \u2019operato e le iniziative\u00a0 dell \u2019 Assessore ed ha auspicato un rapido spostamento di tutti i bus in Piazzale Amerigo Vespucci, per il quale diviene doveroso instaurare un servizio navetta permanente, dando altres\u00ec incarico ai competenti Uffici ed ai tecnici di verificare la possibilit\u00e0 di spostare il capolinea in altre aree della citt\u00e0, tra cui il Molo Azzurra.<\/p>\n<p>A tal proposito l \u2019 Assessore Cupo ha inoltre evidenziato la volont\u00e0 di organizzare una Conferenza di tutti i Sindaci del Comprensorio, da Terracina a Castelforte, ovvero di tutti i comuni che fanno scalo nella citt\u00e0 di Formia, per garantire ai pendolari la possibilit\u00e0 di recarsi alla stazione ferroviaria per prendere il treno ; infatti, secondo l \u2019 Assessore, Formia ed i suoi cittadini non possono pi\u00f9 sopportare da soli i costi ambientali, di vivibilit\u00e0 ed economici dell \u2019 intero comprensorio.<\/p>\n<p>Tutti assolutamente favorevoli alla instaurazione del bus navetta, ma Cardillo Cupo ha sottolineato come oramai le casse del solo Comune di Formia non consentano pi\u00f9 la possibilit\u00e0 di sobbarcarsi oneri annuali di questo tipo, n\u00e9 \u00e8 assolutamente possibile sottrarre fondi destinati alla citt\u00e0 per istituire un servizio la cui maggiore fruibilit\u00e0 ed utilit\u00e0 \u00e8 di tutta evidenza riservata ai Comuni limitrofi.<\/p>\n<p>Secondo l \u2019Assessore, quindi, \u00e8 oramai giunto il momento concreto che tutti si prenda contezza del problema e della necessit\u00e0 di risolverlo prontamente, essendo necessario ripartire gli oneri del bus navetta tra tutti i Comuni del Comprensorio, ovviamente secondo debite proporzioni, cos\u00ec da poter garantire a tutti i cittadini dei vari Comuni un servizio efficiente e funzionale.<\/p>\n<p>Tale iniziativa dell \u2019 Assessore Cardillo Cupo \u00e8 stata prontamente e pienamente\u00a0 condivisa dalla Commissione Trasporti, tanto che l \u2019Avv. Cardillo Cupo ho immediatamente provveduto a convocare per Gioved\u00ec 26 Luglio, alle ore 17, una Conferenza con tutti i Sindaci del Comprensorio o di loro delegati alTrasporto ed alla Mobilit\u00e0, presso la Sala Consiliare del Comune di Formia, al fine di rendere note le problematiche Trasporti e Mobilit\u00e0 e trovare un punto di incontro concreto ed immediato.<\/p>\n<p>IL DIRETTORE &#8211; Dott. Sergio Monforte<\/p>\n","protected":false},"excerpt":{"rendered":"<p>Si \u00e8 riunita nei giorni scorso la commissione Trasporti del Comune di Formia per valutare la situazione del capolinea dei pullman dopo la presa di posizione dell\u2019Assessore Cardillo Cupo, che esternava forti perplessit\u00e0 sulla ulteriore prosecuzione del mantenimento in via XXIV Maggio, sebbene per i soli bus Formia &#8211; Gaeta. Ci\u00f2 infatti creava disagi eccessivi<\/p>\n","protected":false},"author":1,"featured_media":0,"comment_status":"open","ping_status":"open","sticky":false,"template":"","format":"standard","meta":{"footnotes":""},"categories":[14,11],"tags":[],"class_list":["post-4332","post","type-post","status-publish","format-standard","hentry","category-comune-di-formia","category-enti"],"_links":{"self":[{"href":"https:\/\/www.ulisseland.com\/journal\/wp-json\/wp\/v2\/posts\/4332","targetHints":{"allow":["GET"]}}],"collection":[{"href":"https:\/\/www.ulisseland.com\/journal\/wp-json\/wp\/v2\/posts"}],"about":[{"href":"https:\/\/www.ulisseland.com\/journal\/wp-json\/wp\/v2\/types\/post"}],"author":[{"embeddable":true,"href":"https:\/\/www.ulisseland.com\/journal\/wp-json\/wp\/v2\/users\/1"}],"replies":[{"embeddable":true,"href":"https:\/\/www.ulisseland.com\/journal\/wp-json\/wp\/v2\/comments?post=4332"}],"version-history":[{"count":3,"href":"https:\/\/www.ulisseland.com\/journal\/wp-json\/wp\/v2\/posts\/4332\/revisions"}],"predecessor-version":[{"id":4335,"href":"https:\/\/www.ulisseland.com\/journal\/wp-json\/wp\/v2\/posts\/4332\/revisions\/4335"}],"wp:attachment":[{"href":"https:\/\/www.ulisseland.com\/journal\/wp-json\/wp\/v2\/media?parent=4332"}],"wp:term":[{"taxonomy":"category","embeddable":true,"href":"https:\/\/www.ulisseland.com\/journal\/wp-json\/wp\/v2\/categories?post=4332"},{"taxonomy":"post_tag","embeddable":true,"href":"https:\/\/www.ulisseland.com\/journal\/wp-json\/wp\/v2\/tags?post=4332"}],"curies":[{"name":"wp","href":"https:\/\/api.w.org\/{rel}","templated":true}]}}