{"id":4319,"date":"2012-07-23T11:31:11","date_gmt":"2012-07-23T09:31:11","guid":{"rendered":"http:\/\/www.ulisseland.com\/journal\/?p=4319&#038;lang=it"},"modified":"2012-07-23T11:37:24","modified_gmt":"2012-07-23T09:37:24","slug":"comune-di-gaeta-per-ranucci-un-bilancio-equilibrato-ed-orientato-al-welfare","status":"publish","type":"post","link":"https:\/\/www.ulisseland.com\/journal\/comune-di-gaeta-per-ranucci-un-bilancio-equilibrato-ed-orientato-al-welfare\/","title":{"rendered":"COMUNE DI GAETA: Per Ranucci un bilancio equilibrato ed orientato al welfare"},"content":{"rendered":"<figure id=\"attachment_4320\" aria-describedby=\"caption-attachment-4320\" style=\"width: 300px\" class=\"wp-caption alignleft\"><a href=\"https:\/\/www.ulisseland.com\/journal\/wp-content\/uploads\/2012\/07\/Santini_e_Ranucci.jpg\"><img loading=\"lazy\" decoding=\"async\" class=\"size-medium wp-image-4320\" title=\"Santini_e_Ranucci\" src=\"https:\/\/www.ulisseland.com\/journal\/wp-content\/uploads\/2012\/07\/Santini_e_Ranucci-300x225.jpg\" alt=\"\" width=\"300\" height=\"225\" srcset=\"https:\/\/www.ulisseland.com\/journal\/wp-content\/uploads\/2012\/07\/Santini_e_Ranucci-300x225.jpg 300w, https:\/\/www.ulisseland.com\/journal\/wp-content\/uploads\/2012\/07\/Santini_e_Ranucci-600x450.jpg 600w, https:\/\/www.ulisseland.com\/journal\/wp-content\/uploads\/2012\/07\/Santini_e_Ranucci.jpg 640w\" sizes=\"auto, (max-width: 300px) 100vw, 300px\" \/><\/a><figcaption id=\"caption-attachment-4320\" class=\"wp-caption-text\">L&#39;Assessore Regionale Santini, con l&#39;assessore comunale di Gaeta, Ranucci.<\/figcaption><\/figure>\n<p>\u00abNon sono bastati a Raimondi cinque anni di non-governo per capire che la vacuit\u00e0 della sua programmazione: ora, coadiuvato dal suo ex assessore al bilancio Cardi, si erge a stratega della finanza locale. Ma se questi grandi esperti di finanza locale fossero stati davvero cos\u00ec bravi, e se davvero avessero avuto a cuore il bene dei cittadini, perch\u00e9 non hanno approvato il loro bilancio di previsione 2012 prima delle elezioni? Hanno dimenticato i due che ogni anno i loro bilanci di previsione venivano approvati dietro sollecitazioni del prefetto? Lo scorso anno lo hanno approvato il 22 agosto\u00bb. Cos\u00ec commenta sarcasticamente le esternazioni di Raimondi e di Cardi il consigliere comunale del Pdl Pasquale Ranucci il quale spiega che \u00abla manovra di bilancio approvata nell\u2019ultimo Consiglio comunale \u00e8 molto equilibrata. E, nonostante gli aumenti previsti dalla tassazione nazionale, la manovra attua una redistribuzione della ricchezza e favorisce le fasce sociali pi\u00f9 deboli, le famiglie e le politiche scolastiche. Naturalmente tenendo ben presente sia l\u2019attuale livello di indebitamento ereditato che l\u2019anticipazione di cassa di \u20ac 3.200.000 euro: altro che risanamento di bilancio! Per non parlare della ricostituzione dei mutui, come i 2 milioni e 400 mila euro che Raimondi aveva tolto al cimitero e che Mitrano ha invece ripristinato per la realizzazione della cappella cimiteriale di S. Francesco\u00bb.<\/p>\n<p>\u00abL\u2019Amministrazione Mitrano \u2013 osserva Ranucci \u2013 \u00e8 stata costretta ad apportare alcuni aumenti sulla tassazione scaturite anche alle politiche scellerate della vecchia maggioranza civica raimondina che ha prosciugato le casse comunali. Il tasso di copertura del servizio Tarsu ora \u00e8 del 100% mentre per l\u2019Amministrazione Raimondi era del 93% a fronte per\u00f2 di una gestione che arrivava a poco pi\u00f9 dell\u201988%. Sull\u2019Imu, l\u2019Amministrazione Mitrano ha mantenuto l\u2019aliquota pi\u00f9 bassa sulla prima casa in considerazione anche della detrazione prevista che di fatto neutralizza l\u2019imposta. \u00c8 stata poi prevista la riduzione di un punto dell\u2019aliquota per le case concesse in uso gratuito a parenti residenti entro il terzo grado e per gli immobili commerciali\u00bb.<\/p>\n<p>Sulla Cosap Ranucci sottolinea che \u00e8 stata votata l\u2019esenzione per un anno per le nuove imprese su tutto il territorio cittadino: cosa ben diversa dalla tassa sull\u2019ombra, sulla tenda o sul morto. Nonostante i trasferimenti statali siano stati tagliati per oltre 1.700.000 euro, si prevista una definizione agevolata dei tributi locali senza ulteriori costi, interessi e sanzioni per far emergere spontaneamente vecchie noie del passato in maniera da poterle regolarizzare. Sono stati approvati emendamenti sulla tassa di soggiorno limitata al periodo da aprile a settembre per favorire una pi\u00f9 oculata destagionalizzazione.<\/p>\n<p>Sul versante delle uscite Ranucci parla di una vera e propria rivoluzione: \u00absono state riorganizzate in maniera oculata le spese volte all\u2019ottimizzazione dei servizi erogati, tagliandone alcune ma salvaguardando le spese sociali ed il welfare, la famiglia e le politiche scolastiche. Le nostre spese servono veramente al rilancio della citt\u00e0\u00bb. E conclude ricordando il taglio del 10% delle indennit\u00e0 dei consiglieri e degli assessori nonch\u00e9 la rinuncia del sindaco Mitrano e del presidente del consiglio Coscione alla propria indennit\u00e0 per il 2012\u00bb.<\/p>\n<p>IL DIRETTORE Dott. Sergio Monforte<\/p>\n","protected":false},"excerpt":{"rendered":"<p>\u00abNon sono bastati a Raimondi cinque anni di non-governo per capire che la vacuit\u00e0 della sua programmazione: ora, coadiuvato dal suo ex assessore al bilancio Cardi, si erge a stratega della finanza locale. Ma se questi grandi esperti di finanza locale fossero stati davvero cos\u00ec bravi, e se davvero avessero avuto a cuore il bene<\/p>\n","protected":false},"author":1,"featured_media":0,"comment_status":"open","ping_status":"open","sticky":false,"template":"","format":"standard","meta":{"footnotes":""},"categories":[20,11],"tags":[],"class_list":["post-4319","post","type-post","status-publish","format-standard","hentry","category-comune-di-gaeta","category-enti"],"_links":{"self":[{"href":"https:\/\/www.ulisseland.com\/journal\/wp-json\/wp\/v2\/posts\/4319","targetHints":{"allow":["GET"]}}],"collection":[{"href":"https:\/\/www.ulisseland.com\/journal\/wp-json\/wp\/v2\/posts"}],"about":[{"href":"https:\/\/www.ulisseland.com\/journal\/wp-json\/wp\/v2\/types\/post"}],"author":[{"embeddable":true,"href":"https:\/\/www.ulisseland.com\/journal\/wp-json\/wp\/v2\/users\/1"}],"replies":[{"embeddable":true,"href":"https:\/\/www.ulisseland.com\/journal\/wp-json\/wp\/v2\/comments?post=4319"}],"version-history":[{"count":3,"href":"https:\/\/www.ulisseland.com\/journal\/wp-json\/wp\/v2\/posts\/4319\/revisions"}],"predecessor-version":[{"id":4324,"href":"https:\/\/www.ulisseland.com\/journal\/wp-json\/wp\/v2\/posts\/4319\/revisions\/4324"}],"wp:attachment":[{"href":"https:\/\/www.ulisseland.com\/journal\/wp-json\/wp\/v2\/media?parent=4319"}],"wp:term":[{"taxonomy":"category","embeddable":true,"href":"https:\/\/www.ulisseland.com\/journal\/wp-json\/wp\/v2\/categories?post=4319"},{"taxonomy":"post_tag","embeddable":true,"href":"https:\/\/www.ulisseland.com\/journal\/wp-json\/wp\/v2\/tags?post=4319"}],"curies":[{"name":"wp","href":"https:\/\/api.w.org\/{rel}","templated":true}]}}