{"id":4286,"date":"2012-07-21T17:34:24","date_gmt":"2012-07-21T15:34:24","guid":{"rendered":"http:\/\/www.ulisseland.com\/journal\/?p=4286&#038;lang=it"},"modified":"2012-07-21T17:43:15","modified_gmt":"2012-07-21T15:43:15","slug":"eliana-rossi-rivista-controluce-intervista-a-ninnj-di-stefano-busa-giugno-2012","status":"publish","type":"post","link":"https:\/\/www.ulisseland.com\/journal\/eliana-rossi-rivista-controluce-intervista-a-ninnj-di-stefano-busa-giugno-2012\/","title":{"rendered":"ELIANA  ROSSI &#8220;Rivista Controluce&#8221;: INTERVISTA a NINNJ DI STEFANO BUSA&#8217; , giugno 2012"},"content":{"rendered":"<figure id=\"attachment_2266\" aria-describedby=\"caption-attachment-2266\" style=\"width: 267px\" class=\"wp-caption alignleft\"><a href=\"https:\/\/www.ulisseland.com\/journal\/wp-content\/uploads\/2012\/05\/ninnj-di-stefano-bus\u00e0.jpg\"><img loading=\"lazy\" decoding=\"async\" class=\"size-medium wp-image-2266\" title=\"ninnj di stefano bus\u00e0\" src=\"https:\/\/www.ulisseland.com\/journal\/wp-content\/uploads\/2012\/05\/ninnj-di-stefano-bus\u00e0-267x300.jpg\" alt=\"\" width=\"267\" height=\"300\" srcset=\"https:\/\/www.ulisseland.com\/journal\/wp-content\/uploads\/2012\/05\/ninnj-di-stefano-bus\u00e0-267x300.jpg 267w, https:\/\/www.ulisseland.com\/journal\/wp-content\/uploads\/2012\/05\/ninnj-di-stefano-bus\u00e0.jpg 439w\" sizes=\"auto, (max-width: 267px) 100vw, 267px\" \/><\/a><figcaption id=\"caption-attachment-2266\" class=\"wp-caption-text\">Ninnj Di Stefano Bus\u00e0<\/figcaption><\/figure>\n<p>E&#8217; fresco di stampa l&#8217;ultimo libro della grande scrittrice dal titolo: IL SOGNO E LA SUA INFINITEZZA , Ed. Tracce con la prefazione di Walter Mauro. Poetessa, critico, saggista e giornalista, l&#8217;autrice \u00e8 tra le pi\u00f9 rappresentative della cultura dei ns. giorni e apprezzata scrittrice a livello internazionale (ha ricevuto l&#8217;onorificenza di, equivalente al ns. cavalierato dal Consolato Gen. dell&#8217;Ecuador. Ha conseguito il Premio alla Letteratura dal SADE Societad Argentina de Escritores di Buenos Aires e innumerevoli altri riconoscimenti.<\/p>\n<p>Domanda: il suo ultimo libro evca un&#8217;immagine suggestiva, inafferrabile, quasi effimera. Che cos\u00e8 il sogno nella sua poesia?<\/p>\n<p>Risposta: il sogno, come simbolo di un&#8217; (ir)realt\u00e0 in cui viviamo \u00e8 una sorta di vita parallela, e quindi quell&#8217;irrealt\u00e0 prossima alla vita vera, che noi teniamo dentro e che ci attrae pi\u00f9 della stessa vita reale, perch\u00e9 veniamo coinvolti dalle varie forme d&#8217;arti che ci migliorano e ci arricchiscono, ci rendono esseri umani con tutte le caratteristiche della creativit\u00e0, dell&#8217;intellettualit\u00e0.<\/p>\n<p>Domanda: in una sua intervista parafrasando Dostoewskij ha detto: &#8221; La poesia non salver\u00e0 il mondo&#8221; ma &#8220;il mondo salver\u00e0 la poesia&#8221;. Di che cosa ha bisogno oggi la poesia per sopravvivere?<\/p>\n<p>Risposta: la Poesia non ha bisogno di nulla, Essa \u00e8, questo basta. Sopravvive a se stessa in quanto \u00e8 l&#8217;anima che parla, semmai \u00e8 il pensiero che la segue passo passo, Per\u00f2 in questo mondo cos\u00ec improbabile, tormentato e complesso, noi abbiamo bisogno di un ideale, e nella Poesia questo viene rintracciato, portato alla luce. Come dicevo prima \u00e8 una vita parallela che viviamo all&#8217;interno del ns. essere, che ci d\u00e0 una sorta di conforto, di speranza che la vita non \u00e8 tuta invasiva, distruttiva. Noi abbiamo bisogno di sognare, cos\u00ec come di respirare. Nel sogno, nella sua infinitezza, io rispecchio il mito della vita che si rinnova, che cerca un suo sbocco per sopravvivere a questa lordura, a questa combinazione di problematiche, di dissidi, di frantumazione&#8230;<\/p>\n<p>Domanda: alcuni giovani oggi scrivono poesia soprattutto come cantautori nei testi.<\/p>\n<figure id=\"attachment_4289\" aria-describedby=\"caption-attachment-4289\" style=\"width: 224px\" class=\"wp-caption alignright\"><a href=\"https:\/\/www.ulisseland.com\/journal\/wp-content\/uploads\/2012\/07\/NinnjDiStefano-Il-sogno.jpg\"><img loading=\"lazy\" decoding=\"async\" class=\"size-medium wp-image-4289\" title=\"NinnjDiStefano Il sogno\" src=\"https:\/\/www.ulisseland.com\/journal\/wp-content\/uploads\/2012\/07\/NinnjDiStefano-Il-sogno-224x300.jpg\" alt=\"\" width=\"224\" height=\"300\" srcset=\"https:\/\/www.ulisseland.com\/journal\/wp-content\/uploads\/2012\/07\/NinnjDiStefano-Il-sogno-224x300.jpg 224w, https:\/\/www.ulisseland.com\/journal\/wp-content\/uploads\/2012\/07\/NinnjDiStefano-Il-sogno.jpg 470w\" sizes=\"auto, (max-width: 224px) 100vw, 224px\" \/><\/a><figcaption id=\"caption-attachment-4289\" class=\"wp-caption-text\">LIBRO - &quot;Il sogno e l&#39;infinitezza&quot; di Ninnj Di Stefano Bus\u00e0<\/figcaption><\/figure>\n<p>Qual&#8217;\u00e8 il consiglio che pu\u00f2 dare a coloro che non leggono poesia perch\u00e9 non sono stati educati alla lettura dei versi?<\/p>\n<p>Risposta: smontiamo subito l&#8217;idea che i giovani oggi non sono coinvolti. Quest&#8217;anno sono stata incaricata da diversi Direttori didattici a portare la Poesia tra le medie e le primarie. E&#8217; stato un progetto grandioso, di cui vado fiera, perch\u00e9 i giovani hanno necessit\u00e0 di respirare aria pulita, avere ideali, modelli che non trovano nella societ\u00e0 di oggi, ragione per cui, viene a cadere ogni risorsa morale e intellettuale e rimane solo la contraddizione del vivere. Questa condizione li porta a non avere futuro, a non sperare, ed essere fortemente delusi. Dobbiamo avvicinare i ragazzi, a prediligere la poesia, ad amarla, perch\u00e9 amandola trovano la via del bene, della bellezza verso se stessi e il mondo. Potrebbe apparire retorica, ma i ragazzi mi aspettano con ansia, sono fiduciosi in questo modello di scrittura che anima la loro fantasia, mi attendono entusiasti di poter scrivere qualche verso ed \u00e8 un piacere sentirli appassionare alla Poesia. Ascoltano attentamente la lettura di altri poeti, fanno confronti, si arricchiscono intellettualemnte.<br \/>\nPer moltissimi anni ho tenuto Corsi di Poetica e di Letteratura Italiana all&#8217;Universit\u00e0 Terza, non avevo mai portato in classi secondarie la scrittura poetica, sono orgogliosa di saper trasferire la poesia in condizioni di apprendistato nelle classi inferiori e medie, ne sono stata molto soddisfatta.<\/p>\n<p>Domanda: lei si interessa anche di Scienza dell&#8217;Alimentazione, quando l&#8217;arte della cucina si combina con quella letteraria, vi sono affinit\u00e0 tra loro?<\/p>\n<p>Risposta: vi trovo compatibilit\u00e0 e armonia. Non \u00e8 solo il corpo che deve nutrirsi ma anche l&#8217;anima, il pensiero, l&#8217;intelletto, le due discipline sono complementari, parallele se sta bene il corpo sta bene anche la mente e viceversa. Tutto nella vita \u00e8 armonia, i latini dicevano: &#8220;mens sana in corpore sano&#8221; Non occorre solo mangiare allo stato brado per sopravvivere, ma mangiare per il piacere di mangiare, alimentarsi bene, con cibi sani e con gusto, ecco perch\u00e9 la Scienza alimentare \u00e8 una disciplina che va di pari passo con la Letteratura, la Filosofia e molte altre discipline in generale, possono armonizzarsi tra loro e far vivere meglio l&#8217;individuo nel mondo.<\/p>\n<p>LA REDAZIONE<\/p>\n","protected":false},"excerpt":{"rendered":"<p>E&#8217; fresco di stampa l&#8217;ultimo libro della grande scrittrice dal titolo: IL SOGNO E LA SUA INFINITEZZA , Ed. Tracce con la prefazione di Walter Mauro. Poetessa, critico, saggista e giornalista, l&#8217;autrice \u00e8 tra le pi\u00f9 rappresentative della cultura dei ns. giorni e apprezzata scrittrice a livello internazionale (ha ricevuto l&#8217;onorificenza di, equivalente al ns.<\/p>\n","protected":false},"author":1,"featured_media":0,"comment_status":"open","ping_status":"open","sticky":false,"template":"","format":"standard","meta":{"footnotes":""},"categories":[32,12,31,1],"tags":[],"class_list":["post-4286","post","type-post","status-publish","format-standard","hentry","category-autori","category-cultura","category-libri","category-senza-categoria"],"_links":{"self":[{"href":"https:\/\/www.ulisseland.com\/journal\/wp-json\/wp\/v2\/posts\/4286","targetHints":{"allow":["GET"]}}],"collection":[{"href":"https:\/\/www.ulisseland.com\/journal\/wp-json\/wp\/v2\/posts"}],"about":[{"href":"https:\/\/www.ulisseland.com\/journal\/wp-json\/wp\/v2\/types\/post"}],"author":[{"embeddable":true,"href":"https:\/\/www.ulisseland.com\/journal\/wp-json\/wp\/v2\/users\/1"}],"replies":[{"embeddable":true,"href":"https:\/\/www.ulisseland.com\/journal\/wp-json\/wp\/v2\/comments?post=4286"}],"version-history":[{"count":3,"href":"https:\/\/www.ulisseland.com\/journal\/wp-json\/wp\/v2\/posts\/4286\/revisions"}],"predecessor-version":[{"id":4290,"href":"https:\/\/www.ulisseland.com\/journal\/wp-json\/wp\/v2\/posts\/4286\/revisions\/4290"}],"wp:attachment":[{"href":"https:\/\/www.ulisseland.com\/journal\/wp-json\/wp\/v2\/media?parent=4286"}],"wp:term":[{"taxonomy":"category","embeddable":true,"href":"https:\/\/www.ulisseland.com\/journal\/wp-json\/wp\/v2\/categories?post=4286"},{"taxonomy":"post_tag","embeddable":true,"href":"https:\/\/www.ulisseland.com\/journal\/wp-json\/wp\/v2\/tags?post=4286"}],"curies":[{"name":"wp","href":"https:\/\/api.w.org\/{rel}","templated":true}]}}